{"id":5556,"date":"2024-03-15T20:22:43","date_gmt":"2024-03-15T19:22:43","guid":{"rendered":"https:\/\/zyciebrzeska.pl\/?p=5556"},"modified":"2024-03-15T20:22:45","modified_gmt":"2024-03-15T19:22:45","slug":"podlosc-i-s","status":"publish","type":"post","link":"https:\/\/zyciebrzeska.pl\/?p=5556","title":{"rendered":"Pod\u0142o\u015b\u0107 i S&#8230;&#8230;."},"content":{"rendered":"\n<p>Listy kandydat\u00f3w do rad wszelkiego stopnia zarejestrowane. Tym samym kolejny etap procesu wyborczego zako\u0144czony. Przed nami trzy tygodnie wojny plakatowej. Jako\u015b to przetrwamy. W ka\u017cdym razie emocji nam brakowa\u0107 nie b\u0119dzie.<\/p>\n\n\n\n<p>Bardzo dziwna sytuacja w \u015brodowisku Prawa i Sprawiedliwo\u015bci. Pomijam (na razie) sytuacj\u0119 traktowania najbardziej rozpoznawalnych na naszym terenie\u00a0 os\u00f3b, kt\u00f3rzy przez lata dawali twarz PiS: kiedy trzeba by\u0142o, zbierali podpisy pod r\u00f3\u017cnymi petycjami, nie szcz\u0119dzili si\u0142 i \u015brodk\u00f3w dla tej formacji politycznej. Dzisiaj spuszczeni na dalsze miejsca na listach, musz\u0105 ust\u0105pi\u0107 miejsca dla \u201ec\u00f3rusi tatusia\u201d, co prawda, kt\u00f3ra nie ma kompletnie \u017cadnych zas\u0142ug dla PiS w Brzesku, ale ma\u00a0 zalet\u0119 najwa\u017cniejsz\u0105 &#8211; jest ni\u0105 fakt \u017ce jest \u201ec\u00f3rusi\u0105\u201d, jak si\u0119 okazuje wszechpot\u0119\u017cnego w tej formacji na terenie powiatu brzeskiego tatusia. To osobny temat i bez w\u0105tpienia warto b\u0119dzie si\u0119 nad nim z uwag\u0105 pochyli\u0107, bo takiego bezczelnego cyrku dawno nasza lokalna spo\u0142eczno\u015b\u0107 nie widzia\u0142a. Ciekawe czy wyborcy to kupi\u0105.<\/p>\n\n\n<div class=\"wp-block-image\">\n<figure class=\"aligncenter size-large\"><img loading=\"lazy\" decoding=\"async\" width=\"1024\" height=\"908\" src=\"https:\/\/zyciebrzeska.pl\/wp-content\/uploads\/2024\/03\/Mocarny-Pelnomocnik-1024x908.jpg\" alt=\"\" class=\"wp-image-5559\" srcset=\"https:\/\/zyciebrzeska.pl\/wp-content\/uploads\/2024\/03\/Mocarny-Pelnomocnik-1024x908.jpg 1024w, https:\/\/zyciebrzeska.pl\/wp-content\/uploads\/2024\/03\/Mocarny-Pelnomocnik-300x266.jpg 300w, https:\/\/zyciebrzeska.pl\/wp-content\/uploads\/2024\/03\/Mocarny-Pelnomocnik-768x681.jpg 768w, https:\/\/zyciebrzeska.pl\/wp-content\/uploads\/2024\/03\/Mocarny-Pelnomocnik-1536x1363.jpg 1536w, https:\/\/zyciebrzeska.pl\/wp-content\/uploads\/2024\/03\/Mocarny-Pelnomocnik-150x133.jpg 150w, https:\/\/zyciebrzeska.pl\/wp-content\/uploads\/2024\/03\/Mocarny-Pelnomocnik-696x617.jpg 696w, https:\/\/zyciebrzeska.pl\/wp-content\/uploads\/2024\/03\/Mocarny-Pelnomocnik-1068x947.jpg 1068w, https:\/\/zyciebrzeska.pl\/wp-content\/uploads\/2024\/03\/Mocarny-Pelnomocnik-473x420.jpg 473w, https:\/\/zyciebrzeska.pl\/wp-content\/uploads\/2024\/03\/Mocarny-Pelnomocnik.jpg 1763w\" sizes=\"auto, (max-width: 1024px) 100vw, 1024px\" \/><figcaption class=\"wp-element-caption\">Czy\u017c nie jestem sympatyczny i milusi? Miejsce dla synusia i miejsce dla c\u00f3rusi. Reszt\u0119 si\u0119 si\u0119 wyrzuci ,albo sie przydusi<\/figcaption><\/figure>\n<\/div>\n\n\n<p>Tymczasem to nie koniec nowych porz\u0105dk\u00f3w w lokalnym PiS. Oto przy rejestracji list kandydat\u00f3w na radnych do Rady Miejskiej, pomini\u0119ta zosta\u0142a pani Ewa Chmielarz-\u017bwawa, radna z wielkim do\u015bwiadczeniem, bardzo zaanga\u017cowana&nbsp; w prac\u0119 na rzecz lokalnej spo\u0142eczno\u015bci. Aby zarejestrowa\u0107 list\u0119 PiS, osobi\u015bcie pofatygowa\u0142a si\u0119 sama pani J\u00f3zefa Szczurek-\u017belazko. Jakie\u017c by\u0142o zaskoczenie, kiedy wydoby\u0142a swoje segregatory w kt\u00f3rych mia\u0142a posegregowane listy poparcia i listy kandydat\u00f3w, a tam w okr\u0119gu 4 obejmuj\u0105cym Sterkowiec, Wokowice, Szczepan\u00f3w, Mokrzyska, Bucze i Jasie\u0144 nie by\u0142o obecnej radnej Ewy Chmielarz-\u017bwawej. Zdumienie ogarn\u0119\u0142o nie tylko Cz\u0142onk\u00f3w Komisji, kt\u00f3rzy profesjonalnie zachowali poker face, nie daj\u0105c po sobie pozna\u0107, jak bardzo s\u0105 zaskoczeni. Bardzo szybko dowiedzia\u0142a si\u0119 o tym r\u00f3wnie\u017c sama pani Ewa Chmielarz-\u017bawawa, kt\u00f3rej pewne osoby zapyta\u0142y co to si\u0119 sta\u0142o, \u017ce zdecydowa\u0142a si\u0119 wycofa\u0107 z dzia\u0142alno\u015bci w samorz\u0105dzie.&nbsp; Problem w tym, \u017ce pani Ewa Chmielarz-\u017bwawa dowiedzia\u0142a si\u0119 \u017ce nie kandyduje dopiero z tego telefonu. Wcze\u015bniej nikt jej o tym nie uprzedzi\u0142. Nikt nie powiedzia\u0142, \u017ce nie widzi jej na li\u015bcie PiS. Pani Ewa Chmielarz-\u017bwawa nie ukrywa zaskoczenia. Pr\u00f3bowa\u0142a dodzwoni\u0107 si\u0119 do pani J\u00f3zefy, ale zacna ta niewiasta, po spe\u0142nieniu swojego rejestratorskiego obowi\u0105zku, nie by\u0142a \u0142askawa znale\u017a\u0107 czasu, \u017ceby powiedzie\u0107 osobie kt\u00f3rej zrobi\u0142a \u015bwi\u0144stwo: s\u0142uchaj Ewuniu, zrobi\u0142am ci \u015bwi\u0144stwo!. \u201eJu\u017c taka jestem, zimna dra\u0144, i dobrze mi z tym, bez dw\u00f3ch zda\u0144\u201d, i co mi zrobisz kochaniutka?<\/p>\n\n\n<div class=\"wp-block-image\">\n<figure class=\"aligncenter size-large\"><img loading=\"lazy\" decoding=\"async\" width=\"1024\" height=\"768\" src=\"https:\/\/zyciebrzeska.pl\/wp-content\/uploads\/2024\/03\/Jak-sie-nie-chciala-dac-wytresowac-to-trzeba-skasowac-1024x768.jpg\" alt=\"\" class=\"wp-image-5557\" srcset=\"https:\/\/zyciebrzeska.pl\/wp-content\/uploads\/2024\/03\/Jak-sie-nie-chciala-dac-wytresowac-to-trzeba-skasowac-1024x768.jpg 1024w, https:\/\/zyciebrzeska.pl\/wp-content\/uploads\/2024\/03\/Jak-sie-nie-chciala-dac-wytresowac-to-trzeba-skasowac-300x225.jpg 300w, https:\/\/zyciebrzeska.pl\/wp-content\/uploads\/2024\/03\/Jak-sie-nie-chciala-dac-wytresowac-to-trzeba-skasowac-768x576.jpg 768w, https:\/\/zyciebrzeska.pl\/wp-content\/uploads\/2024\/03\/Jak-sie-nie-chciala-dac-wytresowac-to-trzeba-skasowac-150x112.jpg 150w, https:\/\/zyciebrzeska.pl\/wp-content\/uploads\/2024\/03\/Jak-sie-nie-chciala-dac-wytresowac-to-trzeba-skasowac-696x522.jpg 696w, https:\/\/zyciebrzeska.pl\/wp-content\/uploads\/2024\/03\/Jak-sie-nie-chciala-dac-wytresowac-to-trzeba-skasowac-1068x801.jpg 1068w, https:\/\/zyciebrzeska.pl\/wp-content\/uploads\/2024\/03\/Jak-sie-nie-chciala-dac-wytresowac-to-trzeba-skasowac-560x420.jpg 560w, https:\/\/zyciebrzeska.pl\/wp-content\/uploads\/2024\/03\/Jak-sie-nie-chciala-dac-wytresowac-to-trzeba-skasowac-80x60.jpg 80w, https:\/\/zyciebrzeska.pl\/wp-content\/uploads\/2024\/03\/Jak-sie-nie-chciala-dac-wytresowac-to-trzeba-skasowac-265x198.jpg 265w, https:\/\/zyciebrzeska.pl\/wp-content\/uploads\/2024\/03\/Jak-sie-nie-chciala-dac-wytresowac-to-trzeba-skasowac.jpg 1170w\" sizes=\"auto, (max-width: 1024px) 100vw, 1024px\" \/><figcaption class=\"wp-element-caption\">Jak si\u0119 da\u0142a wytresowa\u0107, to trzeba skasowa\u0107 <\/figcaption><\/figure>\n<\/div>\n\n\n<p>Pani Ewa Chmielarz-\u017bwawa nie ukrywa\u0142a, \u017ce Janusz Filip, narzucony pe\u0142nomocniczk\u0119 J\u00f3zefe Szczurek-\u017belazko i jej podpe\u0142nomocnika Adama Kwa\u015bniaka, bez \u017cadnych konsultacji z lokalnymi dzia\u0142aczami kandydat PiS na burmistrza&nbsp; Brzeska, absolutnie nie jest jej kandydatem.&nbsp; <em>Dzi\u0119ki wsp\u00f3\u0142pracy z obecnym burmistrzem Tomaszem Latoch\u0105 uda\u0142o si\u0119 w gminie tyle inwestycji przeprowadzi\u0107, w tym r\u00f3wnie\u017c w moich Mokrzyskach tak\u0105 przepi\u0119kn\u0105 hal\u0119 sportow\u0105 wybudowa\u0107. To jest jak jaki\u015b sen. Przedtem ca\u0142ymi latami si\u0119 tylko o tym m\u00f3wi\u0142o, a teraz s\u0142owo si\u0119 sta\u0142o cia\u0142em. By\u0142am w klubie PiS, wi\u0119c niby w opozycji, ale szybko zrozumia\u0142am, \u017ce bawienie si\u0119 w opozycj\u0119 na si\u0142\u0119 i robienie cyrku z byle czego jest po prostu \u015bmieszne. Ja si\u0119 do tego nie nadaj\u0119 i nie godz\u0119 si\u0119 na to. Burmistrz okaza\u0142 si\u0119 skutecznym menad\u017cerem, jakiego nam ju\u017c dawno by\u0142o trzeba. Popiera\u0142am wi\u0119c burmistrza i nie \u017ca\u0142uj\u0119 tego. W \u017cadnym przypadku nie popr\u0119 Janusza Filipa, bo to by\u0142oby po prostu nieuczciwe wobec Tomasza Latochy, kt\u00f3ry tak wiele dobrego zrobi\u0142 dla Mokrzysk. Niech Janusz Filip najpierw co\u015b zrobi cho\u0107by tylko na pocz\u0105tek dla Okocimia w kt\u00f3rym mieszka, bo jako\u015b nie s\u0142ysza\u0142am \u017ceby si\u0119 tam udziela\u0142, zanim zacznie si\u0119 zg\u0142asza\u0107 na stanowisko Burmistrza Brzeska. Mo\u017ce cho\u0107 troch\u0119 skromno\u015bci!<\/em><\/p>\n\n\n\n<p><em>Nie wiem czy w\u0142a\u015bnie to sta\u0142o si\u0119 przyczyn\u0105 wyci\u0119cia mnie z list PiS, czy jakie\u015b inne wzgl\u0119dy. Nikt mi wcze\u015bniej nie powiedzia\u0142, \u017ce im nie pasuj\u0119. Dowiedzia\u0142am si\u0119 na dwie godziny przed zarejestrowaniem list. Jakby si\u0119 bali, \u017cebym nie wystartowa\u0142a z innego komitetu wyborczego. Nawet nie wiem jak to okre\u015bli\u0107. Absolutny brak szacunku dla drugiego cz\u0142owieka. Brak godno\u015bci i klasy.<\/em><\/p>\n\n\n\n<p>No c\u00f3\u017c. Wybory jeszcze si\u0119 nie zacz\u0119\u0142y, a ju\u017c jest ciekawie. Starzy, zas\u0142u\u017ceni dzia\u0142acze PiS spuszczeni po brzytwie i porozstawiani po k\u0105tach jak ch\u0142opcy (i dziewczynki) na posy\u0142ki, w \u0142askach baronessy politycznej jakie\u015b \u201emoje ch\u0142opy\u201d &nbsp;i c\u00f3rusie. My\u015bl\u0119, \u017ce ju\u017c w przedbiegach pe\u0142nomocniczka PiS w naszym okr\u0119gu wyborczym pos\u0142anka J\u00f3zefa Szczurek-\u017belazko zrobi\u0142a co mog\u0142a, \u017ceby zniech\u0119ci\u0107 ludzi do dzia\u0142ania w szeregach PiS. Nikt powa\u017cny po czym\u015b takim si\u0119 przecie\u017c nie zaanga\u017cuje, bo nikt nie pozwoli sobie, \u017ceby by\u0107 potraktowany kopniakiem jak tylko si\u0119 pojawi jaka\u015b \u201ec\u00f3rusia\u201d albo \u201em\u00f3j ch\u0142op\u201d.<\/p>\n\n\n<div class=\"wp-block-image\">\n<figure class=\"aligncenter size-full\"><img loading=\"lazy\" decoding=\"async\" width=\"929\" height=\"848\" src=\"https:\/\/zyciebrzeska.pl\/wp-content\/uploads\/2024\/03\/Nasza-Ziuta-Kochana.jpeg\" alt=\"\" class=\"wp-image-5558\" srcset=\"https:\/\/zyciebrzeska.pl\/wp-content\/uploads\/2024\/03\/Nasza-Ziuta-Kochana.jpeg 929w, https:\/\/zyciebrzeska.pl\/wp-content\/uploads\/2024\/03\/Nasza-Ziuta-Kochana-300x274.jpeg 300w, https:\/\/zyciebrzeska.pl\/wp-content\/uploads\/2024\/03\/Nasza-Ziuta-Kochana-768x701.jpeg 768w, https:\/\/zyciebrzeska.pl\/wp-content\/uploads\/2024\/03\/Nasza-Ziuta-Kochana-150x137.jpeg 150w, https:\/\/zyciebrzeska.pl\/wp-content\/uploads\/2024\/03\/Nasza-Ziuta-Kochana-696x635.jpeg 696w, https:\/\/zyciebrzeska.pl\/wp-content\/uploads\/2024\/03\/Nasza-Ziuta-Kochana-460x420.jpeg 460w\" sizes=\"auto, (max-width: 929px) 100vw, 929px\" \/><figcaption class=\"wp-element-caption\">Komu zrobi\u0107 \u015bwi\u0144stwo, komu, bo jad\u0119 do domu<\/figcaption><\/figure>\n<\/div>\n\n\n<p>Ciekawe co pani J\u00f3zefa Szczurek-\u017belazko w\u0142a\u015bciwie chce przez to uzyska\u0107. Jaka ma by\u0107 korzy\u015b\u0107 z tego, \u017ce os\u0142abi\u0142a list\u0119 PiS, por\u00f3\u017cni\u0142a ludzi ze sob\u0105, zniech\u0119ci\u0142a do PiS nawet zaanga\u017cowanych dzia\u0142aczy i o\u015bmieszy\u0142a formacj\u0119 oczach tysi\u0119cy mieszka\u0144c\u00f3w gminy i powiatu brzeskiego. Teraz to ju\u017c nikt, kto ma jaki\u015b szacunek do siebie, nie b\u0119dzie chcia\u0142 si\u0119 zaanga\u017cowa\u0107 w dzia\u0142alno\u015b\u0107 \u015brodowiska, kt\u00f3re jawi si\u0119 jako bagno. Konkurencja si\u0119 po cichu cieszy, bo do g\u0142owy by im nie przysz\u0142o, \u017ce szefowa formacji, kt\u00f3ra powinna dba\u0107 o jej rozw\u00f3j, w tak spektakularny spos\u00f3b sama podcina jej \u017cy\u0142y. Je\u017celi my\u015bla\u0142a tak ordynarny wa\u0142ek zrobi po cichu, no to w\u0142a\u015bnie si\u0119 okrutnie pomyli\u0142a \u2013 po cichu nie b\u0119dzie.<\/p>\n\n\n\n<p>&nbsp;Pan J\u00f3zefa Szczurek-\u017belazko nieuchronnie zbli\u017ca si\u0119 do ko\u0144ca swojej kariery politycznej. W takim czasie ka\u017cdy stara si\u0119 wykorzysta\u0107 te ostatnie lata i raczej &nbsp;\u201ebudowa\u0107 sw\u00f3j pomnik\u201d, czyli tak post\u0119powa\u0107, \u017ceby pozostawi\u0107 po sobie jak najlepsze wspomnienie, \u017ceby ludzie o nim dobrze m\u00f3wili, kiedy ju\u017c odejdzie z \u017cycia publicznego. Pani J\u00f3zefa Szczurek-\u017belazko postara\u0142a si\u0119 \u017ceby sta\u0107 si\u0119 symbolem \u015bwi\u0144stwa i takiego drobnego cwaniactwa.<\/p>\n\n\n\n<p>Przyby\u0142a do Brzeska z daleka. Nie w swoich rodzinnych stronach, tylko w\u0142a\u015bnie tu, u nas zdoby\u0142a zaufanie i zrobi\u0142a naprawd\u0119 imponuj\u0105c\u0105 karier\u0119. Zosta\u0142a pos\u0142em na Sejm RP i wiceministrem zdrowia. Jak si\u0119 by\u0142o wiceministrem w rz\u0105dzie Rzeczypospolitej Polskiej, a wi\u0119c dost\u0105pi\u0142o zaszczytu dla wi\u0119kszo\u015bci ludzi nieosi\u0105galnego, to jednak jaki\u015b poziom si\u0119 powinno mie\u0107. Noblesse oblige \u2013 szlachectwo zobowi\u0105zuje. Nie wypada \u017ceby pos\u0142anka na Sejm, by\u0142a wiceminister, zachowywa\u0142a si\u0119 w tak prymitywny spos\u00f3b, no po prostu nie wypada! To nie szkodzi pani Ewie Chmielarz-\u017bwawej. Nie b\u0119dzie radn\u0105 nie dlatego \u017ce ludzie jej nie chcieli, tylko dlatego, \u017ce drobne cwaniaczki podst\u0119pem uniemo\u017cliwili jej kandydowanie i poddanie si\u0119 ocenie wsp\u00f3\u0142obywateli. Jest to wi\u0119c r\u00f3wnie\u017c pogarda wobec wyborc\u00f3w, kt\u00f3rym w podst\u0119pny spos\u00f3b uniemo\u017cliwiono zag\u0142osowanie na t\u0119 osob\u0119. Odchodzi wi\u0119c z Rady Miejskiej nie jako przegrana. Przegrana jest pani Szczurek-Zelazko. Kompletnie przegrana. Jeszcze chyba do niej nie dotar\u0142o, \u017ce gdzie si\u0119 poka\u017ce, tam b\u0119d\u0105 na ni\u0105 patrzy\u0142y oczy ludzi kt\u00f3rzy b\u0119d\u0105 widzie\u0107 w niej nie godn\u0105 szacunku pos\u0142ank\u0119 Prawa i Sprawiedliwo\u015bci, ale kobiet\u0119, kt\u00f3rej nie mo\u017cna nigdy zaufa\u0107.<\/p>\n\n\n\n<p>Takiego \u015bwi\u0144stwa jeszcze chyba nikt nie zrobi\u0142 w historii naszego samorz\u0105du. Nikt nie pozostawia\u0142 kogo\u015b w \u015bwiadomo\u015bci, \u017ce jest na li\u015bcie, a nast\u0119pnie wycina\u0142 go na dwie godziny przed up\u0142ywem terminu do zarejestrowania list. Odebrali od pani Ewy Chmielarz-\u017bwawej wymagane przez prawo o\u015bwiadczenie na pi\u015bmie o wyra\u017ceniu zgody na kandydowanie wiedz\u0105c, \u017ce celowo wprowadzaj\u0105 j\u0105 w zasadzk\u0119, bo nie zamierzaj\u0105 jej zarejestrowa\u0107. To jest przecie\u017c celowe, \u015bwiadome, cyniczne i z zimn\u0105 krwi\u0105 przeprowadzone \u015bwi\u0144stwo! Ludzie nie s\u0105 przecie\u017c g\u0142upi. Wszyscy to widz\u0105 i nawet je\u017celi g\u0142o\u015bno nie powiedz\u0105, to potrafi\u0105 \u015bwi\u0144stwo oceni\u0107 jako \u015bwi\u0144stwo. Widz\u0105 to nawet ci kt\u00f3rzy kandyduj\u0105 na tych listach PiS. Po prostu maj\u0105 \u015bwiadomo\u015b\u0107, \u017ce stoj\u0105 po paskudnej stronie cwaniak\u00f3w kt\u00f3rzy nikogo nie szanuj\u0105. Jak przyjdzie czas, to ich te\u017c tak potraktuj\u0105.<\/p>\n","protected":false},"excerpt":{"rendered":"<p>Listy kandydat\u00f3w do rad wszelkiego stopnia zarejestrowane. Tym samym kolejny etap procesu wyborczego zako\u0144czony. Przed nami trzy tygodnie wojny plakatowej. Jako\u015b to przetrwamy. W ka\u017cdym razie emocji nam brakowa\u0107 nie b\u0119dzie. Bardzo dziwna sytuacja w \u015brodowisku Prawa i Sprawiedliwo\u015bci. Pomijam (na razie) sytuacj\u0119 traktowania najbardziej rozpoznawalnych na naszym terenie\u00a0 os\u00f3b, kt\u00f3rzy przez lata dawali twarz [&hellip;]<\/p>\n","protected":false},"author":1,"featured_media":5560,"comment_status":"open","ping_status":"open","sticky":false,"template":"","format":"standard","meta":{"tdm_status":"","tdm_grid_status":"","footnotes":""},"categories":[5],"tags":[],"class_list":{"0":"post-5556","1":"post","2":"type-post","3":"status-publish","4":"format-standard","5":"has-post-thumbnail","7":"category-publicystyka-i-felietony"},"yoast_head":"<!-- This site is optimized with the Yoast SEO plugin v22.2 - https:\/\/yoast.com\/wordpress\/plugins\/seo\/ -->\n<title>Pod\u0142o\u015b\u0107 i S....... - \u017bycie Brzeska<\/title>\n<meta name=\"robots\" content=\"index, follow, max-snippet:-1, max-image-preview:large, max-video-preview:-1\" \/>\n<link rel=\"canonical\" href=\"https:\/\/zyciebrzeska.pl\/?p=5556\" \/>\n<meta property=\"og:locale\" content=\"pl_PL\" \/>\n<meta property=\"og:type\" content=\"article\" \/>\n<meta property=\"og:title\" content=\"Pod\u0142o\u015b\u0107 i S....... - \u017bycie Brzeska\" \/>\n<meta property=\"og:description\" content=\"Listy kandydat\u00f3w do rad wszelkiego stopnia zarejestrowane. Tym samym kolejny etap procesu wyborczego zako\u0144czony. Przed nami trzy tygodnie wojny plakatowej. Jako\u015b to przetrwamy. W ka\u017cdym razie emocji nam brakowa\u0107 nie b\u0119dzie. Bardzo dziwna sytuacja w \u015brodowisku Prawa i Sprawiedliwo\u015bci. Pomijam (na razie) sytuacj\u0119 traktowania najbardziej rozpoznawalnych na naszym terenie\u00a0 os\u00f3b, kt\u00f3rzy przez lata dawali twarz [&hellip;]\" \/>\n<meta property=\"og:url\" content=\"https:\/\/zyciebrzeska.pl\/?p=5556\" \/>\n<meta property=\"og:site_name\" content=\"\u017bycie Brzeska\" \/>\n<meta property=\"article:publisher\" content=\"https:\/\/www.facebook.com\/brzeskoinfo\" \/>\n<meta property=\"article:published_time\" content=\"2024-03-15T19:22:43+00:00\" \/>\n<meta property=\"article:modified_time\" content=\"2024-03-15T19:22:45+00:00\" \/>\n<meta property=\"og:image\" content=\"https:\/\/zyciebrzeska.pl\/wp-content\/uploads\/2024\/03\/Na-czolowke.jpg\" \/>\n\t<meta property=\"og:image:width\" content=\"1848\" \/>\n\t<meta property=\"og:image:height\" content=\"1232\" \/>\n\t<meta property=\"og:image:type\" content=\"image\/jpeg\" \/>\n<meta name=\"author\" content=\"Redaktor\" \/>\n<meta name=\"twitter:card\" content=\"summary_large_image\" \/>\n<meta name=\"twitter:label1\" content=\"Napisane przez\" \/>\n\t<meta name=\"twitter:data1\" content=\"Redaktor\" \/>\n\t<meta name=\"twitter:label2\" content=\"Szacowany czas czytania\" \/>\n\t<meta name=\"twitter:data2\" content=\"9 minut\" \/>\n<script type=\"application\/ld+json\" class=\"yoast-schema-graph\">{\"@context\":\"https:\/\/schema.org\",\"@graph\":[{\"@type\":\"Article\",\"@id\":\"https:\/\/zyciebrzeska.pl\/?p=5556#article\",\"isPartOf\":{\"@id\":\"https:\/\/zyciebrzeska.pl\/?p=5556\"},\"author\":{\"name\":\"Redaktor\",\"@id\":\"https:\/\/zyciebrzeska.pl\/#\/schema\/person\/4da1e536b1da05972f13052ec6594aff\"},\"headline\":\"Pod\u0142o\u015b\u0107 i S&#8230;&#8230;.\",\"datePublished\":\"2024-03-15T19:22:43+00:00\",\"dateModified\":\"2024-03-15T19:22:45+00:00\",\"mainEntityOfPage\":{\"@id\":\"https:\/\/zyciebrzeska.pl\/?p=5556\"},\"wordCount\":1491,\"commentCount\":0,\"publisher\":{\"@id\":\"https:\/\/zyciebrzeska.pl\/#organization\"},\"image\":{\"@id\":\"https:\/\/zyciebrzeska.pl\/?p=5556#primaryimage\"},\"thumbnailUrl\":\"https:\/\/zyciebrzeska.pl\/wp-content\/uploads\/2024\/03\/Na-czolowke.jpg\",\"articleSection\":[\"Publicystyka i felietony\"],\"inLanguage\":\"pl-PL\",\"potentialAction\":[{\"@type\":\"CommentAction\",\"name\":\"Comment\",\"target\":[\"https:\/\/zyciebrzeska.pl\/?p=5556#respond\"]}]},{\"@type\":\"WebPage\",\"@id\":\"https:\/\/zyciebrzeska.pl\/?p=5556\",\"url\":\"https:\/\/zyciebrzeska.pl\/?p=5556\",\"name\":\"Pod\u0142o\u015b\u0107 i S....... - \u017bycie Brzeska\",\"isPartOf\":{\"@id\":\"https:\/\/zyciebrzeska.pl\/#website\"},\"primaryImageOfPage\":{\"@id\":\"https:\/\/zyciebrzeska.pl\/?p=5556#primaryimage\"},\"image\":{\"@id\":\"https:\/\/zyciebrzeska.pl\/?p=5556#primaryimage\"},\"thumbnailUrl\":\"https:\/\/zyciebrzeska.pl\/wp-content\/uploads\/2024\/03\/Na-czolowke.jpg\",\"datePublished\":\"2024-03-15T19:22:43+00:00\",\"dateModified\":\"2024-03-15T19:22:45+00:00\",\"breadcrumb\":{\"@id\":\"https:\/\/zyciebrzeska.pl\/?p=5556#breadcrumb\"},\"inLanguage\":\"pl-PL\",\"potentialAction\":[{\"@type\":\"ReadAction\",\"target\":[\"https:\/\/zyciebrzeska.pl\/?p=5556\"]}]},{\"@type\":\"ImageObject\",\"inLanguage\":\"pl-PL\",\"@id\":\"https:\/\/zyciebrzeska.pl\/?p=5556#primaryimage\",\"url\":\"https:\/\/zyciebrzeska.pl\/wp-content\/uploads\/2024\/03\/Na-czolowke.jpg\",\"contentUrl\":\"https:\/\/zyciebrzeska.pl\/wp-content\/uploads\/2024\/03\/Na-czolowke.jpg\",\"width\":1848,\"height\":1232},{\"@type\":\"BreadcrumbList\",\"@id\":\"https:\/\/zyciebrzeska.pl\/?p=5556#breadcrumb\",\"itemListElement\":[{\"@type\":\"ListItem\",\"position\":1,\"name\":\"Home\",\"item\":\"https:\/\/zyciebrzeska.pl\/\"},{\"@type\":\"ListItem\",\"position\":2,\"name\":\"Pod\u0142o\u015b\u0107 i S&#8230;&#8230;.\"}]},{\"@type\":\"WebSite\",\"@id\":\"https:\/\/zyciebrzeska.pl\/#website\",\"url\":\"https:\/\/zyciebrzeska.pl\/\",\"name\":\"\u017bycie Brzeska\",\"description\":\"Portal Ludzi Aktywnych\",\"publisher\":{\"@id\":\"https:\/\/zyciebrzeska.pl\/#organization\"},\"potentialAction\":[{\"@type\":\"SearchAction\",\"target\":{\"@type\":\"EntryPoint\",\"urlTemplate\":\"https:\/\/zyciebrzeska.pl\/?s={search_term_string}\"},\"query-input\":\"required name=search_term_string\"}],\"inLanguage\":\"pl-PL\"},{\"@type\":\"Organization\",\"@id\":\"https:\/\/zyciebrzeska.pl\/#organization\",\"name\":\"\u017bycie Brzeska\",\"url\":\"https:\/\/zyciebrzeska.pl\/\",\"logo\":{\"@type\":\"ImageObject\",\"inLanguage\":\"pl-PL\",\"@id\":\"https:\/\/zyciebrzeska.pl\/#\/schema\/logo\/image\/\",\"url\":\"https:\/\/server818677.nazwa.pl\/wordpress\/wpn_pierwszainstalacja\/wp-content\/uploads\/2023\/06\/admin-ajax.php-2.png\",\"contentUrl\":\"https:\/\/server818677.nazwa.pl\/wordpress\/wpn_pierwszainstalacja\/wp-content\/uploads\/2023\/06\/admin-ajax.php-2.png\",\"width\":400,\"height\":133,\"caption\":\"\u017bycie Brzeska\"},\"image\":{\"@id\":\"https:\/\/zyciebrzeska.pl\/#\/schema\/logo\/image\/\"},\"sameAs\":[\"https:\/\/www.facebook.com\/brzeskoinfo\"]},{\"@type\":\"Person\",\"@id\":\"https:\/\/zyciebrzeska.pl\/#\/schema\/person\/4da1e536b1da05972f13052ec6594aff\",\"name\":\"Redaktor\",\"image\":{\"@type\":\"ImageObject\",\"inLanguage\":\"pl-PL\",\"@id\":\"https:\/\/zyciebrzeska.pl\/#\/schema\/person\/image\/\",\"url\":\"https:\/\/secure.gravatar.com\/avatar\/9564c163e08185c7e0f7d0141ae3914237cf629898e8534b3dd06bb95817ae0b?s=96&d=mm&r=g\",\"contentUrl\":\"https:\/\/secure.gravatar.com\/avatar\/9564c163e08185c7e0f7d0141ae3914237cf629898e8534b3dd06bb95817ae0b?s=96&d=mm&r=g\",\"caption\":\"Redaktor\"},\"sameAs\":[\"http:\/\/zyciebrzeska.pl\"],\"url\":\"https:\/\/zyciebrzeska.pl\/?author=1\"}]}<\/script>\n<!-- \/ Yoast SEO plugin. -->","yoast_head_json":{"title":"Pod\u0142o\u015b\u0107 i S....... - \u017bycie Brzeska","robots":{"index":"index","follow":"follow","max-snippet":"max-snippet:-1","max-image-preview":"max-image-preview:large","max-video-preview":"max-video-preview:-1"},"canonical":"https:\/\/zyciebrzeska.pl\/?p=5556","og_locale":"pl_PL","og_type":"article","og_title":"Pod\u0142o\u015b\u0107 i S....... - \u017bycie Brzeska","og_description":"Listy kandydat\u00f3w do rad wszelkiego stopnia zarejestrowane. Tym samym kolejny etap procesu wyborczego zako\u0144czony. Przed nami trzy tygodnie wojny plakatowej. Jako\u015b to przetrwamy. W ka\u017cdym razie emocji nam brakowa\u0107 nie b\u0119dzie. Bardzo dziwna sytuacja w \u015brodowisku Prawa i Sprawiedliwo\u015bci. Pomijam (na razie) sytuacj\u0119 traktowania najbardziej rozpoznawalnych na naszym terenie\u00a0 os\u00f3b, kt\u00f3rzy przez lata dawali twarz [&hellip;]","og_url":"https:\/\/zyciebrzeska.pl\/?p=5556","og_site_name":"\u017bycie Brzeska","article_publisher":"https:\/\/www.facebook.com\/brzeskoinfo","article_published_time":"2024-03-15T19:22:43+00:00","article_modified_time":"2024-03-15T19:22:45+00:00","og_image":[{"width":1848,"height":1232,"url":"https:\/\/zyciebrzeska.pl\/wp-content\/uploads\/2024\/03\/Na-czolowke.jpg","type":"image\/jpeg"}],"author":"Redaktor","twitter_card":"summary_large_image","twitter_misc":{"Napisane przez":"Redaktor","Szacowany czas czytania":"9 minut"},"schema":{"@context":"https:\/\/schema.org","@graph":[{"@type":"Article","@id":"https:\/\/zyciebrzeska.pl\/?p=5556#article","isPartOf":{"@id":"https:\/\/zyciebrzeska.pl\/?p=5556"},"author":{"name":"Redaktor","@id":"https:\/\/zyciebrzeska.pl\/#\/schema\/person\/4da1e536b1da05972f13052ec6594aff"},"headline":"Pod\u0142o\u015b\u0107 i S&#8230;&#8230;.","datePublished":"2024-03-15T19:22:43+00:00","dateModified":"2024-03-15T19:22:45+00:00","mainEntityOfPage":{"@id":"https:\/\/zyciebrzeska.pl\/?p=5556"},"wordCount":1491,"commentCount":0,"publisher":{"@id":"https:\/\/zyciebrzeska.pl\/#organization"},"image":{"@id":"https:\/\/zyciebrzeska.pl\/?p=5556#primaryimage"},"thumbnailUrl":"https:\/\/zyciebrzeska.pl\/wp-content\/uploads\/2024\/03\/Na-czolowke.jpg","articleSection":["Publicystyka i felietony"],"inLanguage":"pl-PL","potentialAction":[{"@type":"CommentAction","name":"Comment","target":["https:\/\/zyciebrzeska.pl\/?p=5556#respond"]}]},{"@type":"WebPage","@id":"https:\/\/zyciebrzeska.pl\/?p=5556","url":"https:\/\/zyciebrzeska.pl\/?p=5556","name":"Pod\u0142o\u015b\u0107 i S....... - \u017bycie Brzeska","isPartOf":{"@id":"https:\/\/zyciebrzeska.pl\/#website"},"primaryImageOfPage":{"@id":"https:\/\/zyciebrzeska.pl\/?p=5556#primaryimage"},"image":{"@id":"https:\/\/zyciebrzeska.pl\/?p=5556#primaryimage"},"thumbnailUrl":"https:\/\/zyciebrzeska.pl\/wp-content\/uploads\/2024\/03\/Na-czolowke.jpg","datePublished":"2024-03-15T19:22:43+00:00","dateModified":"2024-03-15T19:22:45+00:00","breadcrumb":{"@id":"https:\/\/zyciebrzeska.pl\/?p=5556#breadcrumb"},"inLanguage":"pl-PL","potentialAction":[{"@type":"ReadAction","target":["https:\/\/zyciebrzeska.pl\/?p=5556"]}]},{"@type":"ImageObject","inLanguage":"pl-PL","@id":"https:\/\/zyciebrzeska.pl\/?p=5556#primaryimage","url":"https:\/\/zyciebrzeska.pl\/wp-content\/uploads\/2024\/03\/Na-czolowke.jpg","contentUrl":"https:\/\/zyciebrzeska.pl\/wp-content\/uploads\/2024\/03\/Na-czolowke.jpg","width":1848,"height":1232},{"@type":"BreadcrumbList","@id":"https:\/\/zyciebrzeska.pl\/?p=5556#breadcrumb","itemListElement":[{"@type":"ListItem","position":1,"name":"Home","item":"https:\/\/zyciebrzeska.pl\/"},{"@type":"ListItem","position":2,"name":"Pod\u0142o\u015b\u0107 i S&#8230;&#8230;."}]},{"@type":"WebSite","@id":"https:\/\/zyciebrzeska.pl\/#website","url":"https:\/\/zyciebrzeska.pl\/","name":"\u017bycie Brzeska","description":"Portal Ludzi Aktywnych","publisher":{"@id":"https:\/\/zyciebrzeska.pl\/#organization"},"potentialAction":[{"@type":"SearchAction","target":{"@type":"EntryPoint","urlTemplate":"https:\/\/zyciebrzeska.pl\/?s={search_term_string}"},"query-input":"required name=search_term_string"}],"inLanguage":"pl-PL"},{"@type":"Organization","@id":"https:\/\/zyciebrzeska.pl\/#organization","name":"\u017bycie Brzeska","url":"https:\/\/zyciebrzeska.pl\/","logo":{"@type":"ImageObject","inLanguage":"pl-PL","@id":"https:\/\/zyciebrzeska.pl\/#\/schema\/logo\/image\/","url":"https:\/\/server818677.nazwa.pl\/wordpress\/wpn_pierwszainstalacja\/wp-content\/uploads\/2023\/06\/admin-ajax.php-2.png","contentUrl":"https:\/\/server818677.nazwa.pl\/wordpress\/wpn_pierwszainstalacja\/wp-content\/uploads\/2023\/06\/admin-ajax.php-2.png","width":400,"height":133,"caption":"\u017bycie Brzeska"},"image":{"@id":"https:\/\/zyciebrzeska.pl\/#\/schema\/logo\/image\/"},"sameAs":["https:\/\/www.facebook.com\/brzeskoinfo"]},{"@type":"Person","@id":"https:\/\/zyciebrzeska.pl\/#\/schema\/person\/4da1e536b1da05972f13052ec6594aff","name":"Redaktor","image":{"@type":"ImageObject","inLanguage":"pl-PL","@id":"https:\/\/zyciebrzeska.pl\/#\/schema\/person\/image\/","url":"https:\/\/secure.gravatar.com\/avatar\/9564c163e08185c7e0f7d0141ae3914237cf629898e8534b3dd06bb95817ae0b?s=96&d=mm&r=g","contentUrl":"https:\/\/secure.gravatar.com\/avatar\/9564c163e08185c7e0f7d0141ae3914237cf629898e8534b3dd06bb95817ae0b?s=96&d=mm&r=g","caption":"Redaktor"},"sameAs":["http:\/\/zyciebrzeska.pl"],"url":"https:\/\/zyciebrzeska.pl\/?author=1"}]}},"_links":{"self":[{"href":"https:\/\/zyciebrzeska.pl\/index.php?rest_route=\/wp\/v2\/posts\/5556","targetHints":{"allow":["GET"]}}],"collection":[{"href":"https:\/\/zyciebrzeska.pl\/index.php?rest_route=\/wp\/v2\/posts"}],"about":[{"href":"https:\/\/zyciebrzeska.pl\/index.php?rest_route=\/wp\/v2\/types\/post"}],"author":[{"embeddable":true,"href":"https:\/\/zyciebrzeska.pl\/index.php?rest_route=\/wp\/v2\/users\/1"}],"replies":[{"embeddable":true,"href":"https:\/\/zyciebrzeska.pl\/index.php?rest_route=%2Fwp%2Fv2%2Fcomments&post=5556"}],"version-history":[{"count":1,"href":"https:\/\/zyciebrzeska.pl\/index.php?rest_route=\/wp\/v2\/posts\/5556\/revisions"}],"predecessor-version":[{"id":5561,"href":"https:\/\/zyciebrzeska.pl\/index.php?rest_route=\/wp\/v2\/posts\/5556\/revisions\/5561"}],"wp:featuredmedia":[{"embeddable":true,"href":"https:\/\/zyciebrzeska.pl\/index.php?rest_route=\/wp\/v2\/media\/5560"}],"wp:attachment":[{"href":"https:\/\/zyciebrzeska.pl\/index.php?rest_route=%2Fwp%2Fv2%2Fmedia&parent=5556"}],"wp:term":[{"taxonomy":"category","embeddable":true,"href":"https:\/\/zyciebrzeska.pl\/index.php?rest_route=%2Fwp%2Fv2%2Fcategories&post=5556"},{"taxonomy":"post_tag","embeddable":true,"href":"https:\/\/zyciebrzeska.pl\/index.php?rest_route=%2Fwp%2Fv2%2Ftags&post=5556"}],"curies":[{"name":"wp","href":"https:\/\/api.w.org\/{rel}","templated":true}]}}