{"id":5392,"date":"2023-04-17T19:32:44","date_gmt":"2023-04-17T19:32:44","guid":{"rendered":"https:\/\/zyciebrzeska.pl\/?p=5392"},"modified":"2023-04-17T19:32:44","modified_gmt":"2023-04-17T19:32:44","slug":"ii-brzeski-rajd-terenowy","status":"publish","type":"post","link":"https:\/\/zyciebrzeska.pl\/?p=5392","title":{"rendered":"II Brzeski Rajd Terenowy"},"content":{"rendered":"\n<p><strong>T\u0142umy mieszka\u0144c\u00f3w gminy Brzesko oraz go\u015bci z zewn\u0105trz uczestniczy\u0142o w II Brzeskim Rajdzie Terenowym, kt\u00f3ry odby\u0142 si\u0119 w niedziel\u0119, 16 kwietnia na Boche\u0144cu w Jadownikach. G\u0142\u00f3wnym organizatorem wydarzenia, kt\u00f3re wspar\u0142 burmistrz Tomasz Latocha,&nbsp; by\u0142a Brzeska Grupa Terenowa, a g\u0142\u00f3wnym sponsorem Urz\u0105d Miejski w Brzesku.<\/strong><\/p>\n\n\n\n<figure class=\"wp-block-image size-large is-resized\"><img loading=\"lazy\" decoding=\"async\" src=\"https:\/\/server818677.nazwa.pl\/wordpress\/wpn_pierwszainstalacja\/wp-content\/uploads\/2023\/04\/dsc-2987-1024x576.jpg\" alt=\"\" class=\"wp-image-5393\" width=\"1074\" height=\"605\" srcset=\"https:\/\/zyciebrzeska.pl\/wp-content\/uploads\/2023\/04\/dsc-2987-1024x576.jpg 1024w, https:\/\/zyciebrzeska.pl\/wp-content\/uploads\/2023\/04\/dsc-2987-300x169.jpg 300w, https:\/\/zyciebrzeska.pl\/wp-content\/uploads\/2023\/04\/dsc-2987-768x432.jpg 768w, https:\/\/zyciebrzeska.pl\/wp-content\/uploads\/2023\/04\/dsc-2987-1536x864.jpg 1536w, https:\/\/zyciebrzeska.pl\/wp-content\/uploads\/2023\/04\/dsc-2987-1568x882.jpg 1568w, https:\/\/zyciebrzeska.pl\/wp-content\/uploads\/2023\/04\/dsc-2987.jpg 1920w\" sizes=\"auto, (max-width: 1074px) 100vw, 1074px\" \/><figcaption class=\"wp-element-caption\">                                                        T\u0142umy mieszka\u0144c\u00f3w gminy Brzesko oraz go\u015bci z zewn\u0105trz uczestniczy\u0142o w II Brzeskim Rajdzie Terenowym<\/figcaption><\/figure>\n\n\n\n<p>Bardzo widowiskowa by\u0142a cz\u0119\u015b\u0107 sportowa wydarzenia. Organizatorzy przygotowali tym razem naje\u017con\u0105 pu\u0142apkami terenow\u0105 jazd\u0119 na orientacj\u0119, w kt\u00f3rej trzeba by\u0142o wykaza\u0107 si\u0119 precyzj\u0105, \u017celazn\u0105 kondycj\u0105 i determinacj\u0105. Zainteresowanie udzia\u0142em w tej szkole przetrwania by\u0142o olbrzymie, jednak ze wzgl\u0119d\u00f3w regulaminowych do startu dopuszczono 25 za\u0142\u00f3g.<\/p>\n<p>Pierwsze miejsce zaj\u0119\u0142a za\u0142oga reprezentuj\u0105ca team Offroad Sznajder z Wieliczki, czyli Micha\u0142 i \u0141ukasz Sznajderowie. Tylko oni zdo\u0142ali zgromadzi\u0107 komplet 50 piecz\u0105tek rozmieszczonych na niezwykle trudnej trasie. Przed rozpocz\u0119ciem zawod\u00f3w, zdaniem wi\u0119kszo\u015bci obserwator\u00f3w, zadanie wydawa\u0142o si\u0119 niewykonalne, bo po jeden ze stempli mo\u017cna by\u0142o si\u0119gn\u0105\u0107, wspinaj\u0105c si\u0119 po ustawionym pionowo samochodzie. Drugie i trzecie miejsce zaj\u0119\u0142y duety reprezentuj\u0105ce ekip\u0119 \u201eCzuby z Rabki\u201d, Przemek Moli\u0144ski i Arek Czyszczo\u0144 oraz Tomasz K\u0105dzio\u0142ka i Grzegorz Mlekodaj. Obie za\u0142ogi zebra\u0142y po 49 piecz\u0105tek, a o ko\u0144cowej kolejno\u015bci decydowa\u0142 czas pokonania ca\u0142ej trasy. Zwyci\u0119zcy I Brzeskiego Rajdu Terenowego, Artur i Wiktor Korytkowie z Bochni, tym razem uplasowali si\u0119 na czwartej pozycji z wynikiem 44 \u201epiecz\u0105tkowych\u201d punkt\u00f3w. Na najlepszych czeka\u0142y atrakcyjne nagrody, ufundowane mi\u0119dzy innymi przez Urz\u0105d Miejski w Brzesku.<\/p>\n\n\n\n<figure class=\"wp-block-image size-large is-resized\"><img loading=\"lazy\" decoding=\"async\" src=\"https:\/\/server818677.nazwa.pl\/wordpress\/wpn_pierwszainstalacja\/wp-content\/uploads\/2023\/04\/dsc-3034-1024x556.jpg\" alt=\"\" class=\"wp-image-5394\" width=\"1024\" height=\"556\" srcset=\"https:\/\/zyciebrzeska.pl\/wp-content\/uploads\/2023\/04\/dsc-3034-1024x556.jpg 1024w, https:\/\/zyciebrzeska.pl\/wp-content\/uploads\/2023\/04\/dsc-3034-300x163.jpg 300w, https:\/\/zyciebrzeska.pl\/wp-content\/uploads\/2023\/04\/dsc-3034-768x417.jpg 768w, https:\/\/zyciebrzeska.pl\/wp-content\/uploads\/2023\/04\/dsc-3034-1536x834.jpg 1536w, https:\/\/zyciebrzeska.pl\/wp-content\/uploads\/2023\/04\/dsc-3034-1568x851.jpg 1568w, https:\/\/zyciebrzeska.pl\/wp-content\/uploads\/2023\/04\/dsc-3034.jpg 1920w\" sizes=\"auto, (max-width: 1024px) 100vw, 1024px\" \/><figcaption class=\"wp-element-caption\">                                     Bardzo widowiskowa by\u0142a cz\u0119\u015b\u0107 sportowa. Organizatorzy przygotowali naje\u017con\u0105 pu\u0142apkami jazd\u0119 terenow\u0105&nbsp;na orientacj\u0119.<\/figcaption><\/figure>\n\n\n\n<p>Bogaty by\u0142 program wydarze\u0144 towarzysz\u0105cych rajdowi. W\u015br\u00f3d nich najwi\u0119kszym powodzeniem cieszy\u0142 si\u0119 specjalnie przygotowany tor przeszk\u00f3d, po kt\u00f3rym porusza\u0142y si\u0119 miniaturowe teren\u00f3wki zdalnie sterowane przez dzieci, m\u0142odzie\u017c i doros\u0142ych. Ch\u0119tnych by\u0142o tak wielu, \u017ce w pewnym momencie wyczerpa\u0142y si\u0119 akumulatory zasilaj\u0105ce repliki terenowych pojazd\u00f3w. Niekt\u00f3rzy uczestnicy byli jednak na tak\u0105 ewentualno\u015b\u0107 przygotowani, przynosz\u0105c ze sob\u0105 w\u0142asne samochodziki.&nbsp;<\/p>\n<p>Zgodnie z zapowiedziami, strefa gastronomiczna prezentowa\u0142a si\u0119 bardzo zach\u0119caj\u0105co. Apetyty dopisywa\u0142y na tyle, \u017ce ludzie obs\u0142uguj\u0105cy t\u0119 stref\u0119 zmuszeni zostali o kilkukrotne uzupe\u0142nianie kulinarnych zapas\u00f3w. O muzyczn\u0105 opraw\u0119 zadba\u0142 DJ\u2019s Team, czyli Wojciech Duch \u2013 ceniony w regionie did\u017cej i wodzirej. Nad bezpiecze\u0144stwem czuwa\u0142y s\u0142u\u017cby medyczne oraz druhowie z jednostki OSP Jadowniki.<\/p>\n\n\n\n<figure class=\"wp-block-image size-large\"><img loading=\"lazy\" decoding=\"async\" width=\"1024\" height=\"683\" src=\"https:\/\/server818677.nazwa.pl\/wordpress\/wpn_pierwszainstalacja\/wp-content\/uploads\/2023\/04\/1-23-1024x683.jpg\" alt=\"\" class=\"wp-image-5395\" srcset=\"https:\/\/zyciebrzeska.pl\/wp-content\/uploads\/2023\/04\/1-23-1024x683.jpg 1024w, https:\/\/zyciebrzeska.pl\/wp-content\/uploads\/2023\/04\/1-23-300x200.jpg 300w, https:\/\/zyciebrzeska.pl\/wp-content\/uploads\/2023\/04\/1-23-768x512.jpg 768w, https:\/\/zyciebrzeska.pl\/wp-content\/uploads\/2023\/04\/1-23-1536x1024.jpg 1536w, https:\/\/zyciebrzeska.pl\/wp-content\/uploads\/2023\/04\/1-23-1568x1045.jpg 1568w, https:\/\/zyciebrzeska.pl\/wp-content\/uploads\/2023\/04\/1-23.jpg 1620w\" sizes=\"auto, (max-width: 1024px) 100vw, 1024px\" \/><figcaption class=\"wp-element-caption\">                                                                                              Po ci\u0119\u017ckiej walce przychodzi czas na smak owoc\u00f3w <\/figcaption><\/figure>\n\n\n\n<p>Wzg\u00f3rze Bocheniec podczas rajdu odwiedzili harcerze reprezentuj\u0105cy Szczep Czarny w Jadownikach, kt\u00f3rzy prowadzili kwest\u0119 na leczenie Igorka z Biadolin \u2013 niespe\u0142na rocznego ch\u0142opca chorego na rzadk\u0105 odmian\u0119 nowotworu. Leczenie, rehabilitacja, dojazdy i sprz\u0119t medyczny to najpilniejsze potrzeby Igorka i jego rodziny. Do akcji czynnie w\u0142\u0105czyli si\u0119 przedstawiciele firmy XoniCraft z Do\u0142\u00f3w, kt\u00f3rzy przeprowadzili mi\u0119dzy sob\u0105 wewn\u0119trzn\u0105 zbi\u00f3rk\u0119 i przekazali na ten cel poka\u017an\u0105 kwot\u0119 pieni\u0119dzy. Ich \u015bladem pod\u0105\u017cy\u0142o tak\u017ce wielu uczestnik\u00f3w samochodowego pikniku w Jadownikach.<\/p>\n\n\n\n<figure class=\"wp-block-image size-large\"><img loading=\"lazy\" decoding=\"async\" width=\"1024\" height=\"683\" src=\"https:\/\/server818677.nazwa.pl\/wordpress\/wpn_pierwszainstalacja\/wp-content\/uploads\/2023\/04\/1-27-2-1024x683.jpg\" alt=\"\" class=\"wp-image-5396\" srcset=\"https:\/\/zyciebrzeska.pl\/wp-content\/uploads\/2023\/04\/1-27-2-1024x683.jpg 1024w, https:\/\/zyciebrzeska.pl\/wp-content\/uploads\/2023\/04\/1-27-2-300x200.jpg 300w, https:\/\/zyciebrzeska.pl\/wp-content\/uploads\/2023\/04\/1-27-2-768x512.jpg 768w, https:\/\/zyciebrzeska.pl\/wp-content\/uploads\/2023\/04\/1-27-2-1536x1024.jpg 1536w, https:\/\/zyciebrzeska.pl\/wp-content\/uploads\/2023\/04\/1-27-2-1568x1045.jpg 1568w, https:\/\/zyciebrzeska.pl\/wp-content\/uploads\/2023\/04\/1-27-2.jpg 1620w\" sizes=\"auto, (max-width: 1024px) 100vw, 1024px\" \/><figcaption class=\"wp-element-caption\">                                                                                                                      To nie s\u0105 faceci w rurkach popijaj\u0105cy jarmu\u017cowe latte. <\/figcaption><\/figure>\n\n\n\n<p><strong>Sponsorzy II Brzeskiego Rajdu Terenowego<\/strong><\/p>\n<p>URZ\u0104D MIEJSKI w BRZESKU (SPONSOR G\u0141\u00d3WNY),\u00a0 Pizzeria Pomodoro, Buduj24.pl., Snorkele.pl, R-Glass Detailing \u2013 bezinwazyjne przyciemnianie szyb, KingCars \u2013 wypo\u017cyczalnia samochod\u00f3w, Pro Color \u2013\u00a0 Lakiernia Proszkowa, Dance &amp; fitness house Bochnia, Isotermika \u2013 Rozwi\u0105zania termoizolacyjne dla stolarki budowlanej, EL-BUD Borz\u0119cin, F.H Kasia i Tomek Sprz\u0119t Ogrodniczy Elektronarz\u0119dzia, Stowarzyszenie Be Active, JO-PA Sklep-Serwis, Podlaskie Centrum Modelarskie \u2013 Sklep Modelarski Bia\u0142ystok, MAHI \u2013 sprzeda\u017c samochod\u00f3w,. ZPUH ZUMEC, EKO-TRANS Wojciech Dadej, MR\u00d3WKA-SERWIS Jadowniki, ZUMEC, EURO AUTO DADEJ, NovuM Nikodem Misina, A4 STUDIO \u2013 Maria Borowiecka.<\/p>\n<p><strong>Organizatorzy <\/strong><\/p>\n<p>BRZESKA GRUPA TERENOWA, NETSYSTEM \u2013 Rafa\u0142 Cyga, AUTO-JEZIOREK \u2013 Pawe\u0142 Jeziorek, H20 \u2013 Dawid Mularz, DJS TEAM BRZESKO \u2013 Wojciech Duch, GOMECO \u2013 Piotr K\u0119dra oraz Dominika Cyga i Robert Sowa.<\/p>\n<p>_<\/p>\n<p>Brzesko.pl<\/p>\n","protected":false},"excerpt":{"rendered":"","protected":false},"author":1,"featured_media":5398,"comment_status":"open","ping_status":"open","sticky":false,"template":"","format":"standard","meta":{"tdm_status":"","tdm_grid_status":"","footnotes":""},"categories":[10],"tags":[],"class_list":{"0":"post-5392","1":"post","2":"type-post","3":"status-publish","4":"format-standard","5":"has-post-thumbnail","7":"category-wydarzenia"},"yoast_head":"<!-- This site is optimized with the Yoast SEO plugin v22.2 - https:\/\/yoast.com\/wordpress\/plugins\/seo\/ -->\n<title>II Brzeski Rajd Terenowy - \u017bycie Brzeska<\/title>\n<meta name=\"robots\" content=\"index, follow, max-snippet:-1, max-image-preview:large, max-video-preview:-1\" \/>\n<link rel=\"canonical\" href=\"https:\/\/zyciebrzeska.pl\/?p=5392\" \/>\n<meta property=\"og:locale\" content=\"pl_PL\" \/>\n<meta property=\"og:type\" content=\"article\" \/>\n<meta property=\"og:title\" content=\"II Brzeski Rajd Terenowy - \u017bycie Brzeska\" \/>\n<meta property=\"og:url\" content=\"https:\/\/zyciebrzeska.pl\/?p=5392\" \/>\n<meta property=\"og:site_name\" content=\"\u017bycie Brzeska\" \/>\n<meta property=\"article:publisher\" content=\"https:\/\/www.facebook.com\/brzeskoinfo\" \/>\n<meta property=\"article:published_time\" content=\"2023-04-17T19:32:44+00:00\" \/>\n<meta property=\"og:image\" content=\"https:\/\/zyciebrzeska.pl\/wp-content\/uploads\/2023\/04\/1-47.jpg\" \/>\n\t<meta property=\"og:image:width\" content=\"1620\" \/>\n\t<meta property=\"og:image:height\" content=\"1080\" \/>\n\t<meta property=\"og:image:type\" content=\"image\/jpeg\" \/>\n<meta name=\"author\" content=\"Redaktor\" \/>\n<meta name=\"twitter:card\" content=\"summary_large_image\" \/>\n<meta name=\"twitter:label1\" content=\"Napisane przez\" \/>\n\t<meta name=\"twitter:data1\" content=\"Redaktor\" \/>\n\t<meta name=\"twitter:label2\" content=\"Szacowany czas czytania\" \/>\n\t<meta name=\"twitter:data2\" content=\"5 minut\" \/>\n<script type=\"application\/ld+json\" class=\"yoast-schema-graph\">{\"@context\":\"https:\/\/schema.org\",\"@graph\":[{\"@type\":\"Article\",\"@id\":\"https:\/\/zyciebrzeska.pl\/?p=5392#article\",\"isPartOf\":{\"@id\":\"https:\/\/zyciebrzeska.pl\/?p=5392\"},\"author\":{\"name\":\"Redaktor\",\"@id\":\"https:\/\/zyciebrzeska.pl\/#\/schema\/person\/4da1e536b1da05972f13052ec6594aff\"},\"headline\":\"II Brzeski Rajd Terenowy\",\"datePublished\":\"2023-04-17T19:32:44+00:00\",\"dateModified\":\"2023-04-17T19:32:44+00:00\",\"mainEntityOfPage\":{\"@id\":\"https:\/\/zyciebrzeska.pl\/?p=5392\"},\"wordCount\":681,\"commentCount\":0,\"publisher\":{\"@id\":\"https:\/\/zyciebrzeska.pl\/#organization\"},\"image\":{\"@id\":\"https:\/\/zyciebrzeska.pl\/?p=5392#primaryimage\"},\"thumbnailUrl\":\"https:\/\/zyciebrzeska.pl\/wp-content\/uploads\/2023\/04\/1-47.jpg\",\"articleSection\":[\"Wydarzenia\"],\"inLanguage\":\"pl-PL\",\"potentialAction\":[{\"@type\":\"CommentAction\",\"name\":\"Comment\",\"target\":[\"https:\/\/zyciebrzeska.pl\/?p=5392#respond\"]}]},{\"@type\":\"WebPage\",\"@id\":\"https:\/\/zyciebrzeska.pl\/?p=5392\",\"url\":\"https:\/\/zyciebrzeska.pl\/?p=5392\",\"name\":\"II Brzeski Rajd Terenowy - \u017bycie Brzeska\",\"isPartOf\":{\"@id\":\"https:\/\/zyciebrzeska.pl\/#website\"},\"primaryImageOfPage\":{\"@id\":\"https:\/\/zyciebrzeska.pl\/?p=5392#primaryimage\"},\"image\":{\"@id\":\"https:\/\/zyciebrzeska.pl\/?p=5392#primaryimage\"},\"thumbnailUrl\":\"https:\/\/zyciebrzeska.pl\/wp-content\/uploads\/2023\/04\/1-47.jpg\",\"datePublished\":\"2023-04-17T19:32:44+00:00\",\"dateModified\":\"2023-04-17T19:32:44+00:00\",\"breadcrumb\":{\"@id\":\"https:\/\/zyciebrzeska.pl\/?p=5392#breadcrumb\"},\"inLanguage\":\"pl-PL\",\"potentialAction\":[{\"@type\":\"ReadAction\",\"target\":[\"https:\/\/zyciebrzeska.pl\/?p=5392\"]}]},{\"@type\":\"ImageObject\",\"inLanguage\":\"pl-PL\",\"@id\":\"https:\/\/zyciebrzeska.pl\/?p=5392#primaryimage\",\"url\":\"https:\/\/zyciebrzeska.pl\/wp-content\/uploads\/2023\/04\/1-47.jpg\",\"contentUrl\":\"https:\/\/zyciebrzeska.pl\/wp-content\/uploads\/2023\/04\/1-47.jpg\",\"width\":1620,\"height\":1080},{\"@type\":\"BreadcrumbList\",\"@id\":\"https:\/\/zyciebrzeska.pl\/?p=5392#breadcrumb\",\"itemListElement\":[{\"@type\":\"ListItem\",\"position\":1,\"name\":\"Home\",\"item\":\"https:\/\/zyciebrzeska.pl\/\"},{\"@type\":\"ListItem\",\"position\":2,\"name\":\"II Brzeski Rajd Terenowy\"}]},{\"@type\":\"WebSite\",\"@id\":\"https:\/\/zyciebrzeska.pl\/#website\",\"url\":\"https:\/\/zyciebrzeska.pl\/\",\"name\":\"\u017bycie Brzeska\",\"description\":\"Portal Ludzi Aktywnych\",\"publisher\":{\"@id\":\"https:\/\/zyciebrzeska.pl\/#organization\"},\"potentialAction\":[{\"@type\":\"SearchAction\",\"target\":{\"@type\":\"EntryPoint\",\"urlTemplate\":\"https:\/\/zyciebrzeska.pl\/?s={search_term_string}\"},\"query-input\":\"required name=search_term_string\"}],\"inLanguage\":\"pl-PL\"},{\"@type\":\"Organization\",\"@id\":\"https:\/\/zyciebrzeska.pl\/#organization\",\"name\":\"\u017bycie Brzeska\",\"url\":\"https:\/\/zyciebrzeska.pl\/\",\"logo\":{\"@type\":\"ImageObject\",\"inLanguage\":\"pl-PL\",\"@id\":\"https:\/\/zyciebrzeska.pl\/#\/schema\/logo\/image\/\",\"url\":\"https:\/\/server818677.nazwa.pl\/wordpress\/wpn_pierwszainstalacja\/wp-content\/uploads\/2023\/06\/admin-ajax.php-2.png\",\"contentUrl\":\"https:\/\/server818677.nazwa.pl\/wordpress\/wpn_pierwszainstalacja\/wp-content\/uploads\/2023\/06\/admin-ajax.php-2.png\",\"width\":400,\"height\":133,\"caption\":\"\u017bycie Brzeska\"},\"image\":{\"@id\":\"https:\/\/zyciebrzeska.pl\/#\/schema\/logo\/image\/\"},\"sameAs\":[\"https:\/\/www.facebook.com\/brzeskoinfo\"]},{\"@type\":\"Person\",\"@id\":\"https:\/\/zyciebrzeska.pl\/#\/schema\/person\/4da1e536b1da05972f13052ec6594aff\",\"name\":\"Redaktor\",\"image\":{\"@type\":\"ImageObject\",\"inLanguage\":\"pl-PL\",\"@id\":\"https:\/\/zyciebrzeska.pl\/#\/schema\/person\/image\/\",\"url\":\"https:\/\/secure.gravatar.com\/avatar\/9564c163e08185c7e0f7d0141ae3914237cf629898e8534b3dd06bb95817ae0b?s=96&d=mm&r=g\",\"contentUrl\":\"https:\/\/secure.gravatar.com\/avatar\/9564c163e08185c7e0f7d0141ae3914237cf629898e8534b3dd06bb95817ae0b?s=96&d=mm&r=g\",\"caption\":\"Redaktor\"},\"sameAs\":[\"http:\/\/zyciebrzeska.pl\"],\"url\":\"https:\/\/zyciebrzeska.pl\/?author=1\"}]}<\/script>\n<!-- \/ Yoast SEO plugin. -->","yoast_head_json":{"title":"II Brzeski Rajd Terenowy - \u017bycie Brzeska","robots":{"index":"index","follow":"follow","max-snippet":"max-snippet:-1","max-image-preview":"max-image-preview:large","max-video-preview":"max-video-preview:-1"},"canonical":"https:\/\/zyciebrzeska.pl\/?p=5392","og_locale":"pl_PL","og_type":"article","og_title":"II Brzeski Rajd Terenowy - \u017bycie Brzeska","og_url":"https:\/\/zyciebrzeska.pl\/?p=5392","og_site_name":"\u017bycie Brzeska","article_publisher":"https:\/\/www.facebook.com\/brzeskoinfo","article_published_time":"2023-04-17T19:32:44+00:00","og_image":[{"width":1620,"height":1080,"url":"https:\/\/zyciebrzeska.pl\/wp-content\/uploads\/2023\/04\/1-47.jpg","type":"image\/jpeg"}],"author":"Redaktor","twitter_card":"summary_large_image","twitter_misc":{"Napisane przez":"Redaktor","Szacowany czas czytania":"5 minut"},"schema":{"@context":"https:\/\/schema.org","@graph":[{"@type":"Article","@id":"https:\/\/zyciebrzeska.pl\/?p=5392#article","isPartOf":{"@id":"https:\/\/zyciebrzeska.pl\/?p=5392"},"author":{"name":"Redaktor","@id":"https:\/\/zyciebrzeska.pl\/#\/schema\/person\/4da1e536b1da05972f13052ec6594aff"},"headline":"II Brzeski Rajd Terenowy","datePublished":"2023-04-17T19:32:44+00:00","dateModified":"2023-04-17T19:32:44+00:00","mainEntityOfPage":{"@id":"https:\/\/zyciebrzeska.pl\/?p=5392"},"wordCount":681,"commentCount":0,"publisher":{"@id":"https:\/\/zyciebrzeska.pl\/#organization"},"image":{"@id":"https:\/\/zyciebrzeska.pl\/?p=5392#primaryimage"},"thumbnailUrl":"https:\/\/zyciebrzeska.pl\/wp-content\/uploads\/2023\/04\/1-47.jpg","articleSection":["Wydarzenia"],"inLanguage":"pl-PL","potentialAction":[{"@type":"CommentAction","name":"Comment","target":["https:\/\/zyciebrzeska.pl\/?p=5392#respond"]}]},{"@type":"WebPage","@id":"https:\/\/zyciebrzeska.pl\/?p=5392","url":"https:\/\/zyciebrzeska.pl\/?p=5392","name":"II Brzeski Rajd Terenowy - \u017bycie Brzeska","isPartOf":{"@id":"https:\/\/zyciebrzeska.pl\/#website"},"primaryImageOfPage":{"@id":"https:\/\/zyciebrzeska.pl\/?p=5392#primaryimage"},"image":{"@id":"https:\/\/zyciebrzeska.pl\/?p=5392#primaryimage"},"thumbnailUrl":"https:\/\/zyciebrzeska.pl\/wp-content\/uploads\/2023\/04\/1-47.jpg","datePublished":"2023-04-17T19:32:44+00:00","dateModified":"2023-04-17T19:32:44+00:00","breadcrumb":{"@id":"https:\/\/zyciebrzeska.pl\/?p=5392#breadcrumb"},"inLanguage":"pl-PL","potentialAction":[{"@type":"ReadAction","target":["https:\/\/zyciebrzeska.pl\/?p=5392"]}]},{"@type":"ImageObject","inLanguage":"pl-PL","@id":"https:\/\/zyciebrzeska.pl\/?p=5392#primaryimage","url":"https:\/\/zyciebrzeska.pl\/wp-content\/uploads\/2023\/04\/1-47.jpg","contentUrl":"https:\/\/zyciebrzeska.pl\/wp-content\/uploads\/2023\/04\/1-47.jpg","width":1620,"height":1080},{"@type":"BreadcrumbList","@id":"https:\/\/zyciebrzeska.pl\/?p=5392#breadcrumb","itemListElement":[{"@type":"ListItem","position":1,"name":"Home","item":"https:\/\/zyciebrzeska.pl\/"},{"@type":"ListItem","position":2,"name":"II Brzeski Rajd Terenowy"}]},{"@type":"WebSite","@id":"https:\/\/zyciebrzeska.pl\/#website","url":"https:\/\/zyciebrzeska.pl\/","name":"\u017bycie Brzeska","description":"Portal Ludzi Aktywnych","publisher":{"@id":"https:\/\/zyciebrzeska.pl\/#organization"},"potentialAction":[{"@type":"SearchAction","target":{"@type":"EntryPoint","urlTemplate":"https:\/\/zyciebrzeska.pl\/?s={search_term_string}"},"query-input":"required name=search_term_string"}],"inLanguage":"pl-PL"},{"@type":"Organization","@id":"https:\/\/zyciebrzeska.pl\/#organization","name":"\u017bycie Brzeska","url":"https:\/\/zyciebrzeska.pl\/","logo":{"@type":"ImageObject","inLanguage":"pl-PL","@id":"https:\/\/zyciebrzeska.pl\/#\/schema\/logo\/image\/","url":"https:\/\/server818677.nazwa.pl\/wordpress\/wpn_pierwszainstalacja\/wp-content\/uploads\/2023\/06\/admin-ajax.php-2.png","contentUrl":"https:\/\/server818677.nazwa.pl\/wordpress\/wpn_pierwszainstalacja\/wp-content\/uploads\/2023\/06\/admin-ajax.php-2.png","width":400,"height":133,"caption":"\u017bycie Brzeska"},"image":{"@id":"https:\/\/zyciebrzeska.pl\/#\/schema\/logo\/image\/"},"sameAs":["https:\/\/www.facebook.com\/brzeskoinfo"]},{"@type":"Person","@id":"https:\/\/zyciebrzeska.pl\/#\/schema\/person\/4da1e536b1da05972f13052ec6594aff","name":"Redaktor","image":{"@type":"ImageObject","inLanguage":"pl-PL","@id":"https:\/\/zyciebrzeska.pl\/#\/schema\/person\/image\/","url":"https:\/\/secure.gravatar.com\/avatar\/9564c163e08185c7e0f7d0141ae3914237cf629898e8534b3dd06bb95817ae0b?s=96&d=mm&r=g","contentUrl":"https:\/\/secure.gravatar.com\/avatar\/9564c163e08185c7e0f7d0141ae3914237cf629898e8534b3dd06bb95817ae0b?s=96&d=mm&r=g","caption":"Redaktor"},"sameAs":["http:\/\/zyciebrzeska.pl"],"url":"https:\/\/zyciebrzeska.pl\/?author=1"}]}},"_links":{"self":[{"href":"https:\/\/zyciebrzeska.pl\/index.php?rest_route=\/wp\/v2\/posts\/5392","targetHints":{"allow":["GET"]}}],"collection":[{"href":"https:\/\/zyciebrzeska.pl\/index.php?rest_route=\/wp\/v2\/posts"}],"about":[{"href":"https:\/\/zyciebrzeska.pl\/index.php?rest_route=\/wp\/v2\/types\/post"}],"author":[{"embeddable":true,"href":"https:\/\/zyciebrzeska.pl\/index.php?rest_route=\/wp\/v2\/users\/1"}],"replies":[{"embeddable":true,"href":"https:\/\/zyciebrzeska.pl\/index.php?rest_route=%2Fwp%2Fv2%2Fcomments&post=5392"}],"version-history":[{"count":0,"href":"https:\/\/zyciebrzeska.pl\/index.php?rest_route=\/wp\/v2\/posts\/5392\/revisions"}],"wp:featuredmedia":[{"embeddable":true,"href":"https:\/\/zyciebrzeska.pl\/index.php?rest_route=\/wp\/v2\/media\/5398"}],"wp:attachment":[{"href":"https:\/\/zyciebrzeska.pl\/index.php?rest_route=%2Fwp%2Fv2%2Fmedia&parent=5392"}],"wp:term":[{"taxonomy":"category","embeddable":true,"href":"https:\/\/zyciebrzeska.pl\/index.php?rest_route=%2Fwp%2Fv2%2Fcategories&post=5392"},{"taxonomy":"post_tag","embeddable":true,"href":"https:\/\/zyciebrzeska.pl\/index.php?rest_route=%2Fwp%2Fv2%2Ftags&post=5392"}],"curies":[{"name":"wp","href":"https:\/\/api.w.org\/{rel}","templated":true}]}}