{"id":5342,"date":"2023-04-05T19:00:59","date_gmt":"2023-04-05T19:00:59","guid":{"rendered":"https:\/\/zyciebrzeska.pl\/?p=5342"},"modified":"2023-04-05T19:00:59","modified_gmt":"2023-04-05T19:00:59","slug":"mlodziezowy-turniej-kreglarski-w-lesznie","status":"publish","type":"post","link":"https:\/\/zyciebrzeska.pl\/?p=5342","title":{"rendered":"M\u0142odzie\u017cowy Turniej Kr\u0119glarski w Lesznie"},"content":{"rendered":"\n<p>Rozegrany\u00a0 w Lesznie\u00a0 29 Memoria\u0142 St. Krzymi\u0144skiego i Br. Nowackiego by\u0142 ostatnim w\u00a0 tym sezonie\u00a0zaliczanym do M\u0142odzie\u017cowego GRAND PRIX POLSKI\u00a0\u00a0 turniejem kr\u0119glarstwa klasycznego.\u00a0<\/p>\n<p>Eliminacje do niedzielnego fina\u0142u ze wzgl\u0119du na liczb\u0119 zg\u0142oszonych uczestnik\u00f3w trwa\u0142y\u00a0 od wtorku (28.03. 2023) a\u017c do p\u00f3\u017anych godzin wieczornych w sobot\u0119.<\/p>\n<p>\u0141\u0105cznie we wszystkich kategoriach wiekowych na starcie stan\u0119\u0142o 198 zawodnik\u00f3w i zawodniczek.<\/p>\n<p>W trakcie memoria\u0142u pad\u0142o kilka rekord\u00f3w i to nie tylko tych \u017cyciowych ale r\u00f3wnie\u017c\u00a0 rekord\u00f3w leszczy\u0144skiej kr\u0119gielni\u00a0 jak\u00a0 i rekord Polski. Ten ostatni ustanowi\u0142y dziewczynki\u00a0 z Wronek\u00a0(Kaja i Maja\u00a0Zastr\u00f3\u017cne)\u00a0w kat. par dziewczynek.\u00a0<\/p>\n<p><strong>BOSiR Brzesko\u00a0<\/strong> reprezentowali:<\/p>\n<p>w kat. juniorek m\u0142odszych \u2013 <strong>Izabela Cebula<\/strong><\/p>\n<p>w kat. junior\u00f3w m\u0142odszych \u2013 <strong>Gabriel\u00a0 Zastawnik, Piotr Morawiec i Bart\u0142omiej Hynek<\/strong><\/p>\n<p>w kat. ch\u0142opc\u00f3w \u2013 <strong>Artur \u0141oboda.<\/strong><\/p>\n<p>W\u00a0 starcie\u00a0 eliminacyjnym nasz zawodnik (<strong>Gabriel Zastawnik<\/strong>) ustanowi\u0142 nowy rekord \u017cyciowy\u00a0 <strong>647<\/strong> kr\u0119gli wyr\u00f3wnuj\u0105c tym samym rekord Polski w tej kat. wiekowej.<\/p>\n<p>Do niedzielnego fina\u0142u awansowa\u0142 r\u00f3wnie\u017c <strong>Piotr Morawiec<\/strong> (569\u00a0 kr\u0119gli\u00a0 \u2013\u00a0 to r\u00f3wnie\u017c nowa \u017cyci\u00f3wka Piotrka).<\/p>\n<p><strong>Bartek Hynek<\/strong> z wynikiem eliminacji 548 kr\u0119gli zaj\u0105\u0142\u00a0 miejsce 14.\u00a0<\/p>\n<p>Jedyna reprezentuj\u0105ca BOSiR Brzesko juniorka m\u0142odsza <strong>Iza Cebula<\/strong> z wynikiem\u00a0516 kr\u0119gli zaj\u0119\u0142a\u00a0 miejsce 12.<\/p>\n<p>Bardzo dobrze po raz\u00a0 kolejny\u00a0zaprezentowa\u0142 si\u0119 w kat. ch\u0142opc\u00f3w <strong>Artur \u0141oboda.<\/strong><\/p>\n<p>Zbi\u0142\u00a0 315\u00a0 kr\u0119gli i to da\u0142o mu w zawodach miejsce 9.\u00a0<\/p>\n<p>W niedzielnym finale <strong>Gabry\u015b<\/strong> przypiecz\u0119towa\u0142\u00a0 swoje zwyci\u0119stwo str\u0105caj\u0105c 608 kr\u0119gli\u00a0 i pewnie wygrywaj\u0105c\u00a0 zar\u00f3wno zawody w Lesznie jak i\u00a0 klasyfikacj\u0119 M\u0142odzie\u017cowego GP Polski w kat. junior\u00f3w m\u0142odszych (na 1400 mo\u017cliwych punkt\u00f3w w ca\u0142ym sezonie uzyska\u0142 wynik 1360).\u00a0<\/p>\n<p>Naszym zawodnikom GRATULUJEMY udanego wyst\u0119pu.<\/p>\n<p>Po raz kolejny nasza m\u0142odzie\u017c\u00a0 b\u0119dzie mia\u0142a okazj\u0119 zaprezentowa\u0107 si\u0119 na rozgrywanych\u00a0<\/p>\n<p>w dniach\u00a014-16 kwietnia Mistrzostwach Polski\u00a0juniorek i junior\u00f3w\u00a0m\u0142odszych w Tomaszowie Mazowieckim.<\/p>\n<p>R\u00f3wnocze\u015bnie mi\u0142o nam poinformowa\u0107, \u017ce zawodnik BOSiR \u2013 u Brzesko <strong>Jakub Kury\u0142o\u00a0 <\/strong>otrzyma\u0142 powo\u0142anie na rozgrywany\u00a0 w dniu 15 kwietnia\u00a0 w Tarnowie Podg\u00f3rnym\u00a0 mecz mi\u0119dzypa\u0144stwowy\u00a0 pomi\u0119dzy reprezentacjami Polski i Niemiec.\u00a0<\/p>\n<p>Wszystkim \u017cyczymy\u00a0 wysokich wynik\u00f3w.<\/p>\n<p>DOBRY\u00a0 RZUT!!!\u00a0<\/p>\n<p><em>Wyjazd na zawody do Leszna by\u0142 wsp\u00f3\u0142finansowany przez Gmin\u0119 Brzesko w ramach programu wspierania kultury fizycznej i sportu w 2023 r.<\/em><\/p>\n\n\n","protected":false},"excerpt":{"rendered":"","protected":false},"author":1,"featured_media":5343,"comment_status":"open","ping_status":"open","sticky":false,"template":"","format":"standard","meta":{"tdm_status":"","tdm_grid_status":"","footnotes":""},"categories":[8],"tags":[],"class_list":{"0":"post-5342","1":"post","2":"type-post","3":"status-publish","4":"format-standard","5":"has-post-thumbnail","7":"category-sport"},"yoast_head":"<!-- This site is optimized with the Yoast SEO plugin v22.2 - https:\/\/yoast.com\/wordpress\/plugins\/seo\/ -->\n<title>M\u0142odzie\u017cowy Turniej Kr\u0119glarski w Lesznie - \u017bycie Brzeska<\/title>\n<meta name=\"robots\" content=\"index, follow, max-snippet:-1, max-image-preview:large, max-video-preview:-1\" \/>\n<link rel=\"canonical\" href=\"https:\/\/zyciebrzeska.pl\/?p=5342\" \/>\n<meta property=\"og:locale\" content=\"pl_PL\" \/>\n<meta property=\"og:type\" content=\"article\" \/>\n<meta property=\"og:title\" content=\"M\u0142odzie\u017cowy Turniej Kr\u0119glarski w Lesznie - \u017bycie Brzeska\" \/>\n<meta property=\"og:url\" content=\"https:\/\/zyciebrzeska.pl\/?p=5342\" \/>\n<meta property=\"og:site_name\" content=\"\u017bycie Brzeska\" \/>\n<meta property=\"article:publisher\" content=\"https:\/\/www.facebook.com\/brzeskoinfo\" \/>\n<meta property=\"article:published_time\" content=\"2023-04-05T19:00:59+00:00\" \/>\n<meta property=\"og:image\" content=\"https:\/\/zyciebrzeska.pl\/wp-content\/uploads\/2023\/04\/x20230401_180351-768x1024.jpg.pagespeed.ic_.AwsQ9W-I6u.jpg\" \/>\n\t<meta property=\"og:image:width\" content=\"768\" \/>\n\t<meta property=\"og:image:height\" content=\"1024\" \/>\n\t<meta property=\"og:image:type\" content=\"image\/jpeg\" \/>\n<meta name=\"author\" content=\"Redaktor\" \/>\n<meta name=\"twitter:card\" content=\"summary_large_image\" \/>\n<meta name=\"twitter:label1\" content=\"Napisane przez\" \/>\n\t<meta name=\"twitter:data1\" content=\"Redaktor\" \/>\n\t<meta name=\"twitter:label2\" content=\"Szacowany czas czytania\" \/>\n\t<meta name=\"twitter:data2\" content=\"3 minuty\" \/>\n<script type=\"application\/ld+json\" class=\"yoast-schema-graph\">{\"@context\":\"https:\/\/schema.org\",\"@graph\":[{\"@type\":\"Article\",\"@id\":\"https:\/\/zyciebrzeska.pl\/?p=5342#article\",\"isPartOf\":{\"@id\":\"https:\/\/zyciebrzeska.pl\/?p=5342\"},\"author\":{\"name\":\"Redaktor\",\"@id\":\"https:\/\/zyciebrzeska.pl\/#\/schema\/person\/4da1e536b1da05972f13052ec6594aff\"},\"headline\":\"M\u0142odzie\u017cowy Turniej Kr\u0119glarski w Lesznie\",\"datePublished\":\"2023-04-05T19:00:59+00:00\",\"dateModified\":\"2023-04-05T19:00:59+00:00\",\"mainEntityOfPage\":{\"@id\":\"https:\/\/zyciebrzeska.pl\/?p=5342\"},\"wordCount\":391,\"commentCount\":0,\"publisher\":{\"@id\":\"https:\/\/zyciebrzeska.pl\/#organization\"},\"image\":{\"@id\":\"https:\/\/zyciebrzeska.pl\/?p=5342#primaryimage\"},\"thumbnailUrl\":\"https:\/\/zyciebrzeska.pl\/wp-content\/uploads\/2023\/04\/x20230401_180351-768x1024.jpg.pagespeed.ic_.AwsQ9W-I6u.jpg\",\"articleSection\":[\"Sport\"],\"inLanguage\":\"pl-PL\",\"potentialAction\":[{\"@type\":\"CommentAction\",\"name\":\"Comment\",\"target\":[\"https:\/\/zyciebrzeska.pl\/?p=5342#respond\"]}]},{\"@type\":\"WebPage\",\"@id\":\"https:\/\/zyciebrzeska.pl\/?p=5342\",\"url\":\"https:\/\/zyciebrzeska.pl\/?p=5342\",\"name\":\"M\u0142odzie\u017cowy Turniej Kr\u0119glarski w Lesznie - \u017bycie Brzeska\",\"isPartOf\":{\"@id\":\"https:\/\/zyciebrzeska.pl\/#website\"},\"primaryImageOfPage\":{\"@id\":\"https:\/\/zyciebrzeska.pl\/?p=5342#primaryimage\"},\"image\":{\"@id\":\"https:\/\/zyciebrzeska.pl\/?p=5342#primaryimage\"},\"thumbnailUrl\":\"https:\/\/zyciebrzeska.pl\/wp-content\/uploads\/2023\/04\/x20230401_180351-768x1024.jpg.pagespeed.ic_.AwsQ9W-I6u.jpg\",\"datePublished\":\"2023-04-05T19:00:59+00:00\",\"dateModified\":\"2023-04-05T19:00:59+00:00\",\"breadcrumb\":{\"@id\":\"https:\/\/zyciebrzeska.pl\/?p=5342#breadcrumb\"},\"inLanguage\":\"pl-PL\",\"potentialAction\":[{\"@type\":\"ReadAction\",\"target\":[\"https:\/\/zyciebrzeska.pl\/?p=5342\"]}]},{\"@type\":\"ImageObject\",\"inLanguage\":\"pl-PL\",\"@id\":\"https:\/\/zyciebrzeska.pl\/?p=5342#primaryimage\",\"url\":\"https:\/\/zyciebrzeska.pl\/wp-content\/uploads\/2023\/04\/x20230401_180351-768x1024.jpg.pagespeed.ic_.AwsQ9W-I6u.jpg\",\"contentUrl\":\"https:\/\/zyciebrzeska.pl\/wp-content\/uploads\/2023\/04\/x20230401_180351-768x1024.jpg.pagespeed.ic_.AwsQ9W-I6u.jpg\",\"width\":768,\"height\":1024},{\"@type\":\"BreadcrumbList\",\"@id\":\"https:\/\/zyciebrzeska.pl\/?p=5342#breadcrumb\",\"itemListElement\":[{\"@type\":\"ListItem\",\"position\":1,\"name\":\"Home\",\"item\":\"https:\/\/zyciebrzeska.pl\/\"},{\"@type\":\"ListItem\",\"position\":2,\"name\":\"M\u0142odzie\u017cowy Turniej Kr\u0119glarski w Lesznie\"}]},{\"@type\":\"WebSite\",\"@id\":\"https:\/\/zyciebrzeska.pl\/#website\",\"url\":\"https:\/\/zyciebrzeska.pl\/\",\"name\":\"\u017bycie Brzeska\",\"description\":\"Portal Ludzi Aktywnych\",\"publisher\":{\"@id\":\"https:\/\/zyciebrzeska.pl\/#organization\"},\"potentialAction\":[{\"@type\":\"SearchAction\",\"target\":{\"@type\":\"EntryPoint\",\"urlTemplate\":\"https:\/\/zyciebrzeska.pl\/?s={search_term_string}\"},\"query-input\":\"required name=search_term_string\"}],\"inLanguage\":\"pl-PL\"},{\"@type\":\"Organization\",\"@id\":\"https:\/\/zyciebrzeska.pl\/#organization\",\"name\":\"\u017bycie Brzeska\",\"url\":\"https:\/\/zyciebrzeska.pl\/\",\"logo\":{\"@type\":\"ImageObject\",\"inLanguage\":\"pl-PL\",\"@id\":\"https:\/\/zyciebrzeska.pl\/#\/schema\/logo\/image\/\",\"url\":\"https:\/\/server818677.nazwa.pl\/wordpress\/wpn_pierwszainstalacja\/wp-content\/uploads\/2023\/06\/admin-ajax.php-2.png\",\"contentUrl\":\"https:\/\/server818677.nazwa.pl\/wordpress\/wpn_pierwszainstalacja\/wp-content\/uploads\/2023\/06\/admin-ajax.php-2.png\",\"width\":400,\"height\":133,\"caption\":\"\u017bycie Brzeska\"},\"image\":{\"@id\":\"https:\/\/zyciebrzeska.pl\/#\/schema\/logo\/image\/\"},\"sameAs\":[\"https:\/\/www.facebook.com\/brzeskoinfo\"]},{\"@type\":\"Person\",\"@id\":\"https:\/\/zyciebrzeska.pl\/#\/schema\/person\/4da1e536b1da05972f13052ec6594aff\",\"name\":\"Redaktor\",\"image\":{\"@type\":\"ImageObject\",\"inLanguage\":\"pl-PL\",\"@id\":\"https:\/\/zyciebrzeska.pl\/#\/schema\/person\/image\/\",\"url\":\"https:\/\/secure.gravatar.com\/avatar\/9564c163e08185c7e0f7d0141ae3914237cf629898e8534b3dd06bb95817ae0b?s=96&d=mm&r=g\",\"contentUrl\":\"https:\/\/secure.gravatar.com\/avatar\/9564c163e08185c7e0f7d0141ae3914237cf629898e8534b3dd06bb95817ae0b?s=96&d=mm&r=g\",\"caption\":\"Redaktor\"},\"sameAs\":[\"http:\/\/zyciebrzeska.pl\"],\"url\":\"https:\/\/zyciebrzeska.pl\/?author=1\"}]}<\/script>\n<!-- \/ Yoast SEO plugin. -->","yoast_head_json":{"title":"M\u0142odzie\u017cowy Turniej Kr\u0119glarski w Lesznie - \u017bycie Brzeska","robots":{"index":"index","follow":"follow","max-snippet":"max-snippet:-1","max-image-preview":"max-image-preview:large","max-video-preview":"max-video-preview:-1"},"canonical":"https:\/\/zyciebrzeska.pl\/?p=5342","og_locale":"pl_PL","og_type":"article","og_title":"M\u0142odzie\u017cowy Turniej Kr\u0119glarski w Lesznie - \u017bycie Brzeska","og_url":"https:\/\/zyciebrzeska.pl\/?p=5342","og_site_name":"\u017bycie Brzeska","article_publisher":"https:\/\/www.facebook.com\/brzeskoinfo","article_published_time":"2023-04-05T19:00:59+00:00","og_image":[{"width":768,"height":1024,"url":"https:\/\/zyciebrzeska.pl\/wp-content\/uploads\/2023\/04\/x20230401_180351-768x1024.jpg.pagespeed.ic_.AwsQ9W-I6u.jpg","type":"image\/jpeg"}],"author":"Redaktor","twitter_card":"summary_large_image","twitter_misc":{"Napisane przez":"Redaktor","Szacowany czas czytania":"3 minuty"},"schema":{"@context":"https:\/\/schema.org","@graph":[{"@type":"Article","@id":"https:\/\/zyciebrzeska.pl\/?p=5342#article","isPartOf":{"@id":"https:\/\/zyciebrzeska.pl\/?p=5342"},"author":{"name":"Redaktor","@id":"https:\/\/zyciebrzeska.pl\/#\/schema\/person\/4da1e536b1da05972f13052ec6594aff"},"headline":"M\u0142odzie\u017cowy Turniej Kr\u0119glarski w Lesznie","datePublished":"2023-04-05T19:00:59+00:00","dateModified":"2023-04-05T19:00:59+00:00","mainEntityOfPage":{"@id":"https:\/\/zyciebrzeska.pl\/?p=5342"},"wordCount":391,"commentCount":0,"publisher":{"@id":"https:\/\/zyciebrzeska.pl\/#organization"},"image":{"@id":"https:\/\/zyciebrzeska.pl\/?p=5342#primaryimage"},"thumbnailUrl":"https:\/\/zyciebrzeska.pl\/wp-content\/uploads\/2023\/04\/x20230401_180351-768x1024.jpg.pagespeed.ic_.AwsQ9W-I6u.jpg","articleSection":["Sport"],"inLanguage":"pl-PL","potentialAction":[{"@type":"CommentAction","name":"Comment","target":["https:\/\/zyciebrzeska.pl\/?p=5342#respond"]}]},{"@type":"WebPage","@id":"https:\/\/zyciebrzeska.pl\/?p=5342","url":"https:\/\/zyciebrzeska.pl\/?p=5342","name":"M\u0142odzie\u017cowy Turniej Kr\u0119glarski w Lesznie - \u017bycie Brzeska","isPartOf":{"@id":"https:\/\/zyciebrzeska.pl\/#website"},"primaryImageOfPage":{"@id":"https:\/\/zyciebrzeska.pl\/?p=5342#primaryimage"},"image":{"@id":"https:\/\/zyciebrzeska.pl\/?p=5342#primaryimage"},"thumbnailUrl":"https:\/\/zyciebrzeska.pl\/wp-content\/uploads\/2023\/04\/x20230401_180351-768x1024.jpg.pagespeed.ic_.AwsQ9W-I6u.jpg","datePublished":"2023-04-05T19:00:59+00:00","dateModified":"2023-04-05T19:00:59+00:00","breadcrumb":{"@id":"https:\/\/zyciebrzeska.pl\/?p=5342#breadcrumb"},"inLanguage":"pl-PL","potentialAction":[{"@type":"ReadAction","target":["https:\/\/zyciebrzeska.pl\/?p=5342"]}]},{"@type":"ImageObject","inLanguage":"pl-PL","@id":"https:\/\/zyciebrzeska.pl\/?p=5342#primaryimage","url":"https:\/\/zyciebrzeska.pl\/wp-content\/uploads\/2023\/04\/x20230401_180351-768x1024.jpg.pagespeed.ic_.AwsQ9W-I6u.jpg","contentUrl":"https:\/\/zyciebrzeska.pl\/wp-content\/uploads\/2023\/04\/x20230401_180351-768x1024.jpg.pagespeed.ic_.AwsQ9W-I6u.jpg","width":768,"height":1024},{"@type":"BreadcrumbList","@id":"https:\/\/zyciebrzeska.pl\/?p=5342#breadcrumb","itemListElement":[{"@type":"ListItem","position":1,"name":"Home","item":"https:\/\/zyciebrzeska.pl\/"},{"@type":"ListItem","position":2,"name":"M\u0142odzie\u017cowy Turniej Kr\u0119glarski w Lesznie"}]},{"@type":"WebSite","@id":"https:\/\/zyciebrzeska.pl\/#website","url":"https:\/\/zyciebrzeska.pl\/","name":"\u017bycie Brzeska","description":"Portal Ludzi Aktywnych","publisher":{"@id":"https:\/\/zyciebrzeska.pl\/#organization"},"potentialAction":[{"@type":"SearchAction","target":{"@type":"EntryPoint","urlTemplate":"https:\/\/zyciebrzeska.pl\/?s={search_term_string}"},"query-input":"required name=search_term_string"}],"inLanguage":"pl-PL"},{"@type":"Organization","@id":"https:\/\/zyciebrzeska.pl\/#organization","name":"\u017bycie Brzeska","url":"https:\/\/zyciebrzeska.pl\/","logo":{"@type":"ImageObject","inLanguage":"pl-PL","@id":"https:\/\/zyciebrzeska.pl\/#\/schema\/logo\/image\/","url":"https:\/\/server818677.nazwa.pl\/wordpress\/wpn_pierwszainstalacja\/wp-content\/uploads\/2023\/06\/admin-ajax.php-2.png","contentUrl":"https:\/\/server818677.nazwa.pl\/wordpress\/wpn_pierwszainstalacja\/wp-content\/uploads\/2023\/06\/admin-ajax.php-2.png","width":400,"height":133,"caption":"\u017bycie Brzeska"},"image":{"@id":"https:\/\/zyciebrzeska.pl\/#\/schema\/logo\/image\/"},"sameAs":["https:\/\/www.facebook.com\/brzeskoinfo"]},{"@type":"Person","@id":"https:\/\/zyciebrzeska.pl\/#\/schema\/person\/4da1e536b1da05972f13052ec6594aff","name":"Redaktor","image":{"@type":"ImageObject","inLanguage":"pl-PL","@id":"https:\/\/zyciebrzeska.pl\/#\/schema\/person\/image\/","url":"https:\/\/secure.gravatar.com\/avatar\/9564c163e08185c7e0f7d0141ae3914237cf629898e8534b3dd06bb95817ae0b?s=96&d=mm&r=g","contentUrl":"https:\/\/secure.gravatar.com\/avatar\/9564c163e08185c7e0f7d0141ae3914237cf629898e8534b3dd06bb95817ae0b?s=96&d=mm&r=g","caption":"Redaktor"},"sameAs":["http:\/\/zyciebrzeska.pl"],"url":"https:\/\/zyciebrzeska.pl\/?author=1"}]}},"_links":{"self":[{"href":"https:\/\/zyciebrzeska.pl\/index.php?rest_route=\/wp\/v2\/posts\/5342","targetHints":{"allow":["GET"]}}],"collection":[{"href":"https:\/\/zyciebrzeska.pl\/index.php?rest_route=\/wp\/v2\/posts"}],"about":[{"href":"https:\/\/zyciebrzeska.pl\/index.php?rest_route=\/wp\/v2\/types\/post"}],"author":[{"embeddable":true,"href":"https:\/\/zyciebrzeska.pl\/index.php?rest_route=\/wp\/v2\/users\/1"}],"replies":[{"embeddable":true,"href":"https:\/\/zyciebrzeska.pl\/index.php?rest_route=%2Fwp%2Fv2%2Fcomments&post=5342"}],"version-history":[{"count":0,"href":"https:\/\/zyciebrzeska.pl\/index.php?rest_route=\/wp\/v2\/posts\/5342\/revisions"}],"wp:featuredmedia":[{"embeddable":true,"href":"https:\/\/zyciebrzeska.pl\/index.php?rest_route=\/wp\/v2\/media\/5343"}],"wp:attachment":[{"href":"https:\/\/zyciebrzeska.pl\/index.php?rest_route=%2Fwp%2Fv2%2Fmedia&parent=5342"}],"wp:term":[{"taxonomy":"category","embeddable":true,"href":"https:\/\/zyciebrzeska.pl\/index.php?rest_route=%2Fwp%2Fv2%2Fcategories&post=5342"},{"taxonomy":"post_tag","embeddable":true,"href":"https:\/\/zyciebrzeska.pl\/index.php?rest_route=%2Fwp%2Fv2%2Ftags&post=5342"}],"curies":[{"name":"wp","href":"https:\/\/api.w.org\/{rel}","templated":true}]}}