{"id":4529,"date":"2020-07-02T13:45:49","date_gmt":"2020-07-02T13:45:49","guid":{"rendered":"https:\/\/zyciebrzeska.pl\/?p=4529"},"modified":"2020-07-02T13:45:49","modified_gmt":"2020-07-02T13:45:49","slug":"nowy-sprzet-multimedialny-w-szkole-podstawowej-w-niedzieliskach","status":"publish","type":"post","link":"https:\/\/zyciebrzeska.pl\/?p=4529","title":{"rendered":"Nowy sprz\u0119t multimedialny w Szkole Podstawowej w Niedzieliskach"},"content":{"rendered":"\n<p><span style=\"font-size: inherit;\">W ostatnich dniach roku szkolnego 2019\/2020 nasza szko\u0142a otrzyma\u0142a nowy sprz\u0119t multimedialny. Szczodrym darczy\u0144c\u0105 okaza\u0142 si\u0119 Absolwent naszej szko\u0142y &#8211; Pan Pawe\u0142 Wojcieszek. By\u0142y mieszkaniec Niedzielisk urodzi\u0142 si\u0119 10 kwietnia 1931 roku w Niedzieliskach, powiat Brzesko.<\/span><\/p>\n<p>By\u0142 uczniem Publicznej Szko\u0142y Powszechnej w Niedzieliskach stopnia pierwszego. Opiekunk\u0105 klasy by\u0142a Pani Sylwestra Roczniak, wieloletnia nauczycielka szko\u0142y w Niedzieliskach, a kierownikiem szko\u0142y &#8211; Pan W\u0142adys\u0142aw Roczniak. Obecnie, Pan Pawe\u0142 Wojcieszek mieszka w Szczecinie.<\/p>\n<p>Pan Pawe\u0142 Wojcieszek zakupi\u0142 monitor interaktywny 4k 65 cali, stojak mobilny, modu\u0142 zewn\u0119trzny Android za \u0142\u0105czn\u0105 kwot\u0119 9 900 z\u0142otych oraz urz\u0105dzenie wielofunkcyjne, HP &#8211; 870 z\u0142otych, co jest kolejnym etapem modernizacji naszej plac\u00f3wki.<\/p>\n<p><a href=\"https:\/\/server818677.nazwa.pl\/wordpress\/wpn_pierwszainstalacja\/wp-content\/uploads\/2020\/07\/92F1034C-4A6B-4CF1-8435-9FA2C638C756.jpeg\"><img loading=\"lazy\" decoding=\"async\" class=\"alignnone size-full wp-image-4530\" src=\"https:\/\/server818677.nazwa.pl\/wordpress\/wpn_pierwszainstalacja\/wp-content\/uploads\/2020\/07\/92F1034C-4A6B-4CF1-8435-9FA2C638C756.jpeg\" alt=\"\" width=\"580\" height=\"435\" srcset=\"https:\/\/zyciebrzeska.pl\/wp-content\/uploads\/2020\/07\/92F1034C-4A6B-4CF1-8435-9FA2C638C756.jpeg 580w, https:\/\/zyciebrzeska.pl\/wp-content\/uploads\/2020\/07\/92F1034C-4A6B-4CF1-8435-9FA2C638C756-300x225.jpeg 300w\" sizes=\"auto, (max-width: 580px) 100vw, 580px\" \/><\/a> <a href=\"https:\/\/server818677.nazwa.pl\/wordpress\/wpn_pierwszainstalacja\/wp-content\/uploads\/2020\/07\/21FCD8B5-1102-4498-B27E-572F5248936F.jpeg\"><img loading=\"lazy\" decoding=\"async\" class=\"alignnone size-full wp-image-4531\" src=\"https:\/\/server818677.nazwa.pl\/wordpress\/wpn_pierwszainstalacja\/wp-content\/uploads\/2020\/07\/21FCD8B5-1102-4498-B27E-572F5248936F.jpeg\" alt=\"\" width=\"580\" height=\"435\" srcset=\"https:\/\/zyciebrzeska.pl\/wp-content\/uploads\/2020\/07\/21FCD8B5-1102-4498-B27E-572F5248936F.jpeg 580w, https:\/\/zyciebrzeska.pl\/wp-content\/uploads\/2020\/07\/21FCD8B5-1102-4498-B27E-572F5248936F-300x225.jpeg 300w\" sizes=\"auto, (max-width: 580px) 100vw, 580px\" \/><\/a><\/p>\n<p>Zakupiony sprz\u0119t przyczyni\u0142 si\u0119 do tego, \u017ce nasza szko\u0142a mo\u017ce nieustannie si\u0119 rozwija\u0107, dostosowywa\u0107 do wymog\u00f3w wsp\u00f3\u0142czesno\u015bci, a tym samym zapewnia\u0107 uczniom edukacj\u0119 na najwy\u017cszym poziomie. Okazane wsparcie finansowe przyczyni\u0142o si\u0119 do podwy\u017cszenia standardu naszej szko\u0142y.<\/p>\n<p>\u017bywimy tak\u017ce g\u0142\u0119bokie przekonanie, i\u017c niedaleka przysz\u0142o\u015b\u0107 przyniesie nam okazj\u0119 do spotkania z Panem Paw\u0142em Wojcieszek w naszej szkole. B\u0119dzie nam niezmiernie mi\u0142o go\u015bci\u0107 go w murach naszej szko\u0142y w Niedzieliskach oraz pos\u0142ucha\u0107 wspomnie\u0144 zwi\u0105zanych ze szko\u0142\u0105 i z miejscowo\u015bci\u0105, z kt\u00f3rej pochodzi.<br \/><br \/><\/p>\n<p>szczurowa.pl\u00a0<\/p>\n","protected":false},"excerpt":{"rendered":"","protected":false},"author":1,"featured_media":4530,"comment_status":"open","ping_status":"open","sticky":false,"template":"","format":"standard","meta":{"tdm_status":"","tdm_grid_status":"","footnotes":""},"categories":[10],"tags":[],"class_list":{"0":"post-4529","1":"post","2":"type-post","3":"status-publish","4":"format-standard","5":"has-post-thumbnail","7":"category-wydarzenia"},"yoast_head":"<!-- This site is optimized with the Yoast SEO plugin v22.2 - https:\/\/yoast.com\/wordpress\/plugins\/seo\/ -->\n<title>Nowy sprz\u0119t multimedialny w Szkole Podstawowej w Niedzieliskach - \u017bycie Brzeska<\/title>\n<meta name=\"robots\" content=\"index, follow, max-snippet:-1, max-image-preview:large, max-video-preview:-1\" \/>\n<link rel=\"canonical\" href=\"https:\/\/zyciebrzeska.pl\/?p=4529\" \/>\n<meta property=\"og:locale\" content=\"pl_PL\" \/>\n<meta property=\"og:type\" content=\"article\" \/>\n<meta property=\"og:title\" content=\"Nowy sprz\u0119t multimedialny w Szkole Podstawowej w Niedzieliskach - \u017bycie Brzeska\" \/>\n<meta property=\"og:url\" content=\"https:\/\/zyciebrzeska.pl\/?p=4529\" \/>\n<meta property=\"og:site_name\" content=\"\u017bycie Brzeska\" \/>\n<meta property=\"article:publisher\" content=\"https:\/\/www.facebook.com\/brzeskoinfo\" \/>\n<meta property=\"article:published_time\" content=\"2020-07-02T13:45:49+00:00\" \/>\n<meta property=\"og:image\" content=\"https:\/\/zyciebrzeska.pl\/wp-content\/uploads\/2020\/07\/92F1034C-4A6B-4CF1-8435-9FA2C638C756.jpeg\" \/>\n\t<meta property=\"og:image:width\" content=\"580\" \/>\n\t<meta property=\"og:image:height\" content=\"435\" \/>\n\t<meta property=\"og:image:type\" content=\"image\/jpeg\" \/>\n<meta name=\"author\" content=\"Redaktor\" \/>\n<meta name=\"twitter:card\" content=\"summary_large_image\" \/>\n<meta name=\"twitter:label1\" content=\"Napisane przez\" \/>\n\t<meta name=\"twitter:data1\" content=\"Redaktor\" \/>\n\t<meta name=\"twitter:label2\" content=\"Szacowany czas czytania\" \/>\n\t<meta name=\"twitter:data2\" content=\"1 minuta\" \/>\n<script type=\"application\/ld+json\" class=\"yoast-schema-graph\">{\"@context\":\"https:\/\/schema.org\",\"@graph\":[{\"@type\":\"Article\",\"@id\":\"https:\/\/zyciebrzeska.pl\/?p=4529#article\",\"isPartOf\":{\"@id\":\"https:\/\/zyciebrzeska.pl\/?p=4529\"},\"author\":{\"name\":\"Redaktor\",\"@id\":\"https:\/\/zyciebrzeska.pl\/#\/schema\/person\/4da1e536b1da05972f13052ec6594aff\"},\"headline\":\"Nowy sprz\u0119t multimedialny w Szkole Podstawowej w Niedzieliskach\",\"datePublished\":\"2020-07-02T13:45:49+00:00\",\"dateModified\":\"2020-07-02T13:45:49+00:00\",\"mainEntityOfPage\":{\"@id\":\"https:\/\/zyciebrzeska.pl\/?p=4529\"},\"wordCount\":226,\"commentCount\":0,\"publisher\":{\"@id\":\"https:\/\/zyciebrzeska.pl\/#organization\"},\"image\":{\"@id\":\"https:\/\/zyciebrzeska.pl\/?p=4529#primaryimage\"},\"thumbnailUrl\":\"https:\/\/zyciebrzeska.pl\/wp-content\/uploads\/2020\/07\/92F1034C-4A6B-4CF1-8435-9FA2C638C756.jpeg\",\"articleSection\":[\"Wydarzenia\"],\"inLanguage\":\"pl-PL\",\"potentialAction\":[{\"@type\":\"CommentAction\",\"name\":\"Comment\",\"target\":[\"https:\/\/zyciebrzeska.pl\/?p=4529#respond\"]}]},{\"@type\":\"WebPage\",\"@id\":\"https:\/\/zyciebrzeska.pl\/?p=4529\",\"url\":\"https:\/\/zyciebrzeska.pl\/?p=4529\",\"name\":\"Nowy sprz\u0119t multimedialny w Szkole Podstawowej w Niedzieliskach - \u017bycie Brzeska\",\"isPartOf\":{\"@id\":\"https:\/\/zyciebrzeska.pl\/#website\"},\"primaryImageOfPage\":{\"@id\":\"https:\/\/zyciebrzeska.pl\/?p=4529#primaryimage\"},\"image\":{\"@id\":\"https:\/\/zyciebrzeska.pl\/?p=4529#primaryimage\"},\"thumbnailUrl\":\"https:\/\/zyciebrzeska.pl\/wp-content\/uploads\/2020\/07\/92F1034C-4A6B-4CF1-8435-9FA2C638C756.jpeg\",\"datePublished\":\"2020-07-02T13:45:49+00:00\",\"dateModified\":\"2020-07-02T13:45:49+00:00\",\"breadcrumb\":{\"@id\":\"https:\/\/zyciebrzeska.pl\/?p=4529#breadcrumb\"},\"inLanguage\":\"pl-PL\",\"potentialAction\":[{\"@type\":\"ReadAction\",\"target\":[\"https:\/\/zyciebrzeska.pl\/?p=4529\"]}]},{\"@type\":\"ImageObject\",\"inLanguage\":\"pl-PL\",\"@id\":\"https:\/\/zyciebrzeska.pl\/?p=4529#primaryimage\",\"url\":\"https:\/\/zyciebrzeska.pl\/wp-content\/uploads\/2020\/07\/92F1034C-4A6B-4CF1-8435-9FA2C638C756.jpeg\",\"contentUrl\":\"https:\/\/zyciebrzeska.pl\/wp-content\/uploads\/2020\/07\/92F1034C-4A6B-4CF1-8435-9FA2C638C756.jpeg\",\"width\":580,\"height\":435},{\"@type\":\"BreadcrumbList\",\"@id\":\"https:\/\/zyciebrzeska.pl\/?p=4529#breadcrumb\",\"itemListElement\":[{\"@type\":\"ListItem\",\"position\":1,\"name\":\"Home\",\"item\":\"https:\/\/zyciebrzeska.pl\/\"},{\"@type\":\"ListItem\",\"position\":2,\"name\":\"Nowy sprz\u0119t multimedialny w Szkole Podstawowej w Niedzieliskach\"}]},{\"@type\":\"WebSite\",\"@id\":\"https:\/\/zyciebrzeska.pl\/#website\",\"url\":\"https:\/\/zyciebrzeska.pl\/\",\"name\":\"\u017bycie Brzeska\",\"description\":\"Portal Ludzi Aktywnych\",\"publisher\":{\"@id\":\"https:\/\/zyciebrzeska.pl\/#organization\"},\"potentialAction\":[{\"@type\":\"SearchAction\",\"target\":{\"@type\":\"EntryPoint\",\"urlTemplate\":\"https:\/\/zyciebrzeska.pl\/?s={search_term_string}\"},\"query-input\":\"required name=search_term_string\"}],\"inLanguage\":\"pl-PL\"},{\"@type\":\"Organization\",\"@id\":\"https:\/\/zyciebrzeska.pl\/#organization\",\"name\":\"\u017bycie Brzeska\",\"url\":\"https:\/\/zyciebrzeska.pl\/\",\"logo\":{\"@type\":\"ImageObject\",\"inLanguage\":\"pl-PL\",\"@id\":\"https:\/\/zyciebrzeska.pl\/#\/schema\/logo\/image\/\",\"url\":\"https:\/\/server818677.nazwa.pl\/wordpress\/wpn_pierwszainstalacja\/wp-content\/uploads\/2023\/06\/admin-ajax.php-2.png\",\"contentUrl\":\"https:\/\/server818677.nazwa.pl\/wordpress\/wpn_pierwszainstalacja\/wp-content\/uploads\/2023\/06\/admin-ajax.php-2.png\",\"width\":400,\"height\":133,\"caption\":\"\u017bycie Brzeska\"},\"image\":{\"@id\":\"https:\/\/zyciebrzeska.pl\/#\/schema\/logo\/image\/\"},\"sameAs\":[\"https:\/\/www.facebook.com\/brzeskoinfo\"]},{\"@type\":\"Person\",\"@id\":\"https:\/\/zyciebrzeska.pl\/#\/schema\/person\/4da1e536b1da05972f13052ec6594aff\",\"name\":\"Redaktor\",\"image\":{\"@type\":\"ImageObject\",\"inLanguage\":\"pl-PL\",\"@id\":\"https:\/\/zyciebrzeska.pl\/#\/schema\/person\/image\/\",\"url\":\"https:\/\/secure.gravatar.com\/avatar\/9564c163e08185c7e0f7d0141ae3914237cf629898e8534b3dd06bb95817ae0b?s=96&d=mm&r=g\",\"contentUrl\":\"https:\/\/secure.gravatar.com\/avatar\/9564c163e08185c7e0f7d0141ae3914237cf629898e8534b3dd06bb95817ae0b?s=96&d=mm&r=g\",\"caption\":\"Redaktor\"},\"sameAs\":[\"http:\/\/zyciebrzeska.pl\"],\"url\":\"https:\/\/zyciebrzeska.pl\/?author=1\"}]}<\/script>\n<!-- \/ Yoast SEO plugin. -->","yoast_head_json":{"title":"Nowy sprz\u0119t multimedialny w Szkole Podstawowej w Niedzieliskach - \u017bycie Brzeska","robots":{"index":"index","follow":"follow","max-snippet":"max-snippet:-1","max-image-preview":"max-image-preview:large","max-video-preview":"max-video-preview:-1"},"canonical":"https:\/\/zyciebrzeska.pl\/?p=4529","og_locale":"pl_PL","og_type":"article","og_title":"Nowy sprz\u0119t multimedialny w Szkole Podstawowej w Niedzieliskach - \u017bycie Brzeska","og_url":"https:\/\/zyciebrzeska.pl\/?p=4529","og_site_name":"\u017bycie Brzeska","article_publisher":"https:\/\/www.facebook.com\/brzeskoinfo","article_published_time":"2020-07-02T13:45:49+00:00","og_image":[{"width":580,"height":435,"url":"https:\/\/zyciebrzeska.pl\/wp-content\/uploads\/2020\/07\/92F1034C-4A6B-4CF1-8435-9FA2C638C756.jpeg","type":"image\/jpeg"}],"author":"Redaktor","twitter_card":"summary_large_image","twitter_misc":{"Napisane przez":"Redaktor","Szacowany czas czytania":"1 minuta"},"schema":{"@context":"https:\/\/schema.org","@graph":[{"@type":"Article","@id":"https:\/\/zyciebrzeska.pl\/?p=4529#article","isPartOf":{"@id":"https:\/\/zyciebrzeska.pl\/?p=4529"},"author":{"name":"Redaktor","@id":"https:\/\/zyciebrzeska.pl\/#\/schema\/person\/4da1e536b1da05972f13052ec6594aff"},"headline":"Nowy sprz\u0119t multimedialny w Szkole Podstawowej w Niedzieliskach","datePublished":"2020-07-02T13:45:49+00:00","dateModified":"2020-07-02T13:45:49+00:00","mainEntityOfPage":{"@id":"https:\/\/zyciebrzeska.pl\/?p=4529"},"wordCount":226,"commentCount":0,"publisher":{"@id":"https:\/\/zyciebrzeska.pl\/#organization"},"image":{"@id":"https:\/\/zyciebrzeska.pl\/?p=4529#primaryimage"},"thumbnailUrl":"https:\/\/zyciebrzeska.pl\/wp-content\/uploads\/2020\/07\/92F1034C-4A6B-4CF1-8435-9FA2C638C756.jpeg","articleSection":["Wydarzenia"],"inLanguage":"pl-PL","potentialAction":[{"@type":"CommentAction","name":"Comment","target":["https:\/\/zyciebrzeska.pl\/?p=4529#respond"]}]},{"@type":"WebPage","@id":"https:\/\/zyciebrzeska.pl\/?p=4529","url":"https:\/\/zyciebrzeska.pl\/?p=4529","name":"Nowy sprz\u0119t multimedialny w Szkole Podstawowej w Niedzieliskach - \u017bycie Brzeska","isPartOf":{"@id":"https:\/\/zyciebrzeska.pl\/#website"},"primaryImageOfPage":{"@id":"https:\/\/zyciebrzeska.pl\/?p=4529#primaryimage"},"image":{"@id":"https:\/\/zyciebrzeska.pl\/?p=4529#primaryimage"},"thumbnailUrl":"https:\/\/zyciebrzeska.pl\/wp-content\/uploads\/2020\/07\/92F1034C-4A6B-4CF1-8435-9FA2C638C756.jpeg","datePublished":"2020-07-02T13:45:49+00:00","dateModified":"2020-07-02T13:45:49+00:00","breadcrumb":{"@id":"https:\/\/zyciebrzeska.pl\/?p=4529#breadcrumb"},"inLanguage":"pl-PL","potentialAction":[{"@type":"ReadAction","target":["https:\/\/zyciebrzeska.pl\/?p=4529"]}]},{"@type":"ImageObject","inLanguage":"pl-PL","@id":"https:\/\/zyciebrzeska.pl\/?p=4529#primaryimage","url":"https:\/\/zyciebrzeska.pl\/wp-content\/uploads\/2020\/07\/92F1034C-4A6B-4CF1-8435-9FA2C638C756.jpeg","contentUrl":"https:\/\/zyciebrzeska.pl\/wp-content\/uploads\/2020\/07\/92F1034C-4A6B-4CF1-8435-9FA2C638C756.jpeg","width":580,"height":435},{"@type":"BreadcrumbList","@id":"https:\/\/zyciebrzeska.pl\/?p=4529#breadcrumb","itemListElement":[{"@type":"ListItem","position":1,"name":"Home","item":"https:\/\/zyciebrzeska.pl\/"},{"@type":"ListItem","position":2,"name":"Nowy sprz\u0119t multimedialny w Szkole Podstawowej w Niedzieliskach"}]},{"@type":"WebSite","@id":"https:\/\/zyciebrzeska.pl\/#website","url":"https:\/\/zyciebrzeska.pl\/","name":"\u017bycie Brzeska","description":"Portal Ludzi Aktywnych","publisher":{"@id":"https:\/\/zyciebrzeska.pl\/#organization"},"potentialAction":[{"@type":"SearchAction","target":{"@type":"EntryPoint","urlTemplate":"https:\/\/zyciebrzeska.pl\/?s={search_term_string}"},"query-input":"required name=search_term_string"}],"inLanguage":"pl-PL"},{"@type":"Organization","@id":"https:\/\/zyciebrzeska.pl\/#organization","name":"\u017bycie Brzeska","url":"https:\/\/zyciebrzeska.pl\/","logo":{"@type":"ImageObject","inLanguage":"pl-PL","@id":"https:\/\/zyciebrzeska.pl\/#\/schema\/logo\/image\/","url":"https:\/\/server818677.nazwa.pl\/wordpress\/wpn_pierwszainstalacja\/wp-content\/uploads\/2023\/06\/admin-ajax.php-2.png","contentUrl":"https:\/\/server818677.nazwa.pl\/wordpress\/wpn_pierwszainstalacja\/wp-content\/uploads\/2023\/06\/admin-ajax.php-2.png","width":400,"height":133,"caption":"\u017bycie Brzeska"},"image":{"@id":"https:\/\/zyciebrzeska.pl\/#\/schema\/logo\/image\/"},"sameAs":["https:\/\/www.facebook.com\/brzeskoinfo"]},{"@type":"Person","@id":"https:\/\/zyciebrzeska.pl\/#\/schema\/person\/4da1e536b1da05972f13052ec6594aff","name":"Redaktor","image":{"@type":"ImageObject","inLanguage":"pl-PL","@id":"https:\/\/zyciebrzeska.pl\/#\/schema\/person\/image\/","url":"https:\/\/secure.gravatar.com\/avatar\/9564c163e08185c7e0f7d0141ae3914237cf629898e8534b3dd06bb95817ae0b?s=96&d=mm&r=g","contentUrl":"https:\/\/secure.gravatar.com\/avatar\/9564c163e08185c7e0f7d0141ae3914237cf629898e8534b3dd06bb95817ae0b?s=96&d=mm&r=g","caption":"Redaktor"},"sameAs":["http:\/\/zyciebrzeska.pl"],"url":"https:\/\/zyciebrzeska.pl\/?author=1"}]}},"_links":{"self":[{"href":"https:\/\/zyciebrzeska.pl\/index.php?rest_route=\/wp\/v2\/posts\/4529","targetHints":{"allow":["GET"]}}],"collection":[{"href":"https:\/\/zyciebrzeska.pl\/index.php?rest_route=\/wp\/v2\/posts"}],"about":[{"href":"https:\/\/zyciebrzeska.pl\/index.php?rest_route=\/wp\/v2\/types\/post"}],"author":[{"embeddable":true,"href":"https:\/\/zyciebrzeska.pl\/index.php?rest_route=\/wp\/v2\/users\/1"}],"replies":[{"embeddable":true,"href":"https:\/\/zyciebrzeska.pl\/index.php?rest_route=%2Fwp%2Fv2%2Fcomments&post=4529"}],"version-history":[{"count":0,"href":"https:\/\/zyciebrzeska.pl\/index.php?rest_route=\/wp\/v2\/posts\/4529\/revisions"}],"wp:featuredmedia":[{"embeddable":true,"href":"https:\/\/zyciebrzeska.pl\/index.php?rest_route=\/wp\/v2\/media\/4530"}],"wp:attachment":[{"href":"https:\/\/zyciebrzeska.pl\/index.php?rest_route=%2Fwp%2Fv2%2Fmedia&parent=4529"}],"wp:term":[{"taxonomy":"category","embeddable":true,"href":"https:\/\/zyciebrzeska.pl\/index.php?rest_route=%2Fwp%2Fv2%2Fcategories&post=4529"},{"taxonomy":"post_tag","embeddable":true,"href":"https:\/\/zyciebrzeska.pl\/index.php?rest_route=%2Fwp%2Fv2%2Ftags&post=4529"}],"curies":[{"name":"wp","href":"https:\/\/api.w.org\/{rel}","templated":true}]}}