{"id":4203,"date":"2020-06-10T17:14:38","date_gmt":"2020-06-10T17:14:38","guid":{"rendered":"https:\/\/zyciebrzeska.pl\/?p=4203"},"modified":"2020-06-10T17:14:38","modified_gmt":"2020-06-10T17:14:38","slug":"muzeum-regionalne-w-brzesku-od-srodka","status":"publish","type":"post","link":"https:\/\/zyciebrzeska.pl\/?p=4203","title":{"rendered":"Muzeum Regionalne w Brzesku od \u015brodka!"},"content":{"rendered":"\n<p>Nie tak dawno Miejski O\u015brodek Kultury w Brzesku rozpocz\u0105\u0142 publikacj\u0119 ciekawej serii filmik\u00f3w, na kt\u00f3rych\u00a0<span style=\"font-size: inherit;\">\u00a0Jerzy Wyczesany &#8211; kustosz Muzeum Regionalnego w Brzesku przedstawia miejsca i przedmioty szczeg\u00f3lnie wa\u017cne z punktu widzenia historii naszego miasta. To \u015bwietny spos\u00f3b, aby bez wychodzenia z domu zapozna\u0107 si\u0119 z interesuj\u0105c\u0105 przesz\u0142o\u015bci\u0105 Brzeska i pozna\u0107 najciekawsze jej elementy.<\/span><\/p>\n<p>W pierwszym odcinku zaprezentowana zosta\u0142a\u00a0najwi\u0119ksza brzeska kamienica &#8211; budynek zwany niegdy\u015b &#8222;murowa\u0144cem\u201d, wzniesiony w 1907 roku\u00a0<\/p>\n<p>Link do filmu:<\/p>\n<p><a href=\"https:\/\/www.facebook.com\/459282177467857\/posts\/3205451292850918\/?vh=e\" class=\"broken_link\">https:\/\/www.facebook.com\/459282177467857\/posts\/3205451292850918\/?vh=e<\/a><\/p>\n<p><span style=\"font-size: inherit;\">Teraz na profilu Facebookowym MOKu mo\u017cna zobaczy\u0107 nast\u0119pn\u0105 cz\u0119\u015bci serii ukazuj\u0105c\u0105 wn\u0119trze Muzeum Regionalnego w Brzesku wraz ze starannie przygotowanym opisem pokazywanych element\u00f3w<\/span><\/p>\n<p>Link do filmu:<\/p>\n<p><div id=\"fb-root\"><\/div><script async=\"1\" defer=\"1\" crossorigin=\"anonymous\" src=\"https:\/\/connect.facebook.net\/pl_PL\/sdk.js#xfbml=1&amp;version=v7.0\" nonce=\"CUNZJBJb\"><\/script><div class=\"fb-post\" data-href=\"https:\/\/www.facebook.com\/459282177467857\/posts\/3223433831052664\/?vh=e\" data-width=\"696\"><blockquote cite=\"https:\/\/www.facebook.com\/mokbrzesko\/posts\/3223433831052664\" class=\"fb-xfbml-parse-ignore\"><p>Dzisiaj Pan Jerzy Wyczesany &#8211; kustosz Muzeum Regionalnego w Brzesku zabierze Pa\u0144stwa do jego wn\u0119trz. \ud83e\uddd0Zapraszamy!&#8230;<\/p>Opublikowany przez <a href=\"https:\/\/www.facebook.com\/mokbrzesko\/\">Miejski O\u015brodek Kultury w Brzesku<\/a>&nbsp;<a href=\"https:\/\/www.facebook.com\/mokbrzesko\/posts\/3223433831052664\">\u015aroda, 10 czerwca 2020<\/a><\/blockquote><\/div><\/p>\n<p>Zach\u0119camy do ogl\u0105dania kolejnych odcink\u00f3w i poznawania zawi\u0142ej historii naszego miasta!<\/p>\n<p>\u017bycie Brzeska\u00a0<\/p>\n","protected":false},"excerpt":{"rendered":"","protected":false},"author":1,"featured_media":4204,"comment_status":"open","ping_status":"open","sticky":false,"template":"","format":"standard","meta":{"tdm_status":"","tdm_grid_status":"","footnotes":""},"categories":[4,10],"tags":[],"class_list":{"0":"post-4203","1":"post","2":"type-post","3":"status-publish","4":"format-standard","5":"has-post-thumbnail","7":"category-kultura-i-rozrywka","8":"category-wydarzenia"},"yoast_head":"<!-- This site is optimized with the Yoast SEO plugin v22.2 - https:\/\/yoast.com\/wordpress\/plugins\/seo\/ -->\n<title>Muzeum Regionalne w Brzesku od \u015brodka! - \u017bycie Brzeska<\/title>\n<meta name=\"robots\" content=\"index, follow, max-snippet:-1, max-image-preview:large, max-video-preview:-1\" \/>\n<link rel=\"canonical\" href=\"https:\/\/zyciebrzeska.pl\/?p=4203\" \/>\n<meta property=\"og:locale\" content=\"pl_PL\" \/>\n<meta property=\"og:type\" content=\"article\" \/>\n<meta property=\"og:title\" content=\"Muzeum Regionalne w Brzesku od \u015brodka! - \u017bycie Brzeska\" \/>\n<meta property=\"og:url\" content=\"https:\/\/zyciebrzeska.pl\/?p=4203\" \/>\n<meta property=\"og:site_name\" content=\"\u017bycie Brzeska\" \/>\n<meta property=\"article:publisher\" content=\"https:\/\/www.facebook.com\/brzeskoinfo\" \/>\n<meta property=\"article:published_time\" content=\"2020-06-10T17:14:38+00:00\" \/>\n<meta property=\"og:image\" content=\"https:\/\/zyciebrzeska.pl\/wp-content\/uploads\/2020\/06\/D86812D3-BBE0-4098-80A5-372A944F8DF6.jpeg\" \/>\n\t<meta property=\"og:image:width\" content=\"660\" \/>\n\t<meta property=\"og:image:height\" content=\"352\" \/>\n\t<meta property=\"og:image:type\" content=\"image\/jpeg\" \/>\n<meta name=\"author\" content=\"Redaktor\" \/>\n<meta name=\"twitter:card\" content=\"summary_large_image\" \/>\n<meta name=\"twitter:label1\" content=\"Napisane przez\" \/>\n\t<meta name=\"twitter:data1\" content=\"Redaktor\" \/>\n\t<meta name=\"twitter:label2\" content=\"Szacowany czas czytania\" \/>\n\t<meta name=\"twitter:data2\" content=\"1 minuta\" \/>\n<script type=\"application\/ld+json\" class=\"yoast-schema-graph\">{\"@context\":\"https:\/\/schema.org\",\"@graph\":[{\"@type\":\"Article\",\"@id\":\"https:\/\/zyciebrzeska.pl\/?p=4203#article\",\"isPartOf\":{\"@id\":\"https:\/\/zyciebrzeska.pl\/?p=4203\"},\"author\":{\"name\":\"Redaktor\",\"@id\":\"https:\/\/zyciebrzeska.pl\/#\/schema\/person\/4da1e536b1da05972f13052ec6594aff\"},\"headline\":\"Muzeum Regionalne w Brzesku od \u015brodka!\",\"datePublished\":\"2020-06-10T17:14:38+00:00\",\"dateModified\":\"2020-06-10T17:14:38+00:00\",\"mainEntityOfPage\":{\"@id\":\"https:\/\/zyciebrzeska.pl\/?p=4203\"},\"wordCount\":154,\"commentCount\":0,\"publisher\":{\"@id\":\"https:\/\/zyciebrzeska.pl\/#organization\"},\"image\":{\"@id\":\"https:\/\/zyciebrzeska.pl\/?p=4203#primaryimage\"},\"thumbnailUrl\":\"https:\/\/zyciebrzeska.pl\/wp-content\/uploads\/2020\/06\/D86812D3-BBE0-4098-80A5-372A944F8DF6.jpeg\",\"articleSection\":[\"Kultura i rozrywka\",\"Wydarzenia\"],\"inLanguage\":\"pl-PL\",\"potentialAction\":[{\"@type\":\"CommentAction\",\"name\":\"Comment\",\"target\":[\"https:\/\/zyciebrzeska.pl\/?p=4203#respond\"]}]},{\"@type\":\"WebPage\",\"@id\":\"https:\/\/zyciebrzeska.pl\/?p=4203\",\"url\":\"https:\/\/zyciebrzeska.pl\/?p=4203\",\"name\":\"Muzeum Regionalne w Brzesku od \u015brodka! - \u017bycie Brzeska\",\"isPartOf\":{\"@id\":\"https:\/\/zyciebrzeska.pl\/#website\"},\"primaryImageOfPage\":{\"@id\":\"https:\/\/zyciebrzeska.pl\/?p=4203#primaryimage\"},\"image\":{\"@id\":\"https:\/\/zyciebrzeska.pl\/?p=4203#primaryimage\"},\"thumbnailUrl\":\"https:\/\/zyciebrzeska.pl\/wp-content\/uploads\/2020\/06\/D86812D3-BBE0-4098-80A5-372A944F8DF6.jpeg\",\"datePublished\":\"2020-06-10T17:14:38+00:00\",\"dateModified\":\"2020-06-10T17:14:38+00:00\",\"breadcrumb\":{\"@id\":\"https:\/\/zyciebrzeska.pl\/?p=4203#breadcrumb\"},\"inLanguage\":\"pl-PL\",\"potentialAction\":[{\"@type\":\"ReadAction\",\"target\":[\"https:\/\/zyciebrzeska.pl\/?p=4203\"]}]},{\"@type\":\"ImageObject\",\"inLanguage\":\"pl-PL\",\"@id\":\"https:\/\/zyciebrzeska.pl\/?p=4203#primaryimage\",\"url\":\"https:\/\/zyciebrzeska.pl\/wp-content\/uploads\/2020\/06\/D86812D3-BBE0-4098-80A5-372A944F8DF6.jpeg\",\"contentUrl\":\"https:\/\/zyciebrzeska.pl\/wp-content\/uploads\/2020\/06\/D86812D3-BBE0-4098-80A5-372A944F8DF6.jpeg\",\"width\":660,\"height\":352},{\"@type\":\"BreadcrumbList\",\"@id\":\"https:\/\/zyciebrzeska.pl\/?p=4203#breadcrumb\",\"itemListElement\":[{\"@type\":\"ListItem\",\"position\":1,\"name\":\"Home\",\"item\":\"https:\/\/zyciebrzeska.pl\/\"},{\"@type\":\"ListItem\",\"position\":2,\"name\":\"Muzeum Regionalne w Brzesku od \u015brodka!\"}]},{\"@type\":\"WebSite\",\"@id\":\"https:\/\/zyciebrzeska.pl\/#website\",\"url\":\"https:\/\/zyciebrzeska.pl\/\",\"name\":\"\u017bycie Brzeska\",\"description\":\"Portal Ludzi Aktywnych\",\"publisher\":{\"@id\":\"https:\/\/zyciebrzeska.pl\/#organization\"},\"potentialAction\":[{\"@type\":\"SearchAction\",\"target\":{\"@type\":\"EntryPoint\",\"urlTemplate\":\"https:\/\/zyciebrzeska.pl\/?s={search_term_string}\"},\"query-input\":\"required name=search_term_string\"}],\"inLanguage\":\"pl-PL\"},{\"@type\":\"Organization\",\"@id\":\"https:\/\/zyciebrzeska.pl\/#organization\",\"name\":\"\u017bycie Brzeska\",\"url\":\"https:\/\/zyciebrzeska.pl\/\",\"logo\":{\"@type\":\"ImageObject\",\"inLanguage\":\"pl-PL\",\"@id\":\"https:\/\/zyciebrzeska.pl\/#\/schema\/logo\/image\/\",\"url\":\"https:\/\/server818677.nazwa.pl\/wordpress\/wpn_pierwszainstalacja\/wp-content\/uploads\/2023\/06\/admin-ajax.php-2.png\",\"contentUrl\":\"https:\/\/server818677.nazwa.pl\/wordpress\/wpn_pierwszainstalacja\/wp-content\/uploads\/2023\/06\/admin-ajax.php-2.png\",\"width\":400,\"height\":133,\"caption\":\"\u017bycie Brzeska\"},\"image\":{\"@id\":\"https:\/\/zyciebrzeska.pl\/#\/schema\/logo\/image\/\"},\"sameAs\":[\"https:\/\/www.facebook.com\/brzeskoinfo\"]},{\"@type\":\"Person\",\"@id\":\"https:\/\/zyciebrzeska.pl\/#\/schema\/person\/4da1e536b1da05972f13052ec6594aff\",\"name\":\"Redaktor\",\"image\":{\"@type\":\"ImageObject\",\"inLanguage\":\"pl-PL\",\"@id\":\"https:\/\/zyciebrzeska.pl\/#\/schema\/person\/image\/\",\"url\":\"https:\/\/secure.gravatar.com\/avatar\/9564c163e08185c7e0f7d0141ae3914237cf629898e8534b3dd06bb95817ae0b?s=96&d=mm&r=g\",\"contentUrl\":\"https:\/\/secure.gravatar.com\/avatar\/9564c163e08185c7e0f7d0141ae3914237cf629898e8534b3dd06bb95817ae0b?s=96&d=mm&r=g\",\"caption\":\"Redaktor\"},\"sameAs\":[\"http:\/\/zyciebrzeska.pl\"],\"url\":\"https:\/\/zyciebrzeska.pl\/?author=1\"}]}<\/script>\n<!-- \/ Yoast SEO plugin. -->","yoast_head_json":{"title":"Muzeum Regionalne w Brzesku od \u015brodka! - \u017bycie Brzeska","robots":{"index":"index","follow":"follow","max-snippet":"max-snippet:-1","max-image-preview":"max-image-preview:large","max-video-preview":"max-video-preview:-1"},"canonical":"https:\/\/zyciebrzeska.pl\/?p=4203","og_locale":"pl_PL","og_type":"article","og_title":"Muzeum Regionalne w Brzesku od \u015brodka! - \u017bycie Brzeska","og_url":"https:\/\/zyciebrzeska.pl\/?p=4203","og_site_name":"\u017bycie Brzeska","article_publisher":"https:\/\/www.facebook.com\/brzeskoinfo","article_published_time":"2020-06-10T17:14:38+00:00","og_image":[{"width":660,"height":352,"url":"https:\/\/zyciebrzeska.pl\/wp-content\/uploads\/2020\/06\/D86812D3-BBE0-4098-80A5-372A944F8DF6.jpeg","type":"image\/jpeg"}],"author":"Redaktor","twitter_card":"summary_large_image","twitter_misc":{"Napisane przez":"Redaktor","Szacowany czas czytania":"1 minuta"},"schema":{"@context":"https:\/\/schema.org","@graph":[{"@type":"Article","@id":"https:\/\/zyciebrzeska.pl\/?p=4203#article","isPartOf":{"@id":"https:\/\/zyciebrzeska.pl\/?p=4203"},"author":{"name":"Redaktor","@id":"https:\/\/zyciebrzeska.pl\/#\/schema\/person\/4da1e536b1da05972f13052ec6594aff"},"headline":"Muzeum Regionalne w Brzesku od \u015brodka!","datePublished":"2020-06-10T17:14:38+00:00","dateModified":"2020-06-10T17:14:38+00:00","mainEntityOfPage":{"@id":"https:\/\/zyciebrzeska.pl\/?p=4203"},"wordCount":154,"commentCount":0,"publisher":{"@id":"https:\/\/zyciebrzeska.pl\/#organization"},"image":{"@id":"https:\/\/zyciebrzeska.pl\/?p=4203#primaryimage"},"thumbnailUrl":"https:\/\/zyciebrzeska.pl\/wp-content\/uploads\/2020\/06\/D86812D3-BBE0-4098-80A5-372A944F8DF6.jpeg","articleSection":["Kultura i rozrywka","Wydarzenia"],"inLanguage":"pl-PL","potentialAction":[{"@type":"CommentAction","name":"Comment","target":["https:\/\/zyciebrzeska.pl\/?p=4203#respond"]}]},{"@type":"WebPage","@id":"https:\/\/zyciebrzeska.pl\/?p=4203","url":"https:\/\/zyciebrzeska.pl\/?p=4203","name":"Muzeum Regionalne w Brzesku od \u015brodka! - \u017bycie Brzeska","isPartOf":{"@id":"https:\/\/zyciebrzeska.pl\/#website"},"primaryImageOfPage":{"@id":"https:\/\/zyciebrzeska.pl\/?p=4203#primaryimage"},"image":{"@id":"https:\/\/zyciebrzeska.pl\/?p=4203#primaryimage"},"thumbnailUrl":"https:\/\/zyciebrzeska.pl\/wp-content\/uploads\/2020\/06\/D86812D3-BBE0-4098-80A5-372A944F8DF6.jpeg","datePublished":"2020-06-10T17:14:38+00:00","dateModified":"2020-06-10T17:14:38+00:00","breadcrumb":{"@id":"https:\/\/zyciebrzeska.pl\/?p=4203#breadcrumb"},"inLanguage":"pl-PL","potentialAction":[{"@type":"ReadAction","target":["https:\/\/zyciebrzeska.pl\/?p=4203"]}]},{"@type":"ImageObject","inLanguage":"pl-PL","@id":"https:\/\/zyciebrzeska.pl\/?p=4203#primaryimage","url":"https:\/\/zyciebrzeska.pl\/wp-content\/uploads\/2020\/06\/D86812D3-BBE0-4098-80A5-372A944F8DF6.jpeg","contentUrl":"https:\/\/zyciebrzeska.pl\/wp-content\/uploads\/2020\/06\/D86812D3-BBE0-4098-80A5-372A944F8DF6.jpeg","width":660,"height":352},{"@type":"BreadcrumbList","@id":"https:\/\/zyciebrzeska.pl\/?p=4203#breadcrumb","itemListElement":[{"@type":"ListItem","position":1,"name":"Home","item":"https:\/\/zyciebrzeska.pl\/"},{"@type":"ListItem","position":2,"name":"Muzeum Regionalne w Brzesku od \u015brodka!"}]},{"@type":"WebSite","@id":"https:\/\/zyciebrzeska.pl\/#website","url":"https:\/\/zyciebrzeska.pl\/","name":"\u017bycie Brzeska","description":"Portal Ludzi Aktywnych","publisher":{"@id":"https:\/\/zyciebrzeska.pl\/#organization"},"potentialAction":[{"@type":"SearchAction","target":{"@type":"EntryPoint","urlTemplate":"https:\/\/zyciebrzeska.pl\/?s={search_term_string}"},"query-input":"required name=search_term_string"}],"inLanguage":"pl-PL"},{"@type":"Organization","@id":"https:\/\/zyciebrzeska.pl\/#organization","name":"\u017bycie Brzeska","url":"https:\/\/zyciebrzeska.pl\/","logo":{"@type":"ImageObject","inLanguage":"pl-PL","@id":"https:\/\/zyciebrzeska.pl\/#\/schema\/logo\/image\/","url":"https:\/\/server818677.nazwa.pl\/wordpress\/wpn_pierwszainstalacja\/wp-content\/uploads\/2023\/06\/admin-ajax.php-2.png","contentUrl":"https:\/\/server818677.nazwa.pl\/wordpress\/wpn_pierwszainstalacja\/wp-content\/uploads\/2023\/06\/admin-ajax.php-2.png","width":400,"height":133,"caption":"\u017bycie Brzeska"},"image":{"@id":"https:\/\/zyciebrzeska.pl\/#\/schema\/logo\/image\/"},"sameAs":["https:\/\/www.facebook.com\/brzeskoinfo"]},{"@type":"Person","@id":"https:\/\/zyciebrzeska.pl\/#\/schema\/person\/4da1e536b1da05972f13052ec6594aff","name":"Redaktor","image":{"@type":"ImageObject","inLanguage":"pl-PL","@id":"https:\/\/zyciebrzeska.pl\/#\/schema\/person\/image\/","url":"https:\/\/secure.gravatar.com\/avatar\/9564c163e08185c7e0f7d0141ae3914237cf629898e8534b3dd06bb95817ae0b?s=96&d=mm&r=g","contentUrl":"https:\/\/secure.gravatar.com\/avatar\/9564c163e08185c7e0f7d0141ae3914237cf629898e8534b3dd06bb95817ae0b?s=96&d=mm&r=g","caption":"Redaktor"},"sameAs":["http:\/\/zyciebrzeska.pl"],"url":"https:\/\/zyciebrzeska.pl\/?author=1"}]}},"_links":{"self":[{"href":"https:\/\/zyciebrzeska.pl\/index.php?rest_route=\/wp\/v2\/posts\/4203","targetHints":{"allow":["GET"]}}],"collection":[{"href":"https:\/\/zyciebrzeska.pl\/index.php?rest_route=\/wp\/v2\/posts"}],"about":[{"href":"https:\/\/zyciebrzeska.pl\/index.php?rest_route=\/wp\/v2\/types\/post"}],"author":[{"embeddable":true,"href":"https:\/\/zyciebrzeska.pl\/index.php?rest_route=\/wp\/v2\/users\/1"}],"replies":[{"embeddable":true,"href":"https:\/\/zyciebrzeska.pl\/index.php?rest_route=%2Fwp%2Fv2%2Fcomments&post=4203"}],"version-history":[{"count":0,"href":"https:\/\/zyciebrzeska.pl\/index.php?rest_route=\/wp\/v2\/posts\/4203\/revisions"}],"wp:featuredmedia":[{"embeddable":true,"href":"https:\/\/zyciebrzeska.pl\/index.php?rest_route=\/wp\/v2\/media\/4204"}],"wp:attachment":[{"href":"https:\/\/zyciebrzeska.pl\/index.php?rest_route=%2Fwp%2Fv2%2Fmedia&parent=4203"}],"wp:term":[{"taxonomy":"category","embeddable":true,"href":"https:\/\/zyciebrzeska.pl\/index.php?rest_route=%2Fwp%2Fv2%2Fcategories&post=4203"},{"taxonomy":"post_tag","embeddable":true,"href":"https:\/\/zyciebrzeska.pl\/index.php?rest_route=%2Fwp%2Fv2%2Ftags&post=4203"}],"curies":[{"name":"wp","href":"https:\/\/api.w.org\/{rel}","templated":true}]}}