{"id":3879,"date":"2020-05-12T10:51:56","date_gmt":"2020-05-12T10:51:56","guid":{"rendered":"https:\/\/zyciebrzeska.pl\/?p=3879"},"modified":"2020-05-12T10:51:56","modified_gmt":"2020-05-12T10:51:56","slug":"jakie-zmiany-w-branzy-kosmetycznej-i-fryzjerskiej","status":"publish","type":"post","link":"https:\/\/zyciebrzeska.pl\/?p=3879","title":{"rendered":"Jakie zmiany w bran\u017cy kosmetycznej i fryzjerskiej?"},"content":{"rendered":"\n<p>Gabinety kosmetyczne i zak\u0142ady fryzjerskie przygotowuj\u0105 si\u0119 do ponownego otwarcia. Je\u015bli zapadnie decyzja o wznowieniu ich dzia\u0142alno\u015bci jakie b\u0119d\u0105 zmiany w ich funkcjonowaniu?<\/p>\n\n\n\n<h2 class=\"wp-block-heading\">Brak poczekalni <\/h2>\n\n\n\n<p>Na wizyty mo\u017cna um\u00f3wi\u0107 si\u0119 jedynie telefonicznie lub przez internet, nie tak jak dotychczas na miejscu. Klienci musz\u0105 przychodzi\u0107 na wyznaczone godziny.<\/p>\n\n\n\n<h2 class=\"wp-block-heading\">Ankieta zdrowotna<\/h2>\n\n\n\n<p>Pracownicy salonu b\u0119d\u0105 mieli obowi\u0105zek wypyta\u0107 o stan zdrowia klienta i zmierzy\u0107 mu temperatur\u0119. <\/p>\n\n\n\n<h2 class=\"wp-block-heading\">Maseczki i r\u0119kawiczki<\/h2>\n\n\n\n<p>Oczywi\u015bcie dalej obowi\u0105zkowe b\u0119dzie u\u017cywanie maseczek i r\u0119kawiczek zar\u00f3wno przez pracownik\u00f3w jak i klient\u00f3w.<\/p>\n\n\n\n<h2 class=\"wp-block-heading\">Bez telefonu i tester\u00f3w<\/h2>\n\n\n\n<p>W salonie niedost\u0119pne b\u0119d\u0105 testery kosmetyk\u00f3w, a w czasie wizyt nie wolno b\u0119dzie u\u017cywa\u0107 telefonu <\/p>\n\n\n\n<h2 class=\"wp-block-heading\">Dezynfekcja<\/h2>\n\n\n\n<p>Po ka\u017cdym kliencie fotel, tekstylia, akcesoria oraz sprz\u0119ty w salonie musz\u0105 by\u0107 dezynfekowane.<\/p>\n\n\n\n<h2 class=\"wp-block-heading\">Odst\u0119p!<\/h2>\n\n\n\n<p>Obowi\u0105zywa\u0107 ma 1,5 metra odst\u0119pu mi\u0119dzy klientami.<\/p>\n\n\n\n<h2 class=\"wp-block-heading\">Co z zap\u0142at\u0105?<\/h2>\n\n\n\n<p>Dalej preferowana jest transakcja bezgot\u00f3wkowa.<\/p>\n\n\n\n<p>Czy takie obostrzenia zapewni\u0105 bezpiecze\u0144stwo pracownikom oraz klientom? Na to liczymy! <br><\/p>\n\n\n\n<p>\u017bycie Brzeska <\/p>\n","protected":false},"excerpt":{"rendered":"<p>Gabinety kosmetyczne i zak\u0142ady fryzjerskie przygotowuj\u0105 si\u0119 do ponownego otwarcia. Je\u015bli zapadnie decyzja o wznowieniu ich dzia\u0142alno\u015bci jakie b\u0119d\u0105 zmiany w ich funkcjonowaniu? Brak poczekalni Na wizyty mo\u017cna um\u00f3wi\u0107 si\u0119 jedynie telefonicznie lub przez internet, nie tak jak dotychczas na miejscu. Klienci musz\u0105 przychodzi\u0107 na wyznaczone godziny. Ankieta zdrowotna Pracownicy salonu b\u0119d\u0105 mieli obowi\u0105zek wypyta\u0107 [&hellip;]<\/p>\n","protected":false},"author":1,"featured_media":3880,"comment_status":"open","ping_status":"open","sticky":false,"template":"","format":"standard","meta":{"tdm_status":"","tdm_grid_status":"","footnotes":""},"categories":[10],"tags":[],"class_list":{"0":"post-3879","1":"post","2":"type-post","3":"status-publish","4":"format-standard","5":"has-post-thumbnail","7":"category-wydarzenia"},"yoast_head":"<!-- This site is optimized with the Yoast SEO plugin v22.2 - https:\/\/yoast.com\/wordpress\/plugins\/seo\/ -->\n<title>Jakie zmiany w bran\u017cy kosmetycznej i fryzjerskiej? - \u017bycie Brzeska<\/title>\n<meta name=\"robots\" content=\"index, follow, max-snippet:-1, max-image-preview:large, max-video-preview:-1\" \/>\n<link rel=\"canonical\" href=\"https:\/\/zyciebrzeska.pl\/?p=3879\" \/>\n<meta property=\"og:locale\" content=\"pl_PL\" \/>\n<meta property=\"og:type\" content=\"article\" \/>\n<meta property=\"og:title\" content=\"Jakie zmiany w bran\u017cy kosmetycznej i fryzjerskiej? - \u017bycie Brzeska\" \/>\n<meta property=\"og:description\" content=\"Gabinety kosmetyczne i zak\u0142ady fryzjerskie przygotowuj\u0105 si\u0119 do ponownego otwarcia. Je\u015bli zapadnie decyzja o wznowieniu ich dzia\u0142alno\u015bci jakie b\u0119d\u0105 zmiany w ich funkcjonowaniu? Brak poczekalni Na wizyty mo\u017cna um\u00f3wi\u0107 si\u0119 jedynie telefonicznie lub przez internet, nie tak jak dotychczas na miejscu. Klienci musz\u0105 przychodzi\u0107 na wyznaczone godziny. Ankieta zdrowotna Pracownicy salonu b\u0119d\u0105 mieli obowi\u0105zek wypyta\u0107 [&hellip;]\" \/>\n<meta property=\"og:url\" content=\"https:\/\/zyciebrzeska.pl\/?p=3879\" \/>\n<meta property=\"og:site_name\" content=\"\u017bycie Brzeska\" \/>\n<meta property=\"article:publisher\" content=\"https:\/\/www.facebook.com\/brzeskoinfo\" \/>\n<meta property=\"article:published_time\" content=\"2020-05-12T10:51:56+00:00\" \/>\n<meta property=\"og:image\" content=\"https:\/\/zyciebrzeska.pl\/wp-content\/uploads\/2020\/05\/E2DC09F9-3A1C-46A1-B725-A9EB5071A163.jpeg\" \/>\n\t<meta property=\"og:image:width\" content=\"640\" \/>\n\t<meta property=\"og:image:height\" content=\"427\" \/>\n\t<meta property=\"og:image:type\" content=\"image\/jpeg\" \/>\n<meta name=\"author\" content=\"Redaktor\" \/>\n<meta name=\"twitter:card\" content=\"summary_large_image\" \/>\n<meta name=\"twitter:label1\" content=\"Napisane przez\" \/>\n\t<meta name=\"twitter:data1\" content=\"Redaktor\" \/>\n\t<meta name=\"twitter:label2\" content=\"Szacowany czas czytania\" \/>\n\t<meta name=\"twitter:data2\" content=\"1 minuta\" \/>\n<script type=\"application\/ld+json\" class=\"yoast-schema-graph\">{\"@context\":\"https:\/\/schema.org\",\"@graph\":[{\"@type\":\"Article\",\"@id\":\"https:\/\/zyciebrzeska.pl\/?p=3879#article\",\"isPartOf\":{\"@id\":\"https:\/\/zyciebrzeska.pl\/?p=3879\"},\"author\":{\"name\":\"Redaktor\",\"@id\":\"https:\/\/zyciebrzeska.pl\/#\/schema\/person\/4da1e536b1da05972f13052ec6594aff\"},\"headline\":\"Jakie zmiany w bran\u017cy kosmetycznej i fryzjerskiej?\",\"datePublished\":\"2020-05-12T10:51:56+00:00\",\"dateModified\":\"2020-05-12T10:51:56+00:00\",\"mainEntityOfPage\":{\"@id\":\"https:\/\/zyciebrzeska.pl\/?p=3879\"},\"wordCount\":182,\"commentCount\":0,\"publisher\":{\"@id\":\"https:\/\/zyciebrzeska.pl\/#organization\"},\"image\":{\"@id\":\"https:\/\/zyciebrzeska.pl\/?p=3879#primaryimage\"},\"thumbnailUrl\":\"https:\/\/zyciebrzeska.pl\/wp-content\/uploads\/2020\/05\/E2DC09F9-3A1C-46A1-B725-A9EB5071A163.jpeg\",\"articleSection\":[\"Wydarzenia\"],\"inLanguage\":\"pl-PL\",\"potentialAction\":[{\"@type\":\"CommentAction\",\"name\":\"Comment\",\"target\":[\"https:\/\/zyciebrzeska.pl\/?p=3879#respond\"]}]},{\"@type\":\"WebPage\",\"@id\":\"https:\/\/zyciebrzeska.pl\/?p=3879\",\"url\":\"https:\/\/zyciebrzeska.pl\/?p=3879\",\"name\":\"Jakie zmiany w bran\u017cy kosmetycznej i fryzjerskiej? - \u017bycie Brzeska\",\"isPartOf\":{\"@id\":\"https:\/\/zyciebrzeska.pl\/#website\"},\"primaryImageOfPage\":{\"@id\":\"https:\/\/zyciebrzeska.pl\/?p=3879#primaryimage\"},\"image\":{\"@id\":\"https:\/\/zyciebrzeska.pl\/?p=3879#primaryimage\"},\"thumbnailUrl\":\"https:\/\/zyciebrzeska.pl\/wp-content\/uploads\/2020\/05\/E2DC09F9-3A1C-46A1-B725-A9EB5071A163.jpeg\",\"datePublished\":\"2020-05-12T10:51:56+00:00\",\"dateModified\":\"2020-05-12T10:51:56+00:00\",\"breadcrumb\":{\"@id\":\"https:\/\/zyciebrzeska.pl\/?p=3879#breadcrumb\"},\"inLanguage\":\"pl-PL\",\"potentialAction\":[{\"@type\":\"ReadAction\",\"target\":[\"https:\/\/zyciebrzeska.pl\/?p=3879\"]}]},{\"@type\":\"ImageObject\",\"inLanguage\":\"pl-PL\",\"@id\":\"https:\/\/zyciebrzeska.pl\/?p=3879#primaryimage\",\"url\":\"https:\/\/zyciebrzeska.pl\/wp-content\/uploads\/2020\/05\/E2DC09F9-3A1C-46A1-B725-A9EB5071A163.jpeg\",\"contentUrl\":\"https:\/\/zyciebrzeska.pl\/wp-content\/uploads\/2020\/05\/E2DC09F9-3A1C-46A1-B725-A9EB5071A163.jpeg\",\"width\":640,\"height\":427},{\"@type\":\"BreadcrumbList\",\"@id\":\"https:\/\/zyciebrzeska.pl\/?p=3879#breadcrumb\",\"itemListElement\":[{\"@type\":\"ListItem\",\"position\":1,\"name\":\"Home\",\"item\":\"https:\/\/zyciebrzeska.pl\/\"},{\"@type\":\"ListItem\",\"position\":2,\"name\":\"Jakie zmiany w bran\u017cy kosmetycznej i fryzjerskiej?\"}]},{\"@type\":\"WebSite\",\"@id\":\"https:\/\/zyciebrzeska.pl\/#website\",\"url\":\"https:\/\/zyciebrzeska.pl\/\",\"name\":\"\u017bycie Brzeska\",\"description\":\"Portal Ludzi Aktywnych\",\"publisher\":{\"@id\":\"https:\/\/zyciebrzeska.pl\/#organization\"},\"potentialAction\":[{\"@type\":\"SearchAction\",\"target\":{\"@type\":\"EntryPoint\",\"urlTemplate\":\"https:\/\/zyciebrzeska.pl\/?s={search_term_string}\"},\"query-input\":\"required name=search_term_string\"}],\"inLanguage\":\"pl-PL\"},{\"@type\":\"Organization\",\"@id\":\"https:\/\/zyciebrzeska.pl\/#organization\",\"name\":\"\u017bycie Brzeska\",\"url\":\"https:\/\/zyciebrzeska.pl\/\",\"logo\":{\"@type\":\"ImageObject\",\"inLanguage\":\"pl-PL\",\"@id\":\"https:\/\/zyciebrzeska.pl\/#\/schema\/logo\/image\/\",\"url\":\"https:\/\/server818677.nazwa.pl\/wordpress\/wpn_pierwszainstalacja\/wp-content\/uploads\/2023\/06\/admin-ajax.php-2.png\",\"contentUrl\":\"https:\/\/server818677.nazwa.pl\/wordpress\/wpn_pierwszainstalacja\/wp-content\/uploads\/2023\/06\/admin-ajax.php-2.png\",\"width\":400,\"height\":133,\"caption\":\"\u017bycie Brzeska\"},\"image\":{\"@id\":\"https:\/\/zyciebrzeska.pl\/#\/schema\/logo\/image\/\"},\"sameAs\":[\"https:\/\/www.facebook.com\/brzeskoinfo\"]},{\"@type\":\"Person\",\"@id\":\"https:\/\/zyciebrzeska.pl\/#\/schema\/person\/4da1e536b1da05972f13052ec6594aff\",\"name\":\"Redaktor\",\"image\":{\"@type\":\"ImageObject\",\"inLanguage\":\"pl-PL\",\"@id\":\"https:\/\/zyciebrzeska.pl\/#\/schema\/person\/image\/\",\"url\":\"https:\/\/secure.gravatar.com\/avatar\/9564c163e08185c7e0f7d0141ae3914237cf629898e8534b3dd06bb95817ae0b?s=96&d=mm&r=g\",\"contentUrl\":\"https:\/\/secure.gravatar.com\/avatar\/9564c163e08185c7e0f7d0141ae3914237cf629898e8534b3dd06bb95817ae0b?s=96&d=mm&r=g\",\"caption\":\"Redaktor\"},\"sameAs\":[\"http:\/\/zyciebrzeska.pl\"],\"url\":\"https:\/\/zyciebrzeska.pl\/?author=1\"}]}<\/script>\n<!-- \/ Yoast SEO plugin. -->","yoast_head_json":{"title":"Jakie zmiany w bran\u017cy kosmetycznej i fryzjerskiej? - \u017bycie Brzeska","robots":{"index":"index","follow":"follow","max-snippet":"max-snippet:-1","max-image-preview":"max-image-preview:large","max-video-preview":"max-video-preview:-1"},"canonical":"https:\/\/zyciebrzeska.pl\/?p=3879","og_locale":"pl_PL","og_type":"article","og_title":"Jakie zmiany w bran\u017cy kosmetycznej i fryzjerskiej? - \u017bycie Brzeska","og_description":"Gabinety kosmetyczne i zak\u0142ady fryzjerskie przygotowuj\u0105 si\u0119 do ponownego otwarcia. Je\u015bli zapadnie decyzja o wznowieniu ich dzia\u0142alno\u015bci jakie b\u0119d\u0105 zmiany w ich funkcjonowaniu? Brak poczekalni Na wizyty mo\u017cna um\u00f3wi\u0107 si\u0119 jedynie telefonicznie lub przez internet, nie tak jak dotychczas na miejscu. Klienci musz\u0105 przychodzi\u0107 na wyznaczone godziny. Ankieta zdrowotna Pracownicy salonu b\u0119d\u0105 mieli obowi\u0105zek wypyta\u0107 [&hellip;]","og_url":"https:\/\/zyciebrzeska.pl\/?p=3879","og_site_name":"\u017bycie Brzeska","article_publisher":"https:\/\/www.facebook.com\/brzeskoinfo","article_published_time":"2020-05-12T10:51:56+00:00","og_image":[{"width":640,"height":427,"url":"https:\/\/zyciebrzeska.pl\/wp-content\/uploads\/2020\/05\/E2DC09F9-3A1C-46A1-B725-A9EB5071A163.jpeg","type":"image\/jpeg"}],"author":"Redaktor","twitter_card":"summary_large_image","twitter_misc":{"Napisane przez":"Redaktor","Szacowany czas czytania":"1 minuta"},"schema":{"@context":"https:\/\/schema.org","@graph":[{"@type":"Article","@id":"https:\/\/zyciebrzeska.pl\/?p=3879#article","isPartOf":{"@id":"https:\/\/zyciebrzeska.pl\/?p=3879"},"author":{"name":"Redaktor","@id":"https:\/\/zyciebrzeska.pl\/#\/schema\/person\/4da1e536b1da05972f13052ec6594aff"},"headline":"Jakie zmiany w bran\u017cy kosmetycznej i fryzjerskiej?","datePublished":"2020-05-12T10:51:56+00:00","dateModified":"2020-05-12T10:51:56+00:00","mainEntityOfPage":{"@id":"https:\/\/zyciebrzeska.pl\/?p=3879"},"wordCount":182,"commentCount":0,"publisher":{"@id":"https:\/\/zyciebrzeska.pl\/#organization"},"image":{"@id":"https:\/\/zyciebrzeska.pl\/?p=3879#primaryimage"},"thumbnailUrl":"https:\/\/zyciebrzeska.pl\/wp-content\/uploads\/2020\/05\/E2DC09F9-3A1C-46A1-B725-A9EB5071A163.jpeg","articleSection":["Wydarzenia"],"inLanguage":"pl-PL","potentialAction":[{"@type":"CommentAction","name":"Comment","target":["https:\/\/zyciebrzeska.pl\/?p=3879#respond"]}]},{"@type":"WebPage","@id":"https:\/\/zyciebrzeska.pl\/?p=3879","url":"https:\/\/zyciebrzeska.pl\/?p=3879","name":"Jakie zmiany w bran\u017cy kosmetycznej i fryzjerskiej? - \u017bycie Brzeska","isPartOf":{"@id":"https:\/\/zyciebrzeska.pl\/#website"},"primaryImageOfPage":{"@id":"https:\/\/zyciebrzeska.pl\/?p=3879#primaryimage"},"image":{"@id":"https:\/\/zyciebrzeska.pl\/?p=3879#primaryimage"},"thumbnailUrl":"https:\/\/zyciebrzeska.pl\/wp-content\/uploads\/2020\/05\/E2DC09F9-3A1C-46A1-B725-A9EB5071A163.jpeg","datePublished":"2020-05-12T10:51:56+00:00","dateModified":"2020-05-12T10:51:56+00:00","breadcrumb":{"@id":"https:\/\/zyciebrzeska.pl\/?p=3879#breadcrumb"},"inLanguage":"pl-PL","potentialAction":[{"@type":"ReadAction","target":["https:\/\/zyciebrzeska.pl\/?p=3879"]}]},{"@type":"ImageObject","inLanguage":"pl-PL","@id":"https:\/\/zyciebrzeska.pl\/?p=3879#primaryimage","url":"https:\/\/zyciebrzeska.pl\/wp-content\/uploads\/2020\/05\/E2DC09F9-3A1C-46A1-B725-A9EB5071A163.jpeg","contentUrl":"https:\/\/zyciebrzeska.pl\/wp-content\/uploads\/2020\/05\/E2DC09F9-3A1C-46A1-B725-A9EB5071A163.jpeg","width":640,"height":427},{"@type":"BreadcrumbList","@id":"https:\/\/zyciebrzeska.pl\/?p=3879#breadcrumb","itemListElement":[{"@type":"ListItem","position":1,"name":"Home","item":"https:\/\/zyciebrzeska.pl\/"},{"@type":"ListItem","position":2,"name":"Jakie zmiany w bran\u017cy kosmetycznej i fryzjerskiej?"}]},{"@type":"WebSite","@id":"https:\/\/zyciebrzeska.pl\/#website","url":"https:\/\/zyciebrzeska.pl\/","name":"\u017bycie Brzeska","description":"Portal Ludzi Aktywnych","publisher":{"@id":"https:\/\/zyciebrzeska.pl\/#organization"},"potentialAction":[{"@type":"SearchAction","target":{"@type":"EntryPoint","urlTemplate":"https:\/\/zyciebrzeska.pl\/?s={search_term_string}"},"query-input":"required name=search_term_string"}],"inLanguage":"pl-PL"},{"@type":"Organization","@id":"https:\/\/zyciebrzeska.pl\/#organization","name":"\u017bycie Brzeska","url":"https:\/\/zyciebrzeska.pl\/","logo":{"@type":"ImageObject","inLanguage":"pl-PL","@id":"https:\/\/zyciebrzeska.pl\/#\/schema\/logo\/image\/","url":"https:\/\/server818677.nazwa.pl\/wordpress\/wpn_pierwszainstalacja\/wp-content\/uploads\/2023\/06\/admin-ajax.php-2.png","contentUrl":"https:\/\/server818677.nazwa.pl\/wordpress\/wpn_pierwszainstalacja\/wp-content\/uploads\/2023\/06\/admin-ajax.php-2.png","width":400,"height":133,"caption":"\u017bycie Brzeska"},"image":{"@id":"https:\/\/zyciebrzeska.pl\/#\/schema\/logo\/image\/"},"sameAs":["https:\/\/www.facebook.com\/brzeskoinfo"]},{"@type":"Person","@id":"https:\/\/zyciebrzeska.pl\/#\/schema\/person\/4da1e536b1da05972f13052ec6594aff","name":"Redaktor","image":{"@type":"ImageObject","inLanguage":"pl-PL","@id":"https:\/\/zyciebrzeska.pl\/#\/schema\/person\/image\/","url":"https:\/\/secure.gravatar.com\/avatar\/9564c163e08185c7e0f7d0141ae3914237cf629898e8534b3dd06bb95817ae0b?s=96&d=mm&r=g","contentUrl":"https:\/\/secure.gravatar.com\/avatar\/9564c163e08185c7e0f7d0141ae3914237cf629898e8534b3dd06bb95817ae0b?s=96&d=mm&r=g","caption":"Redaktor"},"sameAs":["http:\/\/zyciebrzeska.pl"],"url":"https:\/\/zyciebrzeska.pl\/?author=1"}]}},"_links":{"self":[{"href":"https:\/\/zyciebrzeska.pl\/index.php?rest_route=\/wp\/v2\/posts\/3879","targetHints":{"allow":["GET"]}}],"collection":[{"href":"https:\/\/zyciebrzeska.pl\/index.php?rest_route=\/wp\/v2\/posts"}],"about":[{"href":"https:\/\/zyciebrzeska.pl\/index.php?rest_route=\/wp\/v2\/types\/post"}],"author":[{"embeddable":true,"href":"https:\/\/zyciebrzeska.pl\/index.php?rest_route=\/wp\/v2\/users\/1"}],"replies":[{"embeddable":true,"href":"https:\/\/zyciebrzeska.pl\/index.php?rest_route=%2Fwp%2Fv2%2Fcomments&post=3879"}],"version-history":[{"count":0,"href":"https:\/\/zyciebrzeska.pl\/index.php?rest_route=\/wp\/v2\/posts\/3879\/revisions"}],"wp:featuredmedia":[{"embeddable":true,"href":"https:\/\/zyciebrzeska.pl\/index.php?rest_route=\/wp\/v2\/media\/3880"}],"wp:attachment":[{"href":"https:\/\/zyciebrzeska.pl\/index.php?rest_route=%2Fwp%2Fv2%2Fmedia&parent=3879"}],"wp:term":[{"taxonomy":"category","embeddable":true,"href":"https:\/\/zyciebrzeska.pl\/index.php?rest_route=%2Fwp%2Fv2%2Fcategories&post=3879"},{"taxonomy":"post_tag","embeddable":true,"href":"https:\/\/zyciebrzeska.pl\/index.php?rest_route=%2Fwp%2Fv2%2Ftags&post=3879"}],"curies":[{"name":"wp","href":"https:\/\/api.w.org\/{rel}","templated":true}]}}