{"id":3489,"date":"2019-08-12T12:54:05","date_gmt":"2019-08-12T12:54:05","guid":{"rendered":"https:\/\/zyciebrzeska.pl\/?p=3489"},"modified":"2019-08-12T12:54:05","modified_gmt":"2019-08-12T12:54:05","slug":"brzescy-policjanci-zatrzymali-nieletnich-grafficiarzy","status":"publish","type":"post","link":"https:\/\/zyciebrzeska.pl\/?p=3489","title":{"rendered":"Brzescy policjanci zatrzymali nieletnich grafficiarzy"},"content":{"rendered":"\n<p><strong>Brzescy kryminalni zatrzymali trzech nieletnich wandali, kt\u00f3rzy zniszczyli elewacje wiaduktu pod torami kolejowymi w Sterkowcu. To nie pierwszy tego typu chuliga\u0144ski wybryk jaki mia\u0142 miejsce w tej okolicy. Za sw\u00f3j wybryk b\u0119d\u0105 oni teraz musieli odpowiedzie\u0107 przed s\u0105dem rodzinnym.<\/strong><br><br>W dniu 8 sierpnia br. funkcjonariusze Wydzia\u0142u Kryminalnego dzi\u0119ki zebranym informacjom, wytypowali i zatrzymali trzy osoby odpowiedzialne za zniszczenie elewacji wiaduktu pod torami kolejowymi w Sterkowcu. \u201eGrafficiarzami\u201d okazali si\u0119 dwaj 15 \u2013 letni oraz jeden 16-letni mieszka\u0144cy powiatu brzeskiego. Nieletni podczas rozmowy z funkcjonariuszami przyznali si\u0119, \u017ce w dniu 2 sierpnia br. udali si\u0119 w rejon wiaduktu, a nast\u0119pnie przy u\u017cyciu marker\u00f3w dokonali pomalowania elewacji. W pewnym momencie zostali sp\u0142oszeni przez mieszka\u0144ca tej miejscowo\u015bci i w\u00f3wczas zaprzestali wykazywa\u0107 si\u0119 swoim \u201etalentem malarskim\u201d. Kiedy sprawa zosta\u0142a nag\u0142o\u015bniona w mediach spo\u0142eczno\u015bciowych, \u201egrafficiarze\u201d obawiaj\u0105c si\u0119 konsekwencji, postanowili nast\u0119pnego dnia ponownie uda\u0107 si\u0119 pod wiadukt, gdzie tym razem przy u\u017cyciu bia\u0142ej farby zamalowali swoje rysunki oraz ca\u0142y fragment \u015bciany. Warto\u015b\u0107 strat spowodowanych przez ich dzia\u0142alno\u015b\u0107 oszacowana zosta\u0142a na 15 tysi\u0119cy z\u0142otych.<\/p>\n\n\n\n<p>Materia\u0142y sprawy zostan\u0105 teraz przekazane do s\u0105du rodzinnego, kt\u00f3ry zdecyduje o ich dalszym losie. Zgodnie z Ustaw\u0105 o post\u0119powaniu w sprawach nieletnich s\u0105d rodzinny mo\u017ce zobowi\u0105za\u0107 rodzic\u00f3w lub opiekuna do naprawienia w ca\u0142o\u015bci lub w cz\u0119\u015bci szkody wyrz\u0105dzonej przez nieletniego.<\/p>\n\n\n\n<p>KPP Brzesko\/ \u017bycie Brzeska<\/p>\n","protected":false},"excerpt":{"rendered":"<p>Brzescy kryminalni zatrzymali trzech nieletnich wandali, kt\u00f3rzy zniszczyli elewacje wiaduktu pod torami kolejowymi w Sterkowcu. To nie pierwszy tego typu chuliga\u0144ski wybryk jaki mia\u0142 miejsce w tej okolicy. Za sw\u00f3j wybryk b\u0119d\u0105 oni teraz musieli odpowiedzie\u0107 przed s\u0105dem rodzinnym. W dniu 8 sierpnia br. funkcjonariusze Wydzia\u0142u Kryminalnego dzi\u0119ki zebranym informacjom, wytypowali i zatrzymali trzy osoby [&hellip;]<\/p>\n","protected":false},"author":1,"featured_media":167,"comment_status":"open","ping_status":"open","sticky":false,"template":"","format":"standard","meta":{"tdm_status":"","tdm_grid_status":"","footnotes":""},"categories":[10],"tags":[],"class_list":{"0":"post-3489","1":"post","2":"type-post","3":"status-publish","4":"format-standard","5":"has-post-thumbnail","7":"category-wydarzenia"},"yoast_head":"<!-- This site is optimized with the Yoast SEO plugin v22.2 - https:\/\/yoast.com\/wordpress\/plugins\/seo\/ -->\n<title>Brzescy policjanci zatrzymali nieletnich grafficiarzy - \u017bycie Brzeska<\/title>\n<meta name=\"robots\" content=\"index, follow, max-snippet:-1, max-image-preview:large, max-video-preview:-1\" \/>\n<link rel=\"canonical\" href=\"https:\/\/zyciebrzeska.pl\/?p=3489\" \/>\n<meta property=\"og:locale\" content=\"pl_PL\" \/>\n<meta property=\"og:type\" content=\"article\" \/>\n<meta property=\"og:title\" content=\"Brzescy policjanci zatrzymali nieletnich grafficiarzy - \u017bycie Brzeska\" \/>\n<meta property=\"og:description\" content=\"Brzescy kryminalni zatrzymali trzech nieletnich wandali, kt\u00f3rzy zniszczyli elewacje wiaduktu pod torami kolejowymi w Sterkowcu. To nie pierwszy tego typu chuliga\u0144ski wybryk jaki mia\u0142 miejsce w tej okolicy. Za sw\u00f3j wybryk b\u0119d\u0105 oni teraz musieli odpowiedzie\u0107 przed s\u0105dem rodzinnym. W dniu 8 sierpnia br. funkcjonariusze Wydzia\u0142u Kryminalnego dzi\u0119ki zebranym informacjom, wytypowali i zatrzymali trzy osoby [&hellip;]\" \/>\n<meta property=\"og:url\" content=\"https:\/\/zyciebrzeska.pl\/?p=3489\" \/>\n<meta property=\"og:site_name\" content=\"\u017bycie Brzeska\" \/>\n<meta property=\"article:publisher\" content=\"https:\/\/www.facebook.com\/brzeskoinfo\" \/>\n<meta property=\"article:published_time\" content=\"2019-08-12T12:54:05+00:00\" \/>\n<meta property=\"og:image\" content=\"https:\/\/zyciebrzeska.pl\/wp-content\/uploads\/2018\/07\/policja-new.jpg\" \/>\n\t<meta property=\"og:image:width\" content=\"575\" \/>\n\t<meta property=\"og:image:height\" content=\"345\" \/>\n\t<meta property=\"og:image:type\" content=\"image\/jpeg\" \/>\n<meta name=\"author\" content=\"Redaktor\" \/>\n<meta name=\"twitter:card\" content=\"summary_large_image\" \/>\n<meta name=\"twitter:label1\" content=\"Napisane przez\" \/>\n\t<meta name=\"twitter:data1\" content=\"Redaktor\" \/>\n\t<meta name=\"twitter:label2\" content=\"Szacowany czas czytania\" \/>\n\t<meta name=\"twitter:data2\" content=\"1 minuta\" \/>\n<script type=\"application\/ld+json\" class=\"yoast-schema-graph\">{\"@context\":\"https:\/\/schema.org\",\"@graph\":[{\"@type\":\"Article\",\"@id\":\"https:\/\/zyciebrzeska.pl\/?p=3489#article\",\"isPartOf\":{\"@id\":\"https:\/\/zyciebrzeska.pl\/?p=3489\"},\"author\":{\"name\":\"Redaktor\",\"@id\":\"https:\/\/zyciebrzeska.pl\/#\/schema\/person\/4da1e536b1da05972f13052ec6594aff\"},\"headline\":\"Brzescy policjanci zatrzymali nieletnich grafficiarzy\",\"datePublished\":\"2019-08-12T12:54:05+00:00\",\"dateModified\":\"2019-08-12T12:54:05+00:00\",\"mainEntityOfPage\":{\"@id\":\"https:\/\/zyciebrzeska.pl\/?p=3489\"},\"wordCount\":251,\"commentCount\":0,\"publisher\":{\"@id\":\"https:\/\/zyciebrzeska.pl\/#organization\"},\"image\":{\"@id\":\"https:\/\/zyciebrzeska.pl\/?p=3489#primaryimage\"},\"thumbnailUrl\":\"https:\/\/zyciebrzeska.pl\/wp-content\/uploads\/2018\/07\/policja-new.jpg\",\"articleSection\":[\"Wydarzenia\"],\"inLanguage\":\"pl-PL\",\"potentialAction\":[{\"@type\":\"CommentAction\",\"name\":\"Comment\",\"target\":[\"https:\/\/zyciebrzeska.pl\/?p=3489#respond\"]}]},{\"@type\":\"WebPage\",\"@id\":\"https:\/\/zyciebrzeska.pl\/?p=3489\",\"url\":\"https:\/\/zyciebrzeska.pl\/?p=3489\",\"name\":\"Brzescy policjanci zatrzymali nieletnich grafficiarzy - \u017bycie Brzeska\",\"isPartOf\":{\"@id\":\"https:\/\/zyciebrzeska.pl\/#website\"},\"primaryImageOfPage\":{\"@id\":\"https:\/\/zyciebrzeska.pl\/?p=3489#primaryimage\"},\"image\":{\"@id\":\"https:\/\/zyciebrzeska.pl\/?p=3489#primaryimage\"},\"thumbnailUrl\":\"https:\/\/zyciebrzeska.pl\/wp-content\/uploads\/2018\/07\/policja-new.jpg\",\"datePublished\":\"2019-08-12T12:54:05+00:00\",\"dateModified\":\"2019-08-12T12:54:05+00:00\",\"breadcrumb\":{\"@id\":\"https:\/\/zyciebrzeska.pl\/?p=3489#breadcrumb\"},\"inLanguage\":\"pl-PL\",\"potentialAction\":[{\"@type\":\"ReadAction\",\"target\":[\"https:\/\/zyciebrzeska.pl\/?p=3489\"]}]},{\"@type\":\"ImageObject\",\"inLanguage\":\"pl-PL\",\"@id\":\"https:\/\/zyciebrzeska.pl\/?p=3489#primaryimage\",\"url\":\"https:\/\/zyciebrzeska.pl\/wp-content\/uploads\/2018\/07\/policja-new.jpg\",\"contentUrl\":\"https:\/\/zyciebrzeska.pl\/wp-content\/uploads\/2018\/07\/policja-new.jpg\",\"width\":575,\"height\":345},{\"@type\":\"BreadcrumbList\",\"@id\":\"https:\/\/zyciebrzeska.pl\/?p=3489#breadcrumb\",\"itemListElement\":[{\"@type\":\"ListItem\",\"position\":1,\"name\":\"Home\",\"item\":\"https:\/\/zyciebrzeska.pl\/\"},{\"@type\":\"ListItem\",\"position\":2,\"name\":\"Brzescy policjanci zatrzymali nieletnich grafficiarzy\"}]},{\"@type\":\"WebSite\",\"@id\":\"https:\/\/zyciebrzeska.pl\/#website\",\"url\":\"https:\/\/zyciebrzeska.pl\/\",\"name\":\"\u017bycie Brzeska\",\"description\":\"Portal Ludzi Aktywnych\",\"publisher\":{\"@id\":\"https:\/\/zyciebrzeska.pl\/#organization\"},\"potentialAction\":[{\"@type\":\"SearchAction\",\"target\":{\"@type\":\"EntryPoint\",\"urlTemplate\":\"https:\/\/zyciebrzeska.pl\/?s={search_term_string}\"},\"query-input\":\"required name=search_term_string\"}],\"inLanguage\":\"pl-PL\"},{\"@type\":\"Organization\",\"@id\":\"https:\/\/zyciebrzeska.pl\/#organization\",\"name\":\"\u017bycie Brzeska\",\"url\":\"https:\/\/zyciebrzeska.pl\/\",\"logo\":{\"@type\":\"ImageObject\",\"inLanguage\":\"pl-PL\",\"@id\":\"https:\/\/zyciebrzeska.pl\/#\/schema\/logo\/image\/\",\"url\":\"https:\/\/server818677.nazwa.pl\/wordpress\/wpn_pierwszainstalacja\/wp-content\/uploads\/2023\/06\/admin-ajax.php-2.png\",\"contentUrl\":\"https:\/\/server818677.nazwa.pl\/wordpress\/wpn_pierwszainstalacja\/wp-content\/uploads\/2023\/06\/admin-ajax.php-2.png\",\"width\":400,\"height\":133,\"caption\":\"\u017bycie Brzeska\"},\"image\":{\"@id\":\"https:\/\/zyciebrzeska.pl\/#\/schema\/logo\/image\/\"},\"sameAs\":[\"https:\/\/www.facebook.com\/brzeskoinfo\"]},{\"@type\":\"Person\",\"@id\":\"https:\/\/zyciebrzeska.pl\/#\/schema\/person\/4da1e536b1da05972f13052ec6594aff\",\"name\":\"Redaktor\",\"image\":{\"@type\":\"ImageObject\",\"inLanguage\":\"pl-PL\",\"@id\":\"https:\/\/zyciebrzeska.pl\/#\/schema\/person\/image\/\",\"url\":\"https:\/\/secure.gravatar.com\/avatar\/9564c163e08185c7e0f7d0141ae3914237cf629898e8534b3dd06bb95817ae0b?s=96&d=mm&r=g\",\"contentUrl\":\"https:\/\/secure.gravatar.com\/avatar\/9564c163e08185c7e0f7d0141ae3914237cf629898e8534b3dd06bb95817ae0b?s=96&d=mm&r=g\",\"caption\":\"Redaktor\"},\"sameAs\":[\"http:\/\/zyciebrzeska.pl\"],\"url\":\"https:\/\/zyciebrzeska.pl\/?author=1\"}]}<\/script>\n<!-- \/ Yoast SEO plugin. -->","yoast_head_json":{"title":"Brzescy policjanci zatrzymali nieletnich grafficiarzy - \u017bycie Brzeska","robots":{"index":"index","follow":"follow","max-snippet":"max-snippet:-1","max-image-preview":"max-image-preview:large","max-video-preview":"max-video-preview:-1"},"canonical":"https:\/\/zyciebrzeska.pl\/?p=3489","og_locale":"pl_PL","og_type":"article","og_title":"Brzescy policjanci zatrzymali nieletnich grafficiarzy - \u017bycie Brzeska","og_description":"Brzescy kryminalni zatrzymali trzech nieletnich wandali, kt\u00f3rzy zniszczyli elewacje wiaduktu pod torami kolejowymi w Sterkowcu. To nie pierwszy tego typu chuliga\u0144ski wybryk jaki mia\u0142 miejsce w tej okolicy. Za sw\u00f3j wybryk b\u0119d\u0105 oni teraz musieli odpowiedzie\u0107 przed s\u0105dem rodzinnym. W dniu 8 sierpnia br. funkcjonariusze Wydzia\u0142u Kryminalnego dzi\u0119ki zebranym informacjom, wytypowali i zatrzymali trzy osoby [&hellip;]","og_url":"https:\/\/zyciebrzeska.pl\/?p=3489","og_site_name":"\u017bycie Brzeska","article_publisher":"https:\/\/www.facebook.com\/brzeskoinfo","article_published_time":"2019-08-12T12:54:05+00:00","og_image":[{"width":575,"height":345,"url":"https:\/\/zyciebrzeska.pl\/wp-content\/uploads\/2018\/07\/policja-new.jpg","type":"image\/jpeg"}],"author":"Redaktor","twitter_card":"summary_large_image","twitter_misc":{"Napisane przez":"Redaktor","Szacowany czas czytania":"1 minuta"},"schema":{"@context":"https:\/\/schema.org","@graph":[{"@type":"Article","@id":"https:\/\/zyciebrzeska.pl\/?p=3489#article","isPartOf":{"@id":"https:\/\/zyciebrzeska.pl\/?p=3489"},"author":{"name":"Redaktor","@id":"https:\/\/zyciebrzeska.pl\/#\/schema\/person\/4da1e536b1da05972f13052ec6594aff"},"headline":"Brzescy policjanci zatrzymali nieletnich grafficiarzy","datePublished":"2019-08-12T12:54:05+00:00","dateModified":"2019-08-12T12:54:05+00:00","mainEntityOfPage":{"@id":"https:\/\/zyciebrzeska.pl\/?p=3489"},"wordCount":251,"commentCount":0,"publisher":{"@id":"https:\/\/zyciebrzeska.pl\/#organization"},"image":{"@id":"https:\/\/zyciebrzeska.pl\/?p=3489#primaryimage"},"thumbnailUrl":"https:\/\/zyciebrzeska.pl\/wp-content\/uploads\/2018\/07\/policja-new.jpg","articleSection":["Wydarzenia"],"inLanguage":"pl-PL","potentialAction":[{"@type":"CommentAction","name":"Comment","target":["https:\/\/zyciebrzeska.pl\/?p=3489#respond"]}]},{"@type":"WebPage","@id":"https:\/\/zyciebrzeska.pl\/?p=3489","url":"https:\/\/zyciebrzeska.pl\/?p=3489","name":"Brzescy policjanci zatrzymali nieletnich grafficiarzy - \u017bycie Brzeska","isPartOf":{"@id":"https:\/\/zyciebrzeska.pl\/#website"},"primaryImageOfPage":{"@id":"https:\/\/zyciebrzeska.pl\/?p=3489#primaryimage"},"image":{"@id":"https:\/\/zyciebrzeska.pl\/?p=3489#primaryimage"},"thumbnailUrl":"https:\/\/zyciebrzeska.pl\/wp-content\/uploads\/2018\/07\/policja-new.jpg","datePublished":"2019-08-12T12:54:05+00:00","dateModified":"2019-08-12T12:54:05+00:00","breadcrumb":{"@id":"https:\/\/zyciebrzeska.pl\/?p=3489#breadcrumb"},"inLanguage":"pl-PL","potentialAction":[{"@type":"ReadAction","target":["https:\/\/zyciebrzeska.pl\/?p=3489"]}]},{"@type":"ImageObject","inLanguage":"pl-PL","@id":"https:\/\/zyciebrzeska.pl\/?p=3489#primaryimage","url":"https:\/\/zyciebrzeska.pl\/wp-content\/uploads\/2018\/07\/policja-new.jpg","contentUrl":"https:\/\/zyciebrzeska.pl\/wp-content\/uploads\/2018\/07\/policja-new.jpg","width":575,"height":345},{"@type":"BreadcrumbList","@id":"https:\/\/zyciebrzeska.pl\/?p=3489#breadcrumb","itemListElement":[{"@type":"ListItem","position":1,"name":"Home","item":"https:\/\/zyciebrzeska.pl\/"},{"@type":"ListItem","position":2,"name":"Brzescy policjanci zatrzymali nieletnich grafficiarzy"}]},{"@type":"WebSite","@id":"https:\/\/zyciebrzeska.pl\/#website","url":"https:\/\/zyciebrzeska.pl\/","name":"\u017bycie Brzeska","description":"Portal Ludzi Aktywnych","publisher":{"@id":"https:\/\/zyciebrzeska.pl\/#organization"},"potentialAction":[{"@type":"SearchAction","target":{"@type":"EntryPoint","urlTemplate":"https:\/\/zyciebrzeska.pl\/?s={search_term_string}"},"query-input":"required name=search_term_string"}],"inLanguage":"pl-PL"},{"@type":"Organization","@id":"https:\/\/zyciebrzeska.pl\/#organization","name":"\u017bycie Brzeska","url":"https:\/\/zyciebrzeska.pl\/","logo":{"@type":"ImageObject","inLanguage":"pl-PL","@id":"https:\/\/zyciebrzeska.pl\/#\/schema\/logo\/image\/","url":"https:\/\/server818677.nazwa.pl\/wordpress\/wpn_pierwszainstalacja\/wp-content\/uploads\/2023\/06\/admin-ajax.php-2.png","contentUrl":"https:\/\/server818677.nazwa.pl\/wordpress\/wpn_pierwszainstalacja\/wp-content\/uploads\/2023\/06\/admin-ajax.php-2.png","width":400,"height":133,"caption":"\u017bycie Brzeska"},"image":{"@id":"https:\/\/zyciebrzeska.pl\/#\/schema\/logo\/image\/"},"sameAs":["https:\/\/www.facebook.com\/brzeskoinfo"]},{"@type":"Person","@id":"https:\/\/zyciebrzeska.pl\/#\/schema\/person\/4da1e536b1da05972f13052ec6594aff","name":"Redaktor","image":{"@type":"ImageObject","inLanguage":"pl-PL","@id":"https:\/\/zyciebrzeska.pl\/#\/schema\/person\/image\/","url":"https:\/\/secure.gravatar.com\/avatar\/9564c163e08185c7e0f7d0141ae3914237cf629898e8534b3dd06bb95817ae0b?s=96&d=mm&r=g","contentUrl":"https:\/\/secure.gravatar.com\/avatar\/9564c163e08185c7e0f7d0141ae3914237cf629898e8534b3dd06bb95817ae0b?s=96&d=mm&r=g","caption":"Redaktor"},"sameAs":["http:\/\/zyciebrzeska.pl"],"url":"https:\/\/zyciebrzeska.pl\/?author=1"}]}},"_links":{"self":[{"href":"https:\/\/zyciebrzeska.pl\/index.php?rest_route=\/wp\/v2\/posts\/3489","targetHints":{"allow":["GET"]}}],"collection":[{"href":"https:\/\/zyciebrzeska.pl\/index.php?rest_route=\/wp\/v2\/posts"}],"about":[{"href":"https:\/\/zyciebrzeska.pl\/index.php?rest_route=\/wp\/v2\/types\/post"}],"author":[{"embeddable":true,"href":"https:\/\/zyciebrzeska.pl\/index.php?rest_route=\/wp\/v2\/users\/1"}],"replies":[{"embeddable":true,"href":"https:\/\/zyciebrzeska.pl\/index.php?rest_route=%2Fwp%2Fv2%2Fcomments&post=3489"}],"version-history":[{"count":0,"href":"https:\/\/zyciebrzeska.pl\/index.php?rest_route=\/wp\/v2\/posts\/3489\/revisions"}],"wp:featuredmedia":[{"embeddable":true,"href":"https:\/\/zyciebrzeska.pl\/index.php?rest_route=\/wp\/v2\/media\/167"}],"wp:attachment":[{"href":"https:\/\/zyciebrzeska.pl\/index.php?rest_route=%2Fwp%2Fv2%2Fmedia&parent=3489"}],"wp:term":[{"taxonomy":"category","embeddable":true,"href":"https:\/\/zyciebrzeska.pl\/index.php?rest_route=%2Fwp%2Fv2%2Fcategories&post=3489"},{"taxonomy":"post_tag","embeddable":true,"href":"https:\/\/zyciebrzeska.pl\/index.php?rest_route=%2Fwp%2Fv2%2Ftags&post=3489"}],"curies":[{"name":"wp","href":"https:\/\/api.w.org\/{rel}","templated":true}]}}