{"id":3485,"date":"2019-08-12T12:49:53","date_gmt":"2019-08-12T12:49:53","guid":{"rendered":"https:\/\/zyciebrzeska.pl\/?p=3485"},"modified":"2019-08-12T12:49:53","modified_gmt":"2019-08-12T12:49:53","slug":"malopolski-festiwal-smaku-25-sierpnia-2019","status":"publish","type":"post","link":"https:\/\/zyciebrzeska.pl\/?p=3485","title":{"rendered":"Ma\u0142opolski Festiwal Smaku \u2013 25 sierpnia 2019"},"content":{"rendered":"\n<p>Ma\u0142opolski Festiwal Smaku powraca do korzeni, daj\u0105c mo\u017cliwo\u015b\u0107 skosztowania tego, co od zawsze jest w naszym regionie najsmaczniejsze. To smaki, kt\u00f3re pami\u0119tamy z dzieci\u0144stwa, a powr\u00f3cimy do nich dzi\u0119ki kulinarnym umiej\u0119tno\u015bciom pa\u0144 z k\u00f3\u0142 gospody\u0144 wiejskich z naszego regionu. Swoimi specja\u0142ami, przygotowanymi zgodnie z lokalnymi recepturami b\u0119d\u0105 cz\u0119stowa\u0107 festiwalowych go\u015bci.<\/p>\n\n\n\n<p>Na Ma\u0142opolskim Festiwalu Smaku nie zabraknie tak\u017ce Andrzeja Polana, kt\u00f3ry poka\u017ce nam jak mo\u017cna, bazuj\u0105c na charakterystycznych, lokalnych dla okre\u015blonego regionu produktach, stworzy\u0107 kulinarne cuda o nieznanym dot\u0105d smaku.<br>Go\u015bcie b\u0119d\u0105 mogli r\u00f3wnie\u017c degustowa\u0107 potrawy, kt\u00f3re wyjd\u0105 spod r\u0119ki mistrza.\u00a0\u00a0<\/p>\n\n\n\n<figure class=\"wp-block-image\"><img loading=\"lazy\" decoding=\"async\" width=\"574\" height=\"800\" src=\"https:\/\/server818677.nazwa.pl\/wordpress\/wpn_pierwszainstalacja\/wp-content\/uploads\/2019\/08\/87B97C1D-BD14-4DE4-ABEF-12688E5156FA.jpeg\" alt=\"\" class=\"wp-image-3486\" srcset=\"https:\/\/zyciebrzeska.pl\/wp-content\/uploads\/2019\/08\/87B97C1D-BD14-4DE4-ABEF-12688E5156FA.jpeg 574w, https:\/\/zyciebrzeska.pl\/wp-content\/uploads\/2019\/08\/87B97C1D-BD14-4DE4-ABEF-12688E5156FA-215x300.jpeg 215w\" sizes=\"auto, (max-width: 574px) 100vw, 574px\" \/><\/figure>\n\n\n\n<p>W ramach Ma\u0142opolskiego Festiwalu Smaku przewidziano mn\u00f3stwo atrakcji dla go\u015bci odwiedzaj\u0105cych wydarzenie: degustacje, strefa zabaw dla najm\u0142odszych, konkursy z nagrodami, wyst\u0119py lokalnych artyst\u00f3w.&nbsp;<\/p>\n\n\n\n<p><strong>Wsp\u00f3lnie przekonamy Was, \u017ce na\u00a0 polu smakuje lepiej!<\/strong><\/p>\n\n\n\n<p>\u017bycie Brzeska<\/p>\n","protected":false},"excerpt":{"rendered":"<p>Ma\u0142opolski Festiwal Smaku powraca do korzeni, daj\u0105c mo\u017cliwo\u015b\u0107 skosztowania tego, co od zawsze jest w naszym regionie najsmaczniejsze. To smaki, kt\u00f3re pami\u0119tamy z dzieci\u0144stwa, a powr\u00f3cimy do nich dzi\u0119ki kulinarnym umiej\u0119tno\u015bciom pa\u0144 z k\u00f3\u0142 gospody\u0144 wiejskich z naszego regionu. Swoimi specja\u0142ami, przygotowanymi zgodnie z lokalnymi recepturami b\u0119d\u0105 cz\u0119stowa\u0107 festiwalowych go\u015bci. Na Ma\u0142opolskim Festiwalu Smaku nie [&hellip;]<\/p>\n","protected":false},"author":1,"featured_media":3486,"comment_status":"open","ping_status":"open","sticky":false,"template":"","format":"standard","meta":{"tdm_status":"","tdm_grid_status":"","footnotes":""},"categories":[10],"tags":[],"class_list":{"0":"post-3485","1":"post","2":"type-post","3":"status-publish","4":"format-standard","5":"has-post-thumbnail","7":"category-wydarzenia"},"yoast_head":"<!-- This site is optimized with the Yoast SEO plugin v22.2 - https:\/\/yoast.com\/wordpress\/plugins\/seo\/ -->\n<title>Ma\u0142opolski Festiwal Smaku \u2013 25 sierpnia 2019 - \u017bycie Brzeska<\/title>\n<meta name=\"robots\" content=\"index, follow, max-snippet:-1, max-image-preview:large, max-video-preview:-1\" \/>\n<link rel=\"canonical\" href=\"https:\/\/zyciebrzeska.pl\/?p=3485\" \/>\n<meta property=\"og:locale\" content=\"pl_PL\" \/>\n<meta property=\"og:type\" content=\"article\" \/>\n<meta property=\"og:title\" content=\"Ma\u0142opolski Festiwal Smaku \u2013 25 sierpnia 2019 - \u017bycie Brzeska\" \/>\n<meta property=\"og:description\" content=\"Ma\u0142opolski Festiwal Smaku powraca do korzeni, daj\u0105c mo\u017cliwo\u015b\u0107 skosztowania tego, co od zawsze jest w naszym regionie najsmaczniejsze. To smaki, kt\u00f3re pami\u0119tamy z dzieci\u0144stwa, a powr\u00f3cimy do nich dzi\u0119ki kulinarnym umiej\u0119tno\u015bciom pa\u0144 z k\u00f3\u0142 gospody\u0144 wiejskich z naszego regionu. Swoimi specja\u0142ami, przygotowanymi zgodnie z lokalnymi recepturami b\u0119d\u0105 cz\u0119stowa\u0107 festiwalowych go\u015bci. Na Ma\u0142opolskim Festiwalu Smaku nie [&hellip;]\" \/>\n<meta property=\"og:url\" content=\"https:\/\/zyciebrzeska.pl\/?p=3485\" \/>\n<meta property=\"og:site_name\" content=\"\u017bycie Brzeska\" \/>\n<meta property=\"article:publisher\" content=\"https:\/\/www.facebook.com\/brzeskoinfo\" \/>\n<meta property=\"article:published_time\" content=\"2019-08-12T12:49:53+00:00\" \/>\n<meta property=\"og:image\" content=\"https:\/\/zyciebrzeska.pl\/wp-content\/uploads\/2019\/08\/87B97C1D-BD14-4DE4-ABEF-12688E5156FA.jpeg\" \/>\n\t<meta property=\"og:image:width\" content=\"574\" \/>\n\t<meta property=\"og:image:height\" content=\"800\" \/>\n\t<meta property=\"og:image:type\" content=\"image\/jpeg\" \/>\n<meta name=\"author\" content=\"Redaktor\" \/>\n<meta name=\"twitter:card\" content=\"summary_large_image\" \/>\n<meta name=\"twitter:label1\" content=\"Napisane przez\" \/>\n\t<meta name=\"twitter:data1\" content=\"Redaktor\" \/>\n\t<meta name=\"twitter:label2\" content=\"Szacowany czas czytania\" \/>\n\t<meta name=\"twitter:data2\" content=\"1 minuta\" \/>\n<script type=\"application\/ld+json\" class=\"yoast-schema-graph\">{\"@context\":\"https:\/\/schema.org\",\"@graph\":[{\"@type\":\"Article\",\"@id\":\"https:\/\/zyciebrzeska.pl\/?p=3485#article\",\"isPartOf\":{\"@id\":\"https:\/\/zyciebrzeska.pl\/?p=3485\"},\"author\":{\"name\":\"Redaktor\",\"@id\":\"https:\/\/zyciebrzeska.pl\/#\/schema\/person\/4da1e536b1da05972f13052ec6594aff\"},\"headline\":\"Ma\u0142opolski Festiwal Smaku \u2013 25 sierpnia 2019\",\"datePublished\":\"2019-08-12T12:49:53+00:00\",\"dateModified\":\"2019-08-12T12:49:53+00:00\",\"mainEntityOfPage\":{\"@id\":\"https:\/\/zyciebrzeska.pl\/?p=3485\"},\"wordCount\":164,\"commentCount\":0,\"publisher\":{\"@id\":\"https:\/\/zyciebrzeska.pl\/#organization\"},\"image\":{\"@id\":\"https:\/\/zyciebrzeska.pl\/?p=3485#primaryimage\"},\"thumbnailUrl\":\"https:\/\/zyciebrzeska.pl\/wp-content\/uploads\/2019\/08\/87B97C1D-BD14-4DE4-ABEF-12688E5156FA.jpeg\",\"articleSection\":[\"Wydarzenia\"],\"inLanguage\":\"pl-PL\",\"potentialAction\":[{\"@type\":\"CommentAction\",\"name\":\"Comment\",\"target\":[\"https:\/\/zyciebrzeska.pl\/?p=3485#respond\"]}]},{\"@type\":\"WebPage\",\"@id\":\"https:\/\/zyciebrzeska.pl\/?p=3485\",\"url\":\"https:\/\/zyciebrzeska.pl\/?p=3485\",\"name\":\"Ma\u0142opolski Festiwal Smaku \u2013 25 sierpnia 2019 - \u017bycie Brzeska\",\"isPartOf\":{\"@id\":\"https:\/\/zyciebrzeska.pl\/#website\"},\"primaryImageOfPage\":{\"@id\":\"https:\/\/zyciebrzeska.pl\/?p=3485#primaryimage\"},\"image\":{\"@id\":\"https:\/\/zyciebrzeska.pl\/?p=3485#primaryimage\"},\"thumbnailUrl\":\"https:\/\/zyciebrzeska.pl\/wp-content\/uploads\/2019\/08\/87B97C1D-BD14-4DE4-ABEF-12688E5156FA.jpeg\",\"datePublished\":\"2019-08-12T12:49:53+00:00\",\"dateModified\":\"2019-08-12T12:49:53+00:00\",\"breadcrumb\":{\"@id\":\"https:\/\/zyciebrzeska.pl\/?p=3485#breadcrumb\"},\"inLanguage\":\"pl-PL\",\"potentialAction\":[{\"@type\":\"ReadAction\",\"target\":[\"https:\/\/zyciebrzeska.pl\/?p=3485\"]}]},{\"@type\":\"ImageObject\",\"inLanguage\":\"pl-PL\",\"@id\":\"https:\/\/zyciebrzeska.pl\/?p=3485#primaryimage\",\"url\":\"https:\/\/zyciebrzeska.pl\/wp-content\/uploads\/2019\/08\/87B97C1D-BD14-4DE4-ABEF-12688E5156FA.jpeg\",\"contentUrl\":\"https:\/\/zyciebrzeska.pl\/wp-content\/uploads\/2019\/08\/87B97C1D-BD14-4DE4-ABEF-12688E5156FA.jpeg\",\"width\":574,\"height\":800},{\"@type\":\"BreadcrumbList\",\"@id\":\"https:\/\/zyciebrzeska.pl\/?p=3485#breadcrumb\",\"itemListElement\":[{\"@type\":\"ListItem\",\"position\":1,\"name\":\"Home\",\"item\":\"https:\/\/zyciebrzeska.pl\/\"},{\"@type\":\"ListItem\",\"position\":2,\"name\":\"Ma\u0142opolski Festiwal Smaku \u2013 25 sierpnia 2019\"}]},{\"@type\":\"WebSite\",\"@id\":\"https:\/\/zyciebrzeska.pl\/#website\",\"url\":\"https:\/\/zyciebrzeska.pl\/\",\"name\":\"\u017bycie Brzeska\",\"description\":\"Portal Ludzi Aktywnych\",\"publisher\":{\"@id\":\"https:\/\/zyciebrzeska.pl\/#organization\"},\"potentialAction\":[{\"@type\":\"SearchAction\",\"target\":{\"@type\":\"EntryPoint\",\"urlTemplate\":\"https:\/\/zyciebrzeska.pl\/?s={search_term_string}\"},\"query-input\":\"required name=search_term_string\"}],\"inLanguage\":\"pl-PL\"},{\"@type\":\"Organization\",\"@id\":\"https:\/\/zyciebrzeska.pl\/#organization\",\"name\":\"\u017bycie Brzeska\",\"url\":\"https:\/\/zyciebrzeska.pl\/\",\"logo\":{\"@type\":\"ImageObject\",\"inLanguage\":\"pl-PL\",\"@id\":\"https:\/\/zyciebrzeska.pl\/#\/schema\/logo\/image\/\",\"url\":\"https:\/\/server818677.nazwa.pl\/wordpress\/wpn_pierwszainstalacja\/wp-content\/uploads\/2023\/06\/admin-ajax.php-2.png\",\"contentUrl\":\"https:\/\/server818677.nazwa.pl\/wordpress\/wpn_pierwszainstalacja\/wp-content\/uploads\/2023\/06\/admin-ajax.php-2.png\",\"width\":400,\"height\":133,\"caption\":\"\u017bycie Brzeska\"},\"image\":{\"@id\":\"https:\/\/zyciebrzeska.pl\/#\/schema\/logo\/image\/\"},\"sameAs\":[\"https:\/\/www.facebook.com\/brzeskoinfo\"]},{\"@type\":\"Person\",\"@id\":\"https:\/\/zyciebrzeska.pl\/#\/schema\/person\/4da1e536b1da05972f13052ec6594aff\",\"name\":\"Redaktor\",\"image\":{\"@type\":\"ImageObject\",\"inLanguage\":\"pl-PL\",\"@id\":\"https:\/\/zyciebrzeska.pl\/#\/schema\/person\/image\/\",\"url\":\"https:\/\/secure.gravatar.com\/avatar\/9564c163e08185c7e0f7d0141ae3914237cf629898e8534b3dd06bb95817ae0b?s=96&d=mm&r=g\",\"contentUrl\":\"https:\/\/secure.gravatar.com\/avatar\/9564c163e08185c7e0f7d0141ae3914237cf629898e8534b3dd06bb95817ae0b?s=96&d=mm&r=g\",\"caption\":\"Redaktor\"},\"sameAs\":[\"http:\/\/zyciebrzeska.pl\"],\"url\":\"https:\/\/zyciebrzeska.pl\/?author=1\"}]}<\/script>\n<!-- \/ Yoast SEO plugin. -->","yoast_head_json":{"title":"Ma\u0142opolski Festiwal Smaku \u2013 25 sierpnia 2019 - \u017bycie Brzeska","robots":{"index":"index","follow":"follow","max-snippet":"max-snippet:-1","max-image-preview":"max-image-preview:large","max-video-preview":"max-video-preview:-1"},"canonical":"https:\/\/zyciebrzeska.pl\/?p=3485","og_locale":"pl_PL","og_type":"article","og_title":"Ma\u0142opolski Festiwal Smaku \u2013 25 sierpnia 2019 - \u017bycie Brzeska","og_description":"Ma\u0142opolski Festiwal Smaku powraca do korzeni, daj\u0105c mo\u017cliwo\u015b\u0107 skosztowania tego, co od zawsze jest w naszym regionie najsmaczniejsze. To smaki, kt\u00f3re pami\u0119tamy z dzieci\u0144stwa, a powr\u00f3cimy do nich dzi\u0119ki kulinarnym umiej\u0119tno\u015bciom pa\u0144 z k\u00f3\u0142 gospody\u0144 wiejskich z naszego regionu. Swoimi specja\u0142ami, przygotowanymi zgodnie z lokalnymi recepturami b\u0119d\u0105 cz\u0119stowa\u0107 festiwalowych go\u015bci. Na Ma\u0142opolskim Festiwalu Smaku nie [&hellip;]","og_url":"https:\/\/zyciebrzeska.pl\/?p=3485","og_site_name":"\u017bycie Brzeska","article_publisher":"https:\/\/www.facebook.com\/brzeskoinfo","article_published_time":"2019-08-12T12:49:53+00:00","og_image":[{"width":574,"height":800,"url":"https:\/\/zyciebrzeska.pl\/wp-content\/uploads\/2019\/08\/87B97C1D-BD14-4DE4-ABEF-12688E5156FA.jpeg","type":"image\/jpeg"}],"author":"Redaktor","twitter_card":"summary_large_image","twitter_misc":{"Napisane przez":"Redaktor","Szacowany czas czytania":"1 minuta"},"schema":{"@context":"https:\/\/schema.org","@graph":[{"@type":"Article","@id":"https:\/\/zyciebrzeska.pl\/?p=3485#article","isPartOf":{"@id":"https:\/\/zyciebrzeska.pl\/?p=3485"},"author":{"name":"Redaktor","@id":"https:\/\/zyciebrzeska.pl\/#\/schema\/person\/4da1e536b1da05972f13052ec6594aff"},"headline":"Ma\u0142opolski Festiwal Smaku \u2013 25 sierpnia 2019","datePublished":"2019-08-12T12:49:53+00:00","dateModified":"2019-08-12T12:49:53+00:00","mainEntityOfPage":{"@id":"https:\/\/zyciebrzeska.pl\/?p=3485"},"wordCount":164,"commentCount":0,"publisher":{"@id":"https:\/\/zyciebrzeska.pl\/#organization"},"image":{"@id":"https:\/\/zyciebrzeska.pl\/?p=3485#primaryimage"},"thumbnailUrl":"https:\/\/zyciebrzeska.pl\/wp-content\/uploads\/2019\/08\/87B97C1D-BD14-4DE4-ABEF-12688E5156FA.jpeg","articleSection":["Wydarzenia"],"inLanguage":"pl-PL","potentialAction":[{"@type":"CommentAction","name":"Comment","target":["https:\/\/zyciebrzeska.pl\/?p=3485#respond"]}]},{"@type":"WebPage","@id":"https:\/\/zyciebrzeska.pl\/?p=3485","url":"https:\/\/zyciebrzeska.pl\/?p=3485","name":"Ma\u0142opolski Festiwal Smaku \u2013 25 sierpnia 2019 - \u017bycie Brzeska","isPartOf":{"@id":"https:\/\/zyciebrzeska.pl\/#website"},"primaryImageOfPage":{"@id":"https:\/\/zyciebrzeska.pl\/?p=3485#primaryimage"},"image":{"@id":"https:\/\/zyciebrzeska.pl\/?p=3485#primaryimage"},"thumbnailUrl":"https:\/\/zyciebrzeska.pl\/wp-content\/uploads\/2019\/08\/87B97C1D-BD14-4DE4-ABEF-12688E5156FA.jpeg","datePublished":"2019-08-12T12:49:53+00:00","dateModified":"2019-08-12T12:49:53+00:00","breadcrumb":{"@id":"https:\/\/zyciebrzeska.pl\/?p=3485#breadcrumb"},"inLanguage":"pl-PL","potentialAction":[{"@type":"ReadAction","target":["https:\/\/zyciebrzeska.pl\/?p=3485"]}]},{"@type":"ImageObject","inLanguage":"pl-PL","@id":"https:\/\/zyciebrzeska.pl\/?p=3485#primaryimage","url":"https:\/\/zyciebrzeska.pl\/wp-content\/uploads\/2019\/08\/87B97C1D-BD14-4DE4-ABEF-12688E5156FA.jpeg","contentUrl":"https:\/\/zyciebrzeska.pl\/wp-content\/uploads\/2019\/08\/87B97C1D-BD14-4DE4-ABEF-12688E5156FA.jpeg","width":574,"height":800},{"@type":"BreadcrumbList","@id":"https:\/\/zyciebrzeska.pl\/?p=3485#breadcrumb","itemListElement":[{"@type":"ListItem","position":1,"name":"Home","item":"https:\/\/zyciebrzeska.pl\/"},{"@type":"ListItem","position":2,"name":"Ma\u0142opolski Festiwal Smaku \u2013 25 sierpnia 2019"}]},{"@type":"WebSite","@id":"https:\/\/zyciebrzeska.pl\/#website","url":"https:\/\/zyciebrzeska.pl\/","name":"\u017bycie Brzeska","description":"Portal Ludzi Aktywnych","publisher":{"@id":"https:\/\/zyciebrzeska.pl\/#organization"},"potentialAction":[{"@type":"SearchAction","target":{"@type":"EntryPoint","urlTemplate":"https:\/\/zyciebrzeska.pl\/?s={search_term_string}"},"query-input":"required name=search_term_string"}],"inLanguage":"pl-PL"},{"@type":"Organization","@id":"https:\/\/zyciebrzeska.pl\/#organization","name":"\u017bycie Brzeska","url":"https:\/\/zyciebrzeska.pl\/","logo":{"@type":"ImageObject","inLanguage":"pl-PL","@id":"https:\/\/zyciebrzeska.pl\/#\/schema\/logo\/image\/","url":"https:\/\/server818677.nazwa.pl\/wordpress\/wpn_pierwszainstalacja\/wp-content\/uploads\/2023\/06\/admin-ajax.php-2.png","contentUrl":"https:\/\/server818677.nazwa.pl\/wordpress\/wpn_pierwszainstalacja\/wp-content\/uploads\/2023\/06\/admin-ajax.php-2.png","width":400,"height":133,"caption":"\u017bycie Brzeska"},"image":{"@id":"https:\/\/zyciebrzeska.pl\/#\/schema\/logo\/image\/"},"sameAs":["https:\/\/www.facebook.com\/brzeskoinfo"]},{"@type":"Person","@id":"https:\/\/zyciebrzeska.pl\/#\/schema\/person\/4da1e536b1da05972f13052ec6594aff","name":"Redaktor","image":{"@type":"ImageObject","inLanguage":"pl-PL","@id":"https:\/\/zyciebrzeska.pl\/#\/schema\/person\/image\/","url":"https:\/\/secure.gravatar.com\/avatar\/9564c163e08185c7e0f7d0141ae3914237cf629898e8534b3dd06bb95817ae0b?s=96&d=mm&r=g","contentUrl":"https:\/\/secure.gravatar.com\/avatar\/9564c163e08185c7e0f7d0141ae3914237cf629898e8534b3dd06bb95817ae0b?s=96&d=mm&r=g","caption":"Redaktor"},"sameAs":["http:\/\/zyciebrzeska.pl"],"url":"https:\/\/zyciebrzeska.pl\/?author=1"}]}},"_links":{"self":[{"href":"https:\/\/zyciebrzeska.pl\/index.php?rest_route=\/wp\/v2\/posts\/3485","targetHints":{"allow":["GET"]}}],"collection":[{"href":"https:\/\/zyciebrzeska.pl\/index.php?rest_route=\/wp\/v2\/posts"}],"about":[{"href":"https:\/\/zyciebrzeska.pl\/index.php?rest_route=\/wp\/v2\/types\/post"}],"author":[{"embeddable":true,"href":"https:\/\/zyciebrzeska.pl\/index.php?rest_route=\/wp\/v2\/users\/1"}],"replies":[{"embeddable":true,"href":"https:\/\/zyciebrzeska.pl\/index.php?rest_route=%2Fwp%2Fv2%2Fcomments&post=3485"}],"version-history":[{"count":0,"href":"https:\/\/zyciebrzeska.pl\/index.php?rest_route=\/wp\/v2\/posts\/3485\/revisions"}],"wp:featuredmedia":[{"embeddable":true,"href":"https:\/\/zyciebrzeska.pl\/index.php?rest_route=\/wp\/v2\/media\/3486"}],"wp:attachment":[{"href":"https:\/\/zyciebrzeska.pl\/index.php?rest_route=%2Fwp%2Fv2%2Fmedia&parent=3485"}],"wp:term":[{"taxonomy":"category","embeddable":true,"href":"https:\/\/zyciebrzeska.pl\/index.php?rest_route=%2Fwp%2Fv2%2Fcategories&post=3485"},{"taxonomy":"post_tag","embeddable":true,"href":"https:\/\/zyciebrzeska.pl\/index.php?rest_route=%2Fwp%2Fv2%2Ftags&post=3485"}],"curies":[{"name":"wp","href":"https:\/\/api.w.org\/{rel}","templated":true}]}}