{"id":3482,"date":"2019-08-12T09:22:03","date_gmt":"2019-08-12T09:22:03","guid":{"rendered":"https:\/\/zyciebrzeska.pl\/?p=3482"},"modified":"2019-08-12T09:22:03","modified_gmt":"2019-08-12T09:22:03","slug":"piknik-dozynkowy-w-buczu","status":"publish","type":"post","link":"https:\/\/zyciebrzeska.pl\/?p=3482","title":{"rendered":"PIKNIK DO\u017bYNKOWY W BUCZU"},"content":{"rendered":"\n<p> Stowarzyszenie na Rzecz Rozwoju Wsi Bucze zaprasza na do\u017cynkowy piknik, kt\u00f3ry odb\u0119dzie si\u0119 15 sierpnia.  Na godzin\u0119 10.30 zaplanowano msz\u0119 z wie\u0144cami do\u017cynkowymi, kt\u00f3ra odprawiona zostanie w tamtejszym ko\u015bciele. Piknik rozpocznie si\u0119 o godzinie 11.45 na placu zabaw, organizatorzy przygotowali wiele atrakcji zar\u00f3wno dla dzieci, jak i doros\u0142ych uczestnik\u00f3w imprezy. Czynne b\u0119d\u0105 stoiska ko\u0142a gospody\u0144, przy kt\u00f3rych b\u0119dzie mo\u017cna spr\u00f3bowa\u0107 pysznych potraw, przez ca\u0142y czas trwania pikniku kupowa\u0107 b\u0119dzie mo\u017cna losy loterii fantowej. Na godzin\u0119 12.00 zaplanowano wyst\u0119p zespo\u0142u Por\u0119bianie, godzin\u0119 p\u00f3\u017aniej rozstrzygni\u0119ty zostanie konkurs na naj\u0142adniejsz\u0105 wi\u0105zank\u0119 zieln\u0105. O godzinie 13.30 rozpocznie si\u0119 wsp\u00f3lne \u015bpiewanie pie\u015bni regionalnych i patriotycznych.<\/p>\n\n\n\n<figure class=\"wp-block-image\"><img loading=\"lazy\" decoding=\"async\" width=\"724\" height=\"1024\" src=\"https:\/\/server818677.nazwa.pl\/wordpress\/wpn_pierwszainstalacja\/wp-content\/uploads\/2019\/08\/2E284147-0E2C-40AA-BF01-B595F190C076-724x1024.jpeg\" alt=\"\" class=\"wp-image-3483\" srcset=\"https:\/\/zyciebrzeska.pl\/wp-content\/uploads\/2019\/08\/2E284147-0E2C-40AA-BF01-B595F190C076-724x1024.jpeg 724w, https:\/\/zyciebrzeska.pl\/wp-content\/uploads\/2019\/08\/2E284147-0E2C-40AA-BF01-B595F190C076-212x300.jpeg 212w, https:\/\/zyciebrzeska.pl\/wp-content\/uploads\/2019\/08\/2E284147-0E2C-40AA-BF01-B595F190C076-768x1087.jpeg 768w, https:\/\/zyciebrzeska.pl\/wp-content\/uploads\/2019\/08\/2E284147-0E2C-40AA-BF01-B595F190C076.jpeg 848w\" sizes=\"auto, (max-width: 724px) 100vw, 724px\" \/><\/figure>\n\n\n\n<p>\u017bycie Brzeska<\/p>\n","protected":false},"excerpt":{"rendered":"<p>Stowarzyszenie na Rzecz Rozwoju Wsi Bucze zaprasza na do\u017cynkowy piknik, kt\u00f3ry odb\u0119dzie si\u0119 15 sierpnia. Na godzin\u0119 10.30 zaplanowano msz\u0119 z wie\u0144cami do\u017cynkowymi, kt\u00f3ra odprawiona zostanie w tamtejszym ko\u015bciele. Piknik rozpocznie si\u0119 o godzinie 11.45 na placu zabaw, organizatorzy przygotowali wiele atrakcji zar\u00f3wno dla dzieci, jak i doros\u0142ych uczestnik\u00f3w imprezy. Czynne b\u0119d\u0105 stoiska ko\u0142a gospody\u0144, [&hellip;]<\/p>\n","protected":false},"author":1,"featured_media":3483,"comment_status":"open","ping_status":"open","sticky":false,"template":"","format":"standard","meta":{"tdm_status":"","tdm_grid_status":"","footnotes":""},"categories":[10],"tags":[],"class_list":{"0":"post-3482","1":"post","2":"type-post","3":"status-publish","4":"format-standard","5":"has-post-thumbnail","7":"category-wydarzenia"},"yoast_head":"<!-- This site is optimized with the Yoast SEO plugin v22.2 - https:\/\/yoast.com\/wordpress\/plugins\/seo\/ -->\n<title>PIKNIK DO\u017bYNKOWY W BUCZU - \u017bycie Brzeska<\/title>\n<meta name=\"robots\" content=\"index, follow, max-snippet:-1, max-image-preview:large, max-video-preview:-1\" \/>\n<link rel=\"canonical\" href=\"https:\/\/zyciebrzeska.pl\/?p=3482\" \/>\n<meta property=\"og:locale\" content=\"pl_PL\" \/>\n<meta property=\"og:type\" content=\"article\" \/>\n<meta property=\"og:title\" content=\"PIKNIK DO\u017bYNKOWY W BUCZU - \u017bycie Brzeska\" \/>\n<meta property=\"og:description\" content=\"Stowarzyszenie na Rzecz Rozwoju Wsi Bucze zaprasza na do\u017cynkowy piknik, kt\u00f3ry odb\u0119dzie si\u0119 15 sierpnia. Na godzin\u0119 10.30 zaplanowano msz\u0119 z wie\u0144cami do\u017cynkowymi, kt\u00f3ra odprawiona zostanie w tamtejszym ko\u015bciele. Piknik rozpocznie si\u0119 o godzinie 11.45 na placu zabaw, organizatorzy przygotowali wiele atrakcji zar\u00f3wno dla dzieci, jak i doros\u0142ych uczestnik\u00f3w imprezy. Czynne b\u0119d\u0105 stoiska ko\u0142a gospody\u0144, [&hellip;]\" \/>\n<meta property=\"og:url\" content=\"https:\/\/zyciebrzeska.pl\/?p=3482\" \/>\n<meta property=\"og:site_name\" content=\"\u017bycie Brzeska\" \/>\n<meta property=\"article:publisher\" content=\"https:\/\/www.facebook.com\/brzeskoinfo\" \/>\n<meta property=\"article:published_time\" content=\"2019-08-12T09:22:03+00:00\" \/>\n<meta property=\"og:image\" content=\"https:\/\/zyciebrzeska.pl\/wp-content\/uploads\/2019\/08\/2E284147-0E2C-40AA-BF01-B595F190C076.jpeg\" \/>\n\t<meta property=\"og:image:width\" content=\"848\" \/>\n\t<meta property=\"og:image:height\" content=\"1200\" \/>\n\t<meta property=\"og:image:type\" content=\"image\/jpeg\" \/>\n<meta name=\"author\" content=\"Redaktor\" \/>\n<meta name=\"twitter:card\" content=\"summary_large_image\" \/>\n<meta name=\"twitter:label1\" content=\"Napisane przez\" \/>\n\t<meta name=\"twitter:data1\" content=\"Redaktor\" \/>\n\t<meta name=\"twitter:label2\" content=\"Szacowany czas czytania\" \/>\n\t<meta name=\"twitter:data2\" content=\"1 minuta\" \/>\n<script type=\"application\/ld+json\" class=\"yoast-schema-graph\">{\"@context\":\"https:\/\/schema.org\",\"@graph\":[{\"@type\":\"Article\",\"@id\":\"https:\/\/zyciebrzeska.pl\/?p=3482#article\",\"isPartOf\":{\"@id\":\"https:\/\/zyciebrzeska.pl\/?p=3482\"},\"author\":{\"name\":\"Redaktor\",\"@id\":\"https:\/\/zyciebrzeska.pl\/#\/schema\/person\/4da1e536b1da05972f13052ec6594aff\"},\"headline\":\"PIKNIK DO\u017bYNKOWY W BUCZU\",\"datePublished\":\"2019-08-12T09:22:03+00:00\",\"dateModified\":\"2019-08-12T09:22:03+00:00\",\"mainEntityOfPage\":{\"@id\":\"https:\/\/zyciebrzeska.pl\/?p=3482\"},\"wordCount\":130,\"commentCount\":0,\"publisher\":{\"@id\":\"https:\/\/zyciebrzeska.pl\/#organization\"},\"image\":{\"@id\":\"https:\/\/zyciebrzeska.pl\/?p=3482#primaryimage\"},\"thumbnailUrl\":\"https:\/\/zyciebrzeska.pl\/wp-content\/uploads\/2019\/08\/2E284147-0E2C-40AA-BF01-B595F190C076.jpeg\",\"articleSection\":[\"Wydarzenia\"],\"inLanguage\":\"pl-PL\",\"potentialAction\":[{\"@type\":\"CommentAction\",\"name\":\"Comment\",\"target\":[\"https:\/\/zyciebrzeska.pl\/?p=3482#respond\"]}]},{\"@type\":\"WebPage\",\"@id\":\"https:\/\/zyciebrzeska.pl\/?p=3482\",\"url\":\"https:\/\/zyciebrzeska.pl\/?p=3482\",\"name\":\"PIKNIK DO\u017bYNKOWY W BUCZU - \u017bycie Brzeska\",\"isPartOf\":{\"@id\":\"https:\/\/zyciebrzeska.pl\/#website\"},\"primaryImageOfPage\":{\"@id\":\"https:\/\/zyciebrzeska.pl\/?p=3482#primaryimage\"},\"image\":{\"@id\":\"https:\/\/zyciebrzeska.pl\/?p=3482#primaryimage\"},\"thumbnailUrl\":\"https:\/\/zyciebrzeska.pl\/wp-content\/uploads\/2019\/08\/2E284147-0E2C-40AA-BF01-B595F190C076.jpeg\",\"datePublished\":\"2019-08-12T09:22:03+00:00\",\"dateModified\":\"2019-08-12T09:22:03+00:00\",\"breadcrumb\":{\"@id\":\"https:\/\/zyciebrzeska.pl\/?p=3482#breadcrumb\"},\"inLanguage\":\"pl-PL\",\"potentialAction\":[{\"@type\":\"ReadAction\",\"target\":[\"https:\/\/zyciebrzeska.pl\/?p=3482\"]}]},{\"@type\":\"ImageObject\",\"inLanguage\":\"pl-PL\",\"@id\":\"https:\/\/zyciebrzeska.pl\/?p=3482#primaryimage\",\"url\":\"https:\/\/zyciebrzeska.pl\/wp-content\/uploads\/2019\/08\/2E284147-0E2C-40AA-BF01-B595F190C076.jpeg\",\"contentUrl\":\"https:\/\/zyciebrzeska.pl\/wp-content\/uploads\/2019\/08\/2E284147-0E2C-40AA-BF01-B595F190C076.jpeg\",\"width\":848,\"height\":1200},{\"@type\":\"BreadcrumbList\",\"@id\":\"https:\/\/zyciebrzeska.pl\/?p=3482#breadcrumb\",\"itemListElement\":[{\"@type\":\"ListItem\",\"position\":1,\"name\":\"Home\",\"item\":\"https:\/\/zyciebrzeska.pl\/\"},{\"@type\":\"ListItem\",\"position\":2,\"name\":\"PIKNIK DO\u017bYNKOWY W BUCZU\"}]},{\"@type\":\"WebSite\",\"@id\":\"https:\/\/zyciebrzeska.pl\/#website\",\"url\":\"https:\/\/zyciebrzeska.pl\/\",\"name\":\"\u017bycie Brzeska\",\"description\":\"Portal Ludzi Aktywnych\",\"publisher\":{\"@id\":\"https:\/\/zyciebrzeska.pl\/#organization\"},\"potentialAction\":[{\"@type\":\"SearchAction\",\"target\":{\"@type\":\"EntryPoint\",\"urlTemplate\":\"https:\/\/zyciebrzeska.pl\/?s={search_term_string}\"},\"query-input\":\"required name=search_term_string\"}],\"inLanguage\":\"pl-PL\"},{\"@type\":\"Organization\",\"@id\":\"https:\/\/zyciebrzeska.pl\/#organization\",\"name\":\"\u017bycie Brzeska\",\"url\":\"https:\/\/zyciebrzeska.pl\/\",\"logo\":{\"@type\":\"ImageObject\",\"inLanguage\":\"pl-PL\",\"@id\":\"https:\/\/zyciebrzeska.pl\/#\/schema\/logo\/image\/\",\"url\":\"https:\/\/server818677.nazwa.pl\/wordpress\/wpn_pierwszainstalacja\/wp-content\/uploads\/2023\/06\/admin-ajax.php-2.png\",\"contentUrl\":\"https:\/\/server818677.nazwa.pl\/wordpress\/wpn_pierwszainstalacja\/wp-content\/uploads\/2023\/06\/admin-ajax.php-2.png\",\"width\":400,\"height\":133,\"caption\":\"\u017bycie Brzeska\"},\"image\":{\"@id\":\"https:\/\/zyciebrzeska.pl\/#\/schema\/logo\/image\/\"},\"sameAs\":[\"https:\/\/www.facebook.com\/brzeskoinfo\"]},{\"@type\":\"Person\",\"@id\":\"https:\/\/zyciebrzeska.pl\/#\/schema\/person\/4da1e536b1da05972f13052ec6594aff\",\"name\":\"Redaktor\",\"image\":{\"@type\":\"ImageObject\",\"inLanguage\":\"pl-PL\",\"@id\":\"https:\/\/zyciebrzeska.pl\/#\/schema\/person\/image\/\",\"url\":\"https:\/\/secure.gravatar.com\/avatar\/9564c163e08185c7e0f7d0141ae3914237cf629898e8534b3dd06bb95817ae0b?s=96&d=mm&r=g\",\"contentUrl\":\"https:\/\/secure.gravatar.com\/avatar\/9564c163e08185c7e0f7d0141ae3914237cf629898e8534b3dd06bb95817ae0b?s=96&d=mm&r=g\",\"caption\":\"Redaktor\"},\"sameAs\":[\"http:\/\/zyciebrzeska.pl\"],\"url\":\"https:\/\/zyciebrzeska.pl\/?author=1\"}]}<\/script>\n<!-- \/ Yoast SEO plugin. -->","yoast_head_json":{"title":"PIKNIK DO\u017bYNKOWY W BUCZU - \u017bycie Brzeska","robots":{"index":"index","follow":"follow","max-snippet":"max-snippet:-1","max-image-preview":"max-image-preview:large","max-video-preview":"max-video-preview:-1"},"canonical":"https:\/\/zyciebrzeska.pl\/?p=3482","og_locale":"pl_PL","og_type":"article","og_title":"PIKNIK DO\u017bYNKOWY W BUCZU - \u017bycie Brzeska","og_description":"Stowarzyszenie na Rzecz Rozwoju Wsi Bucze zaprasza na do\u017cynkowy piknik, kt\u00f3ry odb\u0119dzie si\u0119 15 sierpnia. Na godzin\u0119 10.30 zaplanowano msz\u0119 z wie\u0144cami do\u017cynkowymi, kt\u00f3ra odprawiona zostanie w tamtejszym ko\u015bciele. Piknik rozpocznie si\u0119 o godzinie 11.45 na placu zabaw, organizatorzy przygotowali wiele atrakcji zar\u00f3wno dla dzieci, jak i doros\u0142ych uczestnik\u00f3w imprezy. Czynne b\u0119d\u0105 stoiska ko\u0142a gospody\u0144, [&hellip;]","og_url":"https:\/\/zyciebrzeska.pl\/?p=3482","og_site_name":"\u017bycie Brzeska","article_publisher":"https:\/\/www.facebook.com\/brzeskoinfo","article_published_time":"2019-08-12T09:22:03+00:00","og_image":[{"width":848,"height":1200,"url":"https:\/\/zyciebrzeska.pl\/wp-content\/uploads\/2019\/08\/2E284147-0E2C-40AA-BF01-B595F190C076.jpeg","type":"image\/jpeg"}],"author":"Redaktor","twitter_card":"summary_large_image","twitter_misc":{"Napisane przez":"Redaktor","Szacowany czas czytania":"1 minuta"},"schema":{"@context":"https:\/\/schema.org","@graph":[{"@type":"Article","@id":"https:\/\/zyciebrzeska.pl\/?p=3482#article","isPartOf":{"@id":"https:\/\/zyciebrzeska.pl\/?p=3482"},"author":{"name":"Redaktor","@id":"https:\/\/zyciebrzeska.pl\/#\/schema\/person\/4da1e536b1da05972f13052ec6594aff"},"headline":"PIKNIK DO\u017bYNKOWY W BUCZU","datePublished":"2019-08-12T09:22:03+00:00","dateModified":"2019-08-12T09:22:03+00:00","mainEntityOfPage":{"@id":"https:\/\/zyciebrzeska.pl\/?p=3482"},"wordCount":130,"commentCount":0,"publisher":{"@id":"https:\/\/zyciebrzeska.pl\/#organization"},"image":{"@id":"https:\/\/zyciebrzeska.pl\/?p=3482#primaryimage"},"thumbnailUrl":"https:\/\/zyciebrzeska.pl\/wp-content\/uploads\/2019\/08\/2E284147-0E2C-40AA-BF01-B595F190C076.jpeg","articleSection":["Wydarzenia"],"inLanguage":"pl-PL","potentialAction":[{"@type":"CommentAction","name":"Comment","target":["https:\/\/zyciebrzeska.pl\/?p=3482#respond"]}]},{"@type":"WebPage","@id":"https:\/\/zyciebrzeska.pl\/?p=3482","url":"https:\/\/zyciebrzeska.pl\/?p=3482","name":"PIKNIK DO\u017bYNKOWY W BUCZU - \u017bycie Brzeska","isPartOf":{"@id":"https:\/\/zyciebrzeska.pl\/#website"},"primaryImageOfPage":{"@id":"https:\/\/zyciebrzeska.pl\/?p=3482#primaryimage"},"image":{"@id":"https:\/\/zyciebrzeska.pl\/?p=3482#primaryimage"},"thumbnailUrl":"https:\/\/zyciebrzeska.pl\/wp-content\/uploads\/2019\/08\/2E284147-0E2C-40AA-BF01-B595F190C076.jpeg","datePublished":"2019-08-12T09:22:03+00:00","dateModified":"2019-08-12T09:22:03+00:00","breadcrumb":{"@id":"https:\/\/zyciebrzeska.pl\/?p=3482#breadcrumb"},"inLanguage":"pl-PL","potentialAction":[{"@type":"ReadAction","target":["https:\/\/zyciebrzeska.pl\/?p=3482"]}]},{"@type":"ImageObject","inLanguage":"pl-PL","@id":"https:\/\/zyciebrzeska.pl\/?p=3482#primaryimage","url":"https:\/\/zyciebrzeska.pl\/wp-content\/uploads\/2019\/08\/2E284147-0E2C-40AA-BF01-B595F190C076.jpeg","contentUrl":"https:\/\/zyciebrzeska.pl\/wp-content\/uploads\/2019\/08\/2E284147-0E2C-40AA-BF01-B595F190C076.jpeg","width":848,"height":1200},{"@type":"BreadcrumbList","@id":"https:\/\/zyciebrzeska.pl\/?p=3482#breadcrumb","itemListElement":[{"@type":"ListItem","position":1,"name":"Home","item":"https:\/\/zyciebrzeska.pl\/"},{"@type":"ListItem","position":2,"name":"PIKNIK DO\u017bYNKOWY W BUCZU"}]},{"@type":"WebSite","@id":"https:\/\/zyciebrzeska.pl\/#website","url":"https:\/\/zyciebrzeska.pl\/","name":"\u017bycie Brzeska","description":"Portal Ludzi Aktywnych","publisher":{"@id":"https:\/\/zyciebrzeska.pl\/#organization"},"potentialAction":[{"@type":"SearchAction","target":{"@type":"EntryPoint","urlTemplate":"https:\/\/zyciebrzeska.pl\/?s={search_term_string}"},"query-input":"required name=search_term_string"}],"inLanguage":"pl-PL"},{"@type":"Organization","@id":"https:\/\/zyciebrzeska.pl\/#organization","name":"\u017bycie Brzeska","url":"https:\/\/zyciebrzeska.pl\/","logo":{"@type":"ImageObject","inLanguage":"pl-PL","@id":"https:\/\/zyciebrzeska.pl\/#\/schema\/logo\/image\/","url":"https:\/\/server818677.nazwa.pl\/wordpress\/wpn_pierwszainstalacja\/wp-content\/uploads\/2023\/06\/admin-ajax.php-2.png","contentUrl":"https:\/\/server818677.nazwa.pl\/wordpress\/wpn_pierwszainstalacja\/wp-content\/uploads\/2023\/06\/admin-ajax.php-2.png","width":400,"height":133,"caption":"\u017bycie Brzeska"},"image":{"@id":"https:\/\/zyciebrzeska.pl\/#\/schema\/logo\/image\/"},"sameAs":["https:\/\/www.facebook.com\/brzeskoinfo"]},{"@type":"Person","@id":"https:\/\/zyciebrzeska.pl\/#\/schema\/person\/4da1e536b1da05972f13052ec6594aff","name":"Redaktor","image":{"@type":"ImageObject","inLanguage":"pl-PL","@id":"https:\/\/zyciebrzeska.pl\/#\/schema\/person\/image\/","url":"https:\/\/secure.gravatar.com\/avatar\/9564c163e08185c7e0f7d0141ae3914237cf629898e8534b3dd06bb95817ae0b?s=96&d=mm&r=g","contentUrl":"https:\/\/secure.gravatar.com\/avatar\/9564c163e08185c7e0f7d0141ae3914237cf629898e8534b3dd06bb95817ae0b?s=96&d=mm&r=g","caption":"Redaktor"},"sameAs":["http:\/\/zyciebrzeska.pl"],"url":"https:\/\/zyciebrzeska.pl\/?author=1"}]}},"_links":{"self":[{"href":"https:\/\/zyciebrzeska.pl\/index.php?rest_route=\/wp\/v2\/posts\/3482","targetHints":{"allow":["GET"]}}],"collection":[{"href":"https:\/\/zyciebrzeska.pl\/index.php?rest_route=\/wp\/v2\/posts"}],"about":[{"href":"https:\/\/zyciebrzeska.pl\/index.php?rest_route=\/wp\/v2\/types\/post"}],"author":[{"embeddable":true,"href":"https:\/\/zyciebrzeska.pl\/index.php?rest_route=\/wp\/v2\/users\/1"}],"replies":[{"embeddable":true,"href":"https:\/\/zyciebrzeska.pl\/index.php?rest_route=%2Fwp%2Fv2%2Fcomments&post=3482"}],"version-history":[{"count":0,"href":"https:\/\/zyciebrzeska.pl\/index.php?rest_route=\/wp\/v2\/posts\/3482\/revisions"}],"wp:featuredmedia":[{"embeddable":true,"href":"https:\/\/zyciebrzeska.pl\/index.php?rest_route=\/wp\/v2\/media\/3483"}],"wp:attachment":[{"href":"https:\/\/zyciebrzeska.pl\/index.php?rest_route=%2Fwp%2Fv2%2Fmedia&parent=3482"}],"wp:term":[{"taxonomy":"category","embeddable":true,"href":"https:\/\/zyciebrzeska.pl\/index.php?rest_route=%2Fwp%2Fv2%2Fcategories&post=3482"},{"taxonomy":"post_tag","embeddable":true,"href":"https:\/\/zyciebrzeska.pl\/index.php?rest_route=%2Fwp%2Fv2%2Ftags&post=3482"}],"curies":[{"name":"wp","href":"https:\/\/api.w.org\/{rel}","templated":true}]}}