{"id":3464,"date":"2019-08-08T20:09:17","date_gmt":"2019-08-08T20:09:17","guid":{"rendered":"https:\/\/zyciebrzeska.pl\/?p=3464"},"modified":"2019-08-08T20:09:17","modified_gmt":"2019-08-08T20:09:17","slug":"mapa-wypadkow-drogowych-ze-skutkiem-smiertelnym-wakacje-2019","status":"publish","type":"post","link":"https:\/\/zyciebrzeska.pl\/?p=3464","title":{"rendered":"Mapa wypadk\u00f3w drogowych ze skutkiem \u015bmiertelnym &#8211; Wakacje 2019"},"content":{"rendered":"\n<p><strong>Liczby, tabele, czy por\u00f3wnania nie zawsze przemawiaj\u0105 do wyobra\u017ani kierowc\u00f3w i pieszych. Dlatego te\u017c ka\u017cdego dnia przez ca\u0142y okres wakacji Policja prezentuje bie\u017c\u0105c\u0105 liczb\u0119 i lokalizacj\u0119 wypadk\u00f3w drogowych ze skutkiem \u015bmiertelnym z ostatniej doby oraz od pocz\u0105tku wakacji. Niestety z ka\u017cdym dniem mapa b\u0119dzie coraz mniej przejrzysta, poniewa\u017c przybywa\u0107 b\u0119d\u0105 nowe punkty. Pod ka\u017cdym punktem kryje si\u0119 ludzki dramat!<\/strong><\/p>\n\n\n\n<p><strong>Bie\u017c\u0105ca aktualizacja, w tym zw\u0142aszcza wizualizacja, ma na celu zwr\u00f3cenie uwagi na skal\u0119 tragedii do jakich dochodzi na polskich drogach. Czy obraz mapy sk\u0142oni \u00a0do refleksji u\u017cytkownik\u00f3w dr\u00f3g, czy tegoroczne wakacje b\u0119d\u0105 bezpieczne \u2026?<\/strong><\/p>\n\n\n\n<p>Wypadki drogowe zazwyczaj nie s\u0105 przypadkiem. Prawie za ka\u017cdym zdarzeniem kryje si\u0119 niebezpieczne&nbsp; zachowanie kierowcy lub pieszego. Wielu tragedii mo\u017cna by\u0142oby unikn\u0105\u0107, gdyby przestrzegane by\u0142y elementarne zasady ostro\u017cno\u015bci i bezpiecze\u0144stwa. Poni\u017cej zwracamy uwag\u0119 na proste, lecz niezwykle wa\u017cne zasady, kt\u00f3re zwi\u0119kszaj\u0105 bezpiecze\u0144stwo ruchu drogowego.<\/p>\n\n\n\n<ul class=\"wp-block-list\"><li><strong>Respektuj przepisy ruchu drogowego<\/strong>, w szczeg\u00f3lno\u015bci w zakresie przestrzegania dozwolonych limit\u00f3w pr\u0119dko\u015bci, stanu trze\u017awo\u015bci korzystania z pas\u00f3w bezpiecze\u0144stwa i w\u0142a\u015bciwego przewo\u017cenia dzieci w pojazdach<\/li><li><strong>Ogranicz do minimum rozmowy telefoniczne<\/strong>, a w razie konieczno\u015bci korzystaj z zestawu g\u0142o\u015bnom\u00f3wi\u0105cego. Rozmowa telefoniczna nawet przez urz\u0105dzenia dozwolone dekoncentruje kieruj\u0105cego pojazdem<\/li><li><strong>Dostosuj&nbsp; pr\u0119dko\u015b\u0107<\/strong>&nbsp;do warunk\u00f3w atmosferycznych, drogowych, swoich umiej\u0119tno\u015bci oraz stanu psychofizycznego<\/li><li><strong>Sygnalizuj swoje manewry<\/strong>&nbsp;na drodze z takim wyprzedzeniem i w taki spos\u00f3b, by by\u0142y widoczne dla innych uczestnik\u00f3w ruchu<\/li><li><strong>Zawsze zwalniaj<\/strong>&nbsp;przed przej\u015bciami dla pieszych, przystankami komunikacji publicznej oraz przed skrzy\u017cowaniami<\/li><li><strong>Nie wyprzedzaj, ani nie omijaj pojazd\u00f3w<\/strong>&nbsp;w rejonie przej\u015b\u0107 dla pieszych, przystank\u00f3w oraz na samych przej\u015bciach<\/li><li><strong>Obowi\u0105zkowo r\u00f3b przerwy<\/strong>&nbsp;w trakcie wielogodzinnych podr\u00f3\u017cy<\/li><li><strong>Sprawd\u017a przed wyjazdem stan techniczny pojazdu<\/strong>, w tym zw\u0142aszcza ogumienie, o\u015bwietlenie, poziom p\u0142yn\u00f3w eksploatacyjnych<\/li><\/ul>\n\n\n\n<figure class=\"wp-block-image\"><img loading=\"lazy\" decoding=\"async\" width=\"900\" height=\"900\" src=\"https:\/\/server818677.nazwa.pl\/wordpress\/wpn_pierwszainstalacja\/wp-content\/uploads\/2019\/08\/3524BA27-154A-4F9E-A0D1-83A31F278BCB.gif\" alt=\"\" class=\"wp-image-3465\"\/><\/figure>\n\n\n\n<p>KPP Brzesko\/ \u017bycie Brzeska<\/p>\n","protected":false},"excerpt":{"rendered":"<p>Liczby, tabele, czy por\u00f3wnania nie zawsze przemawiaj\u0105 do wyobra\u017ani kierowc\u00f3w i pieszych. Dlatego te\u017c ka\u017cdego dnia przez ca\u0142y okres wakacji Policja prezentuje bie\u017c\u0105c\u0105 liczb\u0119 i lokalizacj\u0119 wypadk\u00f3w drogowych ze skutkiem \u015bmiertelnym z ostatniej doby oraz od pocz\u0105tku wakacji. Niestety z ka\u017cdym dniem mapa b\u0119dzie coraz mniej przejrzysta, poniewa\u017c przybywa\u0107 b\u0119d\u0105 nowe punkty. Pod ka\u017cdym punktem [&hellip;]<\/p>\n","protected":false},"author":1,"featured_media":3465,"comment_status":"open","ping_status":"open","sticky":false,"template":"","format":"standard","meta":{"tdm_status":"","tdm_grid_status":"","footnotes":""},"categories":[10],"tags":[],"class_list":{"0":"post-3464","1":"post","2":"type-post","3":"status-publish","4":"format-standard","5":"has-post-thumbnail","7":"category-wydarzenia"},"yoast_head":"<!-- This site is optimized with the Yoast SEO plugin v22.2 - https:\/\/yoast.com\/wordpress\/plugins\/seo\/ -->\n<title>Mapa wypadk\u00f3w drogowych ze skutkiem \u015bmiertelnym - Wakacje 2019 - \u017bycie Brzeska<\/title>\n<meta name=\"robots\" content=\"index, follow, max-snippet:-1, max-image-preview:large, max-video-preview:-1\" \/>\n<link rel=\"canonical\" href=\"https:\/\/zyciebrzeska.pl\/?p=3464\" \/>\n<meta property=\"og:locale\" content=\"pl_PL\" \/>\n<meta property=\"og:type\" content=\"article\" \/>\n<meta property=\"og:title\" content=\"Mapa wypadk\u00f3w drogowych ze skutkiem \u015bmiertelnym - Wakacje 2019 - \u017bycie Brzeska\" \/>\n<meta property=\"og:description\" content=\"Liczby, tabele, czy por\u00f3wnania nie zawsze przemawiaj\u0105 do wyobra\u017ani kierowc\u00f3w i pieszych. Dlatego te\u017c ka\u017cdego dnia przez ca\u0142y okres wakacji Policja prezentuje bie\u017c\u0105c\u0105 liczb\u0119 i lokalizacj\u0119 wypadk\u00f3w drogowych ze skutkiem \u015bmiertelnym z ostatniej doby oraz od pocz\u0105tku wakacji. Niestety z ka\u017cdym dniem mapa b\u0119dzie coraz mniej przejrzysta, poniewa\u017c przybywa\u0107 b\u0119d\u0105 nowe punkty. Pod ka\u017cdym punktem [&hellip;]\" \/>\n<meta property=\"og:url\" content=\"https:\/\/zyciebrzeska.pl\/?p=3464\" \/>\n<meta property=\"og:site_name\" content=\"\u017bycie Brzeska\" \/>\n<meta property=\"article:publisher\" content=\"https:\/\/www.facebook.com\/brzeskoinfo\" \/>\n<meta property=\"article:published_time\" content=\"2019-08-08T20:09:17+00:00\" \/>\n<meta property=\"og:image\" content=\"https:\/\/zyciebrzeska.pl\/wp-content\/uploads\/2019\/08\/3524BA27-154A-4F9E-A0D1-83A31F278BCB.gif\" \/>\n\t<meta property=\"og:image:width\" content=\"900\" \/>\n\t<meta property=\"og:image:height\" content=\"900\" \/>\n\t<meta property=\"og:image:type\" content=\"image\/gif\" \/>\n<meta name=\"author\" content=\"Redaktor\" \/>\n<meta name=\"twitter:card\" content=\"summary_large_image\" \/>\n<meta name=\"twitter:label1\" content=\"Napisane przez\" \/>\n\t<meta name=\"twitter:data1\" content=\"Redaktor\" \/>\n\t<meta name=\"twitter:label2\" content=\"Szacowany czas czytania\" \/>\n\t<meta name=\"twitter:data2\" content=\"2 minuty\" \/>\n<script type=\"application\/ld+json\" class=\"yoast-schema-graph\">{\"@context\":\"https:\/\/schema.org\",\"@graph\":[{\"@type\":\"Article\",\"@id\":\"https:\/\/zyciebrzeska.pl\/?p=3464#article\",\"isPartOf\":{\"@id\":\"https:\/\/zyciebrzeska.pl\/?p=3464\"},\"author\":{\"name\":\"Redaktor\",\"@id\":\"https:\/\/zyciebrzeska.pl\/#\/schema\/person\/4da1e536b1da05972f13052ec6594aff\"},\"headline\":\"Mapa wypadk\u00f3w drogowych ze skutkiem \u015bmiertelnym &#8211; Wakacje 2019\",\"datePublished\":\"2019-08-08T20:09:17+00:00\",\"dateModified\":\"2019-08-08T20:09:17+00:00\",\"mainEntityOfPage\":{\"@id\":\"https:\/\/zyciebrzeska.pl\/?p=3464\"},\"wordCount\":351,\"commentCount\":0,\"publisher\":{\"@id\":\"https:\/\/zyciebrzeska.pl\/#organization\"},\"image\":{\"@id\":\"https:\/\/zyciebrzeska.pl\/?p=3464#primaryimage\"},\"thumbnailUrl\":\"https:\/\/zyciebrzeska.pl\/wp-content\/uploads\/2019\/08\/3524BA27-154A-4F9E-A0D1-83A31F278BCB.gif\",\"articleSection\":[\"Wydarzenia\"],\"inLanguage\":\"pl-PL\",\"potentialAction\":[{\"@type\":\"CommentAction\",\"name\":\"Comment\",\"target\":[\"https:\/\/zyciebrzeska.pl\/?p=3464#respond\"]}]},{\"@type\":\"WebPage\",\"@id\":\"https:\/\/zyciebrzeska.pl\/?p=3464\",\"url\":\"https:\/\/zyciebrzeska.pl\/?p=3464\",\"name\":\"Mapa wypadk\u00f3w drogowych ze skutkiem \u015bmiertelnym - Wakacje 2019 - \u017bycie Brzeska\",\"isPartOf\":{\"@id\":\"https:\/\/zyciebrzeska.pl\/#website\"},\"primaryImageOfPage\":{\"@id\":\"https:\/\/zyciebrzeska.pl\/?p=3464#primaryimage\"},\"image\":{\"@id\":\"https:\/\/zyciebrzeska.pl\/?p=3464#primaryimage\"},\"thumbnailUrl\":\"https:\/\/zyciebrzeska.pl\/wp-content\/uploads\/2019\/08\/3524BA27-154A-4F9E-A0D1-83A31F278BCB.gif\",\"datePublished\":\"2019-08-08T20:09:17+00:00\",\"dateModified\":\"2019-08-08T20:09:17+00:00\",\"breadcrumb\":{\"@id\":\"https:\/\/zyciebrzeska.pl\/?p=3464#breadcrumb\"},\"inLanguage\":\"pl-PL\",\"potentialAction\":[{\"@type\":\"ReadAction\",\"target\":[\"https:\/\/zyciebrzeska.pl\/?p=3464\"]}]},{\"@type\":\"ImageObject\",\"inLanguage\":\"pl-PL\",\"@id\":\"https:\/\/zyciebrzeska.pl\/?p=3464#primaryimage\",\"url\":\"https:\/\/zyciebrzeska.pl\/wp-content\/uploads\/2019\/08\/3524BA27-154A-4F9E-A0D1-83A31F278BCB.gif\",\"contentUrl\":\"https:\/\/zyciebrzeska.pl\/wp-content\/uploads\/2019\/08\/3524BA27-154A-4F9E-A0D1-83A31F278BCB.gif\",\"width\":900,\"height\":900},{\"@type\":\"BreadcrumbList\",\"@id\":\"https:\/\/zyciebrzeska.pl\/?p=3464#breadcrumb\",\"itemListElement\":[{\"@type\":\"ListItem\",\"position\":1,\"name\":\"Home\",\"item\":\"https:\/\/zyciebrzeska.pl\/\"},{\"@type\":\"ListItem\",\"position\":2,\"name\":\"Mapa wypadk\u00f3w drogowych ze skutkiem \u015bmiertelnym &#8211; Wakacje 2019\"}]},{\"@type\":\"WebSite\",\"@id\":\"https:\/\/zyciebrzeska.pl\/#website\",\"url\":\"https:\/\/zyciebrzeska.pl\/\",\"name\":\"\u017bycie Brzeska\",\"description\":\"Portal Ludzi Aktywnych\",\"publisher\":{\"@id\":\"https:\/\/zyciebrzeska.pl\/#organization\"},\"potentialAction\":[{\"@type\":\"SearchAction\",\"target\":{\"@type\":\"EntryPoint\",\"urlTemplate\":\"https:\/\/zyciebrzeska.pl\/?s={search_term_string}\"},\"query-input\":\"required name=search_term_string\"}],\"inLanguage\":\"pl-PL\"},{\"@type\":\"Organization\",\"@id\":\"https:\/\/zyciebrzeska.pl\/#organization\",\"name\":\"\u017bycie Brzeska\",\"url\":\"https:\/\/zyciebrzeska.pl\/\",\"logo\":{\"@type\":\"ImageObject\",\"inLanguage\":\"pl-PL\",\"@id\":\"https:\/\/zyciebrzeska.pl\/#\/schema\/logo\/image\/\",\"url\":\"https:\/\/server818677.nazwa.pl\/wordpress\/wpn_pierwszainstalacja\/wp-content\/uploads\/2023\/06\/admin-ajax.php-2.png\",\"contentUrl\":\"https:\/\/server818677.nazwa.pl\/wordpress\/wpn_pierwszainstalacja\/wp-content\/uploads\/2023\/06\/admin-ajax.php-2.png\",\"width\":400,\"height\":133,\"caption\":\"\u017bycie Brzeska\"},\"image\":{\"@id\":\"https:\/\/zyciebrzeska.pl\/#\/schema\/logo\/image\/\"},\"sameAs\":[\"https:\/\/www.facebook.com\/brzeskoinfo\"]},{\"@type\":\"Person\",\"@id\":\"https:\/\/zyciebrzeska.pl\/#\/schema\/person\/4da1e536b1da05972f13052ec6594aff\",\"name\":\"Redaktor\",\"image\":{\"@type\":\"ImageObject\",\"inLanguage\":\"pl-PL\",\"@id\":\"https:\/\/zyciebrzeska.pl\/#\/schema\/person\/image\/\",\"url\":\"https:\/\/secure.gravatar.com\/avatar\/9564c163e08185c7e0f7d0141ae3914237cf629898e8534b3dd06bb95817ae0b?s=96&d=mm&r=g\",\"contentUrl\":\"https:\/\/secure.gravatar.com\/avatar\/9564c163e08185c7e0f7d0141ae3914237cf629898e8534b3dd06bb95817ae0b?s=96&d=mm&r=g\",\"caption\":\"Redaktor\"},\"sameAs\":[\"http:\/\/zyciebrzeska.pl\"],\"url\":\"https:\/\/zyciebrzeska.pl\/?author=1\"}]}<\/script>\n<!-- \/ Yoast SEO plugin. -->","yoast_head_json":{"title":"Mapa wypadk\u00f3w drogowych ze skutkiem \u015bmiertelnym - Wakacje 2019 - \u017bycie Brzeska","robots":{"index":"index","follow":"follow","max-snippet":"max-snippet:-1","max-image-preview":"max-image-preview:large","max-video-preview":"max-video-preview:-1"},"canonical":"https:\/\/zyciebrzeska.pl\/?p=3464","og_locale":"pl_PL","og_type":"article","og_title":"Mapa wypadk\u00f3w drogowych ze skutkiem \u015bmiertelnym - Wakacje 2019 - \u017bycie Brzeska","og_description":"Liczby, tabele, czy por\u00f3wnania nie zawsze przemawiaj\u0105 do wyobra\u017ani kierowc\u00f3w i pieszych. Dlatego te\u017c ka\u017cdego dnia przez ca\u0142y okres wakacji Policja prezentuje bie\u017c\u0105c\u0105 liczb\u0119 i lokalizacj\u0119 wypadk\u00f3w drogowych ze skutkiem \u015bmiertelnym z ostatniej doby oraz od pocz\u0105tku wakacji. Niestety z ka\u017cdym dniem mapa b\u0119dzie coraz mniej przejrzysta, poniewa\u017c przybywa\u0107 b\u0119d\u0105 nowe punkty. Pod ka\u017cdym punktem [&hellip;]","og_url":"https:\/\/zyciebrzeska.pl\/?p=3464","og_site_name":"\u017bycie Brzeska","article_publisher":"https:\/\/www.facebook.com\/brzeskoinfo","article_published_time":"2019-08-08T20:09:17+00:00","og_image":[{"width":900,"height":900,"url":"https:\/\/zyciebrzeska.pl\/wp-content\/uploads\/2019\/08\/3524BA27-154A-4F9E-A0D1-83A31F278BCB.gif","type":"image\/gif"}],"author":"Redaktor","twitter_card":"summary_large_image","twitter_misc":{"Napisane przez":"Redaktor","Szacowany czas czytania":"2 minuty"},"schema":{"@context":"https:\/\/schema.org","@graph":[{"@type":"Article","@id":"https:\/\/zyciebrzeska.pl\/?p=3464#article","isPartOf":{"@id":"https:\/\/zyciebrzeska.pl\/?p=3464"},"author":{"name":"Redaktor","@id":"https:\/\/zyciebrzeska.pl\/#\/schema\/person\/4da1e536b1da05972f13052ec6594aff"},"headline":"Mapa wypadk\u00f3w drogowych ze skutkiem \u015bmiertelnym &#8211; Wakacje 2019","datePublished":"2019-08-08T20:09:17+00:00","dateModified":"2019-08-08T20:09:17+00:00","mainEntityOfPage":{"@id":"https:\/\/zyciebrzeska.pl\/?p=3464"},"wordCount":351,"commentCount":0,"publisher":{"@id":"https:\/\/zyciebrzeska.pl\/#organization"},"image":{"@id":"https:\/\/zyciebrzeska.pl\/?p=3464#primaryimage"},"thumbnailUrl":"https:\/\/zyciebrzeska.pl\/wp-content\/uploads\/2019\/08\/3524BA27-154A-4F9E-A0D1-83A31F278BCB.gif","articleSection":["Wydarzenia"],"inLanguage":"pl-PL","potentialAction":[{"@type":"CommentAction","name":"Comment","target":["https:\/\/zyciebrzeska.pl\/?p=3464#respond"]}]},{"@type":"WebPage","@id":"https:\/\/zyciebrzeska.pl\/?p=3464","url":"https:\/\/zyciebrzeska.pl\/?p=3464","name":"Mapa wypadk\u00f3w drogowych ze skutkiem \u015bmiertelnym - Wakacje 2019 - \u017bycie Brzeska","isPartOf":{"@id":"https:\/\/zyciebrzeska.pl\/#website"},"primaryImageOfPage":{"@id":"https:\/\/zyciebrzeska.pl\/?p=3464#primaryimage"},"image":{"@id":"https:\/\/zyciebrzeska.pl\/?p=3464#primaryimage"},"thumbnailUrl":"https:\/\/zyciebrzeska.pl\/wp-content\/uploads\/2019\/08\/3524BA27-154A-4F9E-A0D1-83A31F278BCB.gif","datePublished":"2019-08-08T20:09:17+00:00","dateModified":"2019-08-08T20:09:17+00:00","breadcrumb":{"@id":"https:\/\/zyciebrzeska.pl\/?p=3464#breadcrumb"},"inLanguage":"pl-PL","potentialAction":[{"@type":"ReadAction","target":["https:\/\/zyciebrzeska.pl\/?p=3464"]}]},{"@type":"ImageObject","inLanguage":"pl-PL","@id":"https:\/\/zyciebrzeska.pl\/?p=3464#primaryimage","url":"https:\/\/zyciebrzeska.pl\/wp-content\/uploads\/2019\/08\/3524BA27-154A-4F9E-A0D1-83A31F278BCB.gif","contentUrl":"https:\/\/zyciebrzeska.pl\/wp-content\/uploads\/2019\/08\/3524BA27-154A-4F9E-A0D1-83A31F278BCB.gif","width":900,"height":900},{"@type":"BreadcrumbList","@id":"https:\/\/zyciebrzeska.pl\/?p=3464#breadcrumb","itemListElement":[{"@type":"ListItem","position":1,"name":"Home","item":"https:\/\/zyciebrzeska.pl\/"},{"@type":"ListItem","position":2,"name":"Mapa wypadk\u00f3w drogowych ze skutkiem \u015bmiertelnym &#8211; Wakacje 2019"}]},{"@type":"WebSite","@id":"https:\/\/zyciebrzeska.pl\/#website","url":"https:\/\/zyciebrzeska.pl\/","name":"\u017bycie Brzeska","description":"Portal Ludzi Aktywnych","publisher":{"@id":"https:\/\/zyciebrzeska.pl\/#organization"},"potentialAction":[{"@type":"SearchAction","target":{"@type":"EntryPoint","urlTemplate":"https:\/\/zyciebrzeska.pl\/?s={search_term_string}"},"query-input":"required name=search_term_string"}],"inLanguage":"pl-PL"},{"@type":"Organization","@id":"https:\/\/zyciebrzeska.pl\/#organization","name":"\u017bycie Brzeska","url":"https:\/\/zyciebrzeska.pl\/","logo":{"@type":"ImageObject","inLanguage":"pl-PL","@id":"https:\/\/zyciebrzeska.pl\/#\/schema\/logo\/image\/","url":"https:\/\/server818677.nazwa.pl\/wordpress\/wpn_pierwszainstalacja\/wp-content\/uploads\/2023\/06\/admin-ajax.php-2.png","contentUrl":"https:\/\/server818677.nazwa.pl\/wordpress\/wpn_pierwszainstalacja\/wp-content\/uploads\/2023\/06\/admin-ajax.php-2.png","width":400,"height":133,"caption":"\u017bycie Brzeska"},"image":{"@id":"https:\/\/zyciebrzeska.pl\/#\/schema\/logo\/image\/"},"sameAs":["https:\/\/www.facebook.com\/brzeskoinfo"]},{"@type":"Person","@id":"https:\/\/zyciebrzeska.pl\/#\/schema\/person\/4da1e536b1da05972f13052ec6594aff","name":"Redaktor","image":{"@type":"ImageObject","inLanguage":"pl-PL","@id":"https:\/\/zyciebrzeska.pl\/#\/schema\/person\/image\/","url":"https:\/\/secure.gravatar.com\/avatar\/9564c163e08185c7e0f7d0141ae3914237cf629898e8534b3dd06bb95817ae0b?s=96&d=mm&r=g","contentUrl":"https:\/\/secure.gravatar.com\/avatar\/9564c163e08185c7e0f7d0141ae3914237cf629898e8534b3dd06bb95817ae0b?s=96&d=mm&r=g","caption":"Redaktor"},"sameAs":["http:\/\/zyciebrzeska.pl"],"url":"https:\/\/zyciebrzeska.pl\/?author=1"}]}},"_links":{"self":[{"href":"https:\/\/zyciebrzeska.pl\/index.php?rest_route=\/wp\/v2\/posts\/3464","targetHints":{"allow":["GET"]}}],"collection":[{"href":"https:\/\/zyciebrzeska.pl\/index.php?rest_route=\/wp\/v2\/posts"}],"about":[{"href":"https:\/\/zyciebrzeska.pl\/index.php?rest_route=\/wp\/v2\/types\/post"}],"author":[{"embeddable":true,"href":"https:\/\/zyciebrzeska.pl\/index.php?rest_route=\/wp\/v2\/users\/1"}],"replies":[{"embeddable":true,"href":"https:\/\/zyciebrzeska.pl\/index.php?rest_route=%2Fwp%2Fv2%2Fcomments&post=3464"}],"version-history":[{"count":0,"href":"https:\/\/zyciebrzeska.pl\/index.php?rest_route=\/wp\/v2\/posts\/3464\/revisions"}],"wp:featuredmedia":[{"embeddable":true,"href":"https:\/\/zyciebrzeska.pl\/index.php?rest_route=\/wp\/v2\/media\/3465"}],"wp:attachment":[{"href":"https:\/\/zyciebrzeska.pl\/index.php?rest_route=%2Fwp%2Fv2%2Fmedia&parent=3464"}],"wp:term":[{"taxonomy":"category","embeddable":true,"href":"https:\/\/zyciebrzeska.pl\/index.php?rest_route=%2Fwp%2Fv2%2Fcategories&post=3464"},{"taxonomy":"post_tag","embeddable":true,"href":"https:\/\/zyciebrzeska.pl\/index.php?rest_route=%2Fwp%2Fv2%2Ftags&post=3464"}],"curies":[{"name":"wp","href":"https:\/\/api.w.org\/{rel}","templated":true}]}}