{"id":3455,"date":"2019-08-08T07:58:18","date_gmt":"2019-08-08T07:58:18","guid":{"rendered":"https:\/\/zyciebrzeska.pl\/?p=3455"},"modified":"2019-08-08T07:58:18","modified_gmt":"2019-08-08T07:58:18","slug":"w-srode-14-sierpnia-czeslaw-k-stanie-przed-brytyjskim-sadem","status":"publish","type":"post","link":"https:\/\/zyciebrzeska.pl\/?p=3455","title":{"rendered":"W \u015brod\u0119 14 sierpnia Czes\u0142aw K. stanie przed brytyjskim s\u0105dem."},"content":{"rendered":"\n<h2 class=\"wp-block-heading\">Na \u015brod\u0119 14 sierpnia wyznaczono kolejny termin rozpoznania sprawy o ekstradycj\u0119 m\u0119\u017ca Gra\u017cyny Kuliszewskiej do Polski. O wydanie m\u0119\u017cczyzny wyst\u0105pi\u0142 S\u0105d Okr\u0119gowy w Tarnowie na wniosek tamtejszej prokuratury. <\/h2>\n\n\n\n<p>Czes\u0142aw K zosta\u0142 zatrzymany 22 lipca na podstawie europejskiego nakazu aresztowania.\u00a0Od tamtej pory przebywa w Her Majesty\u2019s Prison Wandsworth.<\/p>\n\n\n\n<p>Prokuratura nie ujawnia, jaka jest tre\u015b\u0107 zarzut\u00f3w zawartych w europejskim nakazie aresztowania. Detektyw Bartosz Weremczuk zdradza jednak, \u017ce istniej\u0105 przypuszczenia o zarzut zab\u00f3jstwa \u017cony, o czym m\u00f3g\u0142by \u015bwiadczy\u0107 fakt, \u017ce  na poprzednim posiedzeniu s\u0105d odrzuci\u0142 wniosek Czes\u0142awa K. o wyj\u015bcie za kaucj\u0105 i doz\u00f3r policyjny. <\/p>\n\n\n\n<p>Obro\u0144ca m\u0119\u017cczyzny, Caroline Downs z kancelarii Wainwright and Cummins LLP, nie zgadza si\u0119 na jego ekstradycj\u0119 do Polski. Je\u017celi 14 sierpnia nie zostanie podj\u0119ta \u017cadna decyzja w sprawie ekstradycji do nast\u0119pnej mo\u017ce doj\u015b\u0107 nawet pod koniec wrze\u015bnia.<\/p>\n\n\n\n<p>\u017bycie Brzeska<\/p>\n","protected":false},"excerpt":{"rendered":"<p>Na \u015brod\u0119 14 sierpnia wyznaczono kolejny termin rozpoznania sprawy o ekstradycj\u0119 m\u0119\u017ca Gra\u017cyny Kuliszewskiej do Polski. O wydanie m\u0119\u017cczyzny wyst\u0105pi\u0142 S\u0105d Okr\u0119gowy w Tarnowie na wniosek tamtejszej prokuratury. Czes\u0142aw K zosta\u0142 zatrzymany 22 lipca na podstawie europejskiego nakazu aresztowania.\u00a0Od tamtej pory przebywa w Her Majesty\u2019s Prison Wandsworth. Prokuratura nie ujawnia, jaka jest tre\u015b\u0107 zarzut\u00f3w zawartych [&hellip;]<\/p>\n","protected":false},"author":1,"featured_media":3456,"comment_status":"open","ping_status":"open","sticky":false,"template":"","format":"standard","meta":{"tdm_status":"","tdm_grid_status":"","footnotes":""},"categories":[10],"tags":[],"class_list":{"0":"post-3455","1":"post","2":"type-post","3":"status-publish","4":"format-standard","5":"has-post-thumbnail","7":"category-wydarzenia"},"yoast_head":"<!-- This site is optimized with the Yoast SEO plugin v22.2 - https:\/\/yoast.com\/wordpress\/plugins\/seo\/ -->\n<title>W \u015brod\u0119 14 sierpnia Czes\u0142aw K. stanie przed brytyjskim s\u0105dem. - \u017bycie Brzeska<\/title>\n<meta name=\"robots\" content=\"index, follow, max-snippet:-1, max-image-preview:large, max-video-preview:-1\" \/>\n<link rel=\"canonical\" href=\"https:\/\/zyciebrzeska.pl\/?p=3455\" \/>\n<meta property=\"og:locale\" content=\"pl_PL\" \/>\n<meta property=\"og:type\" content=\"article\" \/>\n<meta property=\"og:title\" content=\"W \u015brod\u0119 14 sierpnia Czes\u0142aw K. stanie przed brytyjskim s\u0105dem. - \u017bycie Brzeska\" \/>\n<meta property=\"og:description\" content=\"Na \u015brod\u0119 14 sierpnia wyznaczono kolejny termin rozpoznania sprawy o ekstradycj\u0119 m\u0119\u017ca Gra\u017cyny Kuliszewskiej do Polski. O wydanie m\u0119\u017cczyzny wyst\u0105pi\u0142 S\u0105d Okr\u0119gowy w Tarnowie na wniosek tamtejszej prokuratury. Czes\u0142aw K zosta\u0142 zatrzymany 22 lipca na podstawie europejskiego nakazu aresztowania.\u00a0Od tamtej pory przebywa w Her Majesty\u2019s Prison Wandsworth. Prokuratura nie ujawnia, jaka jest tre\u015b\u0107 zarzut\u00f3w zawartych [&hellip;]\" \/>\n<meta property=\"og:url\" content=\"https:\/\/zyciebrzeska.pl\/?p=3455\" \/>\n<meta property=\"og:site_name\" content=\"\u017bycie Brzeska\" \/>\n<meta property=\"article:publisher\" content=\"https:\/\/www.facebook.com\/brzeskoinfo\" \/>\n<meta property=\"article:published_time\" content=\"2019-08-08T07:58:18+00:00\" \/>\n<meta property=\"og:image\" content=\"https:\/\/zyciebrzeska.pl\/wp-content\/uploads\/2019\/08\/7029B959-4E9E-4EB3-8E1E-B24675E79D74.jpeg\" \/>\n\t<meta property=\"og:image:width\" content=\"718\" \/>\n\t<meta property=\"og:image:height\" content=\"540\" \/>\n\t<meta property=\"og:image:type\" content=\"image\/jpeg\" \/>\n<meta name=\"author\" content=\"Redaktor\" \/>\n<meta name=\"twitter:card\" content=\"summary_large_image\" \/>\n<meta name=\"twitter:label1\" content=\"Napisane przez\" \/>\n\t<meta name=\"twitter:data1\" content=\"Redaktor\" \/>\n\t<meta name=\"twitter:label2\" content=\"Szacowany czas czytania\" \/>\n\t<meta name=\"twitter:data2\" content=\"1 minuta\" \/>\n<script type=\"application\/ld+json\" class=\"yoast-schema-graph\">{\"@context\":\"https:\/\/schema.org\",\"@graph\":[{\"@type\":\"Article\",\"@id\":\"https:\/\/zyciebrzeska.pl\/?p=3455#article\",\"isPartOf\":{\"@id\":\"https:\/\/zyciebrzeska.pl\/?p=3455\"},\"author\":{\"name\":\"Redaktor\",\"@id\":\"https:\/\/zyciebrzeska.pl\/#\/schema\/person\/4da1e536b1da05972f13052ec6594aff\"},\"headline\":\"W \u015brod\u0119 14 sierpnia Czes\u0142aw K. stanie przed brytyjskim s\u0105dem.\",\"datePublished\":\"2019-08-08T07:58:18+00:00\",\"dateModified\":\"2019-08-08T07:58:18+00:00\",\"mainEntityOfPage\":{\"@id\":\"https:\/\/zyciebrzeska.pl\/?p=3455\"},\"wordCount\":163,\"commentCount\":0,\"publisher\":{\"@id\":\"https:\/\/zyciebrzeska.pl\/#organization\"},\"image\":{\"@id\":\"https:\/\/zyciebrzeska.pl\/?p=3455#primaryimage\"},\"thumbnailUrl\":\"https:\/\/zyciebrzeska.pl\/wp-content\/uploads\/2019\/08\/7029B959-4E9E-4EB3-8E1E-B24675E79D74.jpeg\",\"articleSection\":[\"Wydarzenia\"],\"inLanguage\":\"pl-PL\",\"potentialAction\":[{\"@type\":\"CommentAction\",\"name\":\"Comment\",\"target\":[\"https:\/\/zyciebrzeska.pl\/?p=3455#respond\"]}]},{\"@type\":\"WebPage\",\"@id\":\"https:\/\/zyciebrzeska.pl\/?p=3455\",\"url\":\"https:\/\/zyciebrzeska.pl\/?p=3455\",\"name\":\"W \u015brod\u0119 14 sierpnia Czes\u0142aw K. stanie przed brytyjskim s\u0105dem. - \u017bycie Brzeska\",\"isPartOf\":{\"@id\":\"https:\/\/zyciebrzeska.pl\/#website\"},\"primaryImageOfPage\":{\"@id\":\"https:\/\/zyciebrzeska.pl\/?p=3455#primaryimage\"},\"image\":{\"@id\":\"https:\/\/zyciebrzeska.pl\/?p=3455#primaryimage\"},\"thumbnailUrl\":\"https:\/\/zyciebrzeska.pl\/wp-content\/uploads\/2019\/08\/7029B959-4E9E-4EB3-8E1E-B24675E79D74.jpeg\",\"datePublished\":\"2019-08-08T07:58:18+00:00\",\"dateModified\":\"2019-08-08T07:58:18+00:00\",\"breadcrumb\":{\"@id\":\"https:\/\/zyciebrzeska.pl\/?p=3455#breadcrumb\"},\"inLanguage\":\"pl-PL\",\"potentialAction\":[{\"@type\":\"ReadAction\",\"target\":[\"https:\/\/zyciebrzeska.pl\/?p=3455\"]}]},{\"@type\":\"ImageObject\",\"inLanguage\":\"pl-PL\",\"@id\":\"https:\/\/zyciebrzeska.pl\/?p=3455#primaryimage\",\"url\":\"https:\/\/zyciebrzeska.pl\/wp-content\/uploads\/2019\/08\/7029B959-4E9E-4EB3-8E1E-B24675E79D74.jpeg\",\"contentUrl\":\"https:\/\/zyciebrzeska.pl\/wp-content\/uploads\/2019\/08\/7029B959-4E9E-4EB3-8E1E-B24675E79D74.jpeg\",\"width\":718,\"height\":540},{\"@type\":\"BreadcrumbList\",\"@id\":\"https:\/\/zyciebrzeska.pl\/?p=3455#breadcrumb\",\"itemListElement\":[{\"@type\":\"ListItem\",\"position\":1,\"name\":\"Home\",\"item\":\"https:\/\/zyciebrzeska.pl\/\"},{\"@type\":\"ListItem\",\"position\":2,\"name\":\"W \u015brod\u0119 14 sierpnia Czes\u0142aw K. stanie przed brytyjskim s\u0105dem.\"}]},{\"@type\":\"WebSite\",\"@id\":\"https:\/\/zyciebrzeska.pl\/#website\",\"url\":\"https:\/\/zyciebrzeska.pl\/\",\"name\":\"\u017bycie Brzeska\",\"description\":\"Portal Ludzi Aktywnych\",\"publisher\":{\"@id\":\"https:\/\/zyciebrzeska.pl\/#organization\"},\"potentialAction\":[{\"@type\":\"SearchAction\",\"target\":{\"@type\":\"EntryPoint\",\"urlTemplate\":\"https:\/\/zyciebrzeska.pl\/?s={search_term_string}\"},\"query-input\":\"required name=search_term_string\"}],\"inLanguage\":\"pl-PL\"},{\"@type\":\"Organization\",\"@id\":\"https:\/\/zyciebrzeska.pl\/#organization\",\"name\":\"\u017bycie Brzeska\",\"url\":\"https:\/\/zyciebrzeska.pl\/\",\"logo\":{\"@type\":\"ImageObject\",\"inLanguage\":\"pl-PL\",\"@id\":\"https:\/\/zyciebrzeska.pl\/#\/schema\/logo\/image\/\",\"url\":\"https:\/\/server818677.nazwa.pl\/wordpress\/wpn_pierwszainstalacja\/wp-content\/uploads\/2023\/06\/admin-ajax.php-2.png\",\"contentUrl\":\"https:\/\/server818677.nazwa.pl\/wordpress\/wpn_pierwszainstalacja\/wp-content\/uploads\/2023\/06\/admin-ajax.php-2.png\",\"width\":400,\"height\":133,\"caption\":\"\u017bycie Brzeska\"},\"image\":{\"@id\":\"https:\/\/zyciebrzeska.pl\/#\/schema\/logo\/image\/\"},\"sameAs\":[\"https:\/\/www.facebook.com\/brzeskoinfo\"]},{\"@type\":\"Person\",\"@id\":\"https:\/\/zyciebrzeska.pl\/#\/schema\/person\/4da1e536b1da05972f13052ec6594aff\",\"name\":\"Redaktor\",\"image\":{\"@type\":\"ImageObject\",\"inLanguage\":\"pl-PL\",\"@id\":\"https:\/\/zyciebrzeska.pl\/#\/schema\/person\/image\/\",\"url\":\"https:\/\/secure.gravatar.com\/avatar\/9564c163e08185c7e0f7d0141ae3914237cf629898e8534b3dd06bb95817ae0b?s=96&d=mm&r=g\",\"contentUrl\":\"https:\/\/secure.gravatar.com\/avatar\/9564c163e08185c7e0f7d0141ae3914237cf629898e8534b3dd06bb95817ae0b?s=96&d=mm&r=g\",\"caption\":\"Redaktor\"},\"sameAs\":[\"http:\/\/zyciebrzeska.pl\"],\"url\":\"https:\/\/zyciebrzeska.pl\/?author=1\"}]}<\/script>\n<!-- \/ Yoast SEO plugin. -->","yoast_head_json":{"title":"W \u015brod\u0119 14 sierpnia Czes\u0142aw K. stanie przed brytyjskim s\u0105dem. - \u017bycie Brzeska","robots":{"index":"index","follow":"follow","max-snippet":"max-snippet:-1","max-image-preview":"max-image-preview:large","max-video-preview":"max-video-preview:-1"},"canonical":"https:\/\/zyciebrzeska.pl\/?p=3455","og_locale":"pl_PL","og_type":"article","og_title":"W \u015brod\u0119 14 sierpnia Czes\u0142aw K. stanie przed brytyjskim s\u0105dem. - \u017bycie Brzeska","og_description":"Na \u015brod\u0119 14 sierpnia wyznaczono kolejny termin rozpoznania sprawy o ekstradycj\u0119 m\u0119\u017ca Gra\u017cyny Kuliszewskiej do Polski. O wydanie m\u0119\u017cczyzny wyst\u0105pi\u0142 S\u0105d Okr\u0119gowy w Tarnowie na wniosek tamtejszej prokuratury. Czes\u0142aw K zosta\u0142 zatrzymany 22 lipca na podstawie europejskiego nakazu aresztowania.\u00a0Od tamtej pory przebywa w Her Majesty\u2019s Prison Wandsworth. Prokuratura nie ujawnia, jaka jest tre\u015b\u0107 zarzut\u00f3w zawartych [&hellip;]","og_url":"https:\/\/zyciebrzeska.pl\/?p=3455","og_site_name":"\u017bycie Brzeska","article_publisher":"https:\/\/www.facebook.com\/brzeskoinfo","article_published_time":"2019-08-08T07:58:18+00:00","og_image":[{"width":718,"height":540,"url":"https:\/\/zyciebrzeska.pl\/wp-content\/uploads\/2019\/08\/7029B959-4E9E-4EB3-8E1E-B24675E79D74.jpeg","type":"image\/jpeg"}],"author":"Redaktor","twitter_card":"summary_large_image","twitter_misc":{"Napisane przez":"Redaktor","Szacowany czas czytania":"1 minuta"},"schema":{"@context":"https:\/\/schema.org","@graph":[{"@type":"Article","@id":"https:\/\/zyciebrzeska.pl\/?p=3455#article","isPartOf":{"@id":"https:\/\/zyciebrzeska.pl\/?p=3455"},"author":{"name":"Redaktor","@id":"https:\/\/zyciebrzeska.pl\/#\/schema\/person\/4da1e536b1da05972f13052ec6594aff"},"headline":"W \u015brod\u0119 14 sierpnia Czes\u0142aw K. stanie przed brytyjskim s\u0105dem.","datePublished":"2019-08-08T07:58:18+00:00","dateModified":"2019-08-08T07:58:18+00:00","mainEntityOfPage":{"@id":"https:\/\/zyciebrzeska.pl\/?p=3455"},"wordCount":163,"commentCount":0,"publisher":{"@id":"https:\/\/zyciebrzeska.pl\/#organization"},"image":{"@id":"https:\/\/zyciebrzeska.pl\/?p=3455#primaryimage"},"thumbnailUrl":"https:\/\/zyciebrzeska.pl\/wp-content\/uploads\/2019\/08\/7029B959-4E9E-4EB3-8E1E-B24675E79D74.jpeg","articleSection":["Wydarzenia"],"inLanguage":"pl-PL","potentialAction":[{"@type":"CommentAction","name":"Comment","target":["https:\/\/zyciebrzeska.pl\/?p=3455#respond"]}]},{"@type":"WebPage","@id":"https:\/\/zyciebrzeska.pl\/?p=3455","url":"https:\/\/zyciebrzeska.pl\/?p=3455","name":"W \u015brod\u0119 14 sierpnia Czes\u0142aw K. stanie przed brytyjskim s\u0105dem. - \u017bycie Brzeska","isPartOf":{"@id":"https:\/\/zyciebrzeska.pl\/#website"},"primaryImageOfPage":{"@id":"https:\/\/zyciebrzeska.pl\/?p=3455#primaryimage"},"image":{"@id":"https:\/\/zyciebrzeska.pl\/?p=3455#primaryimage"},"thumbnailUrl":"https:\/\/zyciebrzeska.pl\/wp-content\/uploads\/2019\/08\/7029B959-4E9E-4EB3-8E1E-B24675E79D74.jpeg","datePublished":"2019-08-08T07:58:18+00:00","dateModified":"2019-08-08T07:58:18+00:00","breadcrumb":{"@id":"https:\/\/zyciebrzeska.pl\/?p=3455#breadcrumb"},"inLanguage":"pl-PL","potentialAction":[{"@type":"ReadAction","target":["https:\/\/zyciebrzeska.pl\/?p=3455"]}]},{"@type":"ImageObject","inLanguage":"pl-PL","@id":"https:\/\/zyciebrzeska.pl\/?p=3455#primaryimage","url":"https:\/\/zyciebrzeska.pl\/wp-content\/uploads\/2019\/08\/7029B959-4E9E-4EB3-8E1E-B24675E79D74.jpeg","contentUrl":"https:\/\/zyciebrzeska.pl\/wp-content\/uploads\/2019\/08\/7029B959-4E9E-4EB3-8E1E-B24675E79D74.jpeg","width":718,"height":540},{"@type":"BreadcrumbList","@id":"https:\/\/zyciebrzeska.pl\/?p=3455#breadcrumb","itemListElement":[{"@type":"ListItem","position":1,"name":"Home","item":"https:\/\/zyciebrzeska.pl\/"},{"@type":"ListItem","position":2,"name":"W \u015brod\u0119 14 sierpnia Czes\u0142aw K. stanie przed brytyjskim s\u0105dem."}]},{"@type":"WebSite","@id":"https:\/\/zyciebrzeska.pl\/#website","url":"https:\/\/zyciebrzeska.pl\/","name":"\u017bycie Brzeska","description":"Portal Ludzi Aktywnych","publisher":{"@id":"https:\/\/zyciebrzeska.pl\/#organization"},"potentialAction":[{"@type":"SearchAction","target":{"@type":"EntryPoint","urlTemplate":"https:\/\/zyciebrzeska.pl\/?s={search_term_string}"},"query-input":"required name=search_term_string"}],"inLanguage":"pl-PL"},{"@type":"Organization","@id":"https:\/\/zyciebrzeska.pl\/#organization","name":"\u017bycie Brzeska","url":"https:\/\/zyciebrzeska.pl\/","logo":{"@type":"ImageObject","inLanguage":"pl-PL","@id":"https:\/\/zyciebrzeska.pl\/#\/schema\/logo\/image\/","url":"https:\/\/server818677.nazwa.pl\/wordpress\/wpn_pierwszainstalacja\/wp-content\/uploads\/2023\/06\/admin-ajax.php-2.png","contentUrl":"https:\/\/server818677.nazwa.pl\/wordpress\/wpn_pierwszainstalacja\/wp-content\/uploads\/2023\/06\/admin-ajax.php-2.png","width":400,"height":133,"caption":"\u017bycie Brzeska"},"image":{"@id":"https:\/\/zyciebrzeska.pl\/#\/schema\/logo\/image\/"},"sameAs":["https:\/\/www.facebook.com\/brzeskoinfo"]},{"@type":"Person","@id":"https:\/\/zyciebrzeska.pl\/#\/schema\/person\/4da1e536b1da05972f13052ec6594aff","name":"Redaktor","image":{"@type":"ImageObject","inLanguage":"pl-PL","@id":"https:\/\/zyciebrzeska.pl\/#\/schema\/person\/image\/","url":"https:\/\/secure.gravatar.com\/avatar\/9564c163e08185c7e0f7d0141ae3914237cf629898e8534b3dd06bb95817ae0b?s=96&d=mm&r=g","contentUrl":"https:\/\/secure.gravatar.com\/avatar\/9564c163e08185c7e0f7d0141ae3914237cf629898e8534b3dd06bb95817ae0b?s=96&d=mm&r=g","caption":"Redaktor"},"sameAs":["http:\/\/zyciebrzeska.pl"],"url":"https:\/\/zyciebrzeska.pl\/?author=1"}]}},"_links":{"self":[{"href":"https:\/\/zyciebrzeska.pl\/index.php?rest_route=\/wp\/v2\/posts\/3455","targetHints":{"allow":["GET"]}}],"collection":[{"href":"https:\/\/zyciebrzeska.pl\/index.php?rest_route=\/wp\/v2\/posts"}],"about":[{"href":"https:\/\/zyciebrzeska.pl\/index.php?rest_route=\/wp\/v2\/types\/post"}],"author":[{"embeddable":true,"href":"https:\/\/zyciebrzeska.pl\/index.php?rest_route=\/wp\/v2\/users\/1"}],"replies":[{"embeddable":true,"href":"https:\/\/zyciebrzeska.pl\/index.php?rest_route=%2Fwp%2Fv2%2Fcomments&post=3455"}],"version-history":[{"count":0,"href":"https:\/\/zyciebrzeska.pl\/index.php?rest_route=\/wp\/v2\/posts\/3455\/revisions"}],"wp:featuredmedia":[{"embeddable":true,"href":"https:\/\/zyciebrzeska.pl\/index.php?rest_route=\/wp\/v2\/media\/3456"}],"wp:attachment":[{"href":"https:\/\/zyciebrzeska.pl\/index.php?rest_route=%2Fwp%2Fv2%2Fmedia&parent=3455"}],"wp:term":[{"taxonomy":"category","embeddable":true,"href":"https:\/\/zyciebrzeska.pl\/index.php?rest_route=%2Fwp%2Fv2%2Fcategories&post=3455"},{"taxonomy":"post_tag","embeddable":true,"href":"https:\/\/zyciebrzeska.pl\/index.php?rest_route=%2Fwp%2Fv2%2Ftags&post=3455"}],"curies":[{"name":"wp","href":"https:\/\/api.w.org\/{rel}","templated":true}]}}