{"id":3194,"date":"2019-06-06T08:57:20","date_gmt":"2019-06-06T08:57:20","guid":{"rendered":"https:\/\/zyciebrzeska.pl\/?p=3194"},"modified":"2019-06-06T08:57:20","modified_gmt":"2019-06-06T08:57:20","slug":"xvi-spartakiada-osob-niepelnosprawnych","status":"publish","type":"post","link":"https:\/\/zyciebrzeska.pl\/?p=3194","title":{"rendered":"XVI SPARTAKIADA OS\u00d3B NIEPE\u0141NOSPRAWNYCH"},"content":{"rendered":"\n<p>5 \u00a0czerwca w Publicznej Szkole Podstawowej im. Jana Paw\u0142a II w Gnojniku odby\u0142a si\u0119 16. edycja spartakiady dla os\u00f3b niepe\u0142nosprawnych. Uczestnicy tegorocznej\u00a0imprezy reprezentowali Warsztaty Terapii Zaj\u0119ciowej z Sio\u0142kowa, D\u0105browy Tarnowskiej, \u0141apanowa, Prosz\u00f3wek, Brzeska, Dzier\u017canowa, Zawady Uszewskiej, Tarnowa i Str\u00f3\u017c\u00f3w. W rywalizacjach udzia\u0142 brali r\u00f3wnie\u017c zawodnicy ze \u015arodowiskowego Domu Samopomocy z \u0141ysej G\u00f3ry oraz z Domu Pomocy Spo\u0142ecznej z Brzeska.<\/p>\n\n\n\n<p>G\u0142\u00f3wnym celem spartakiady jest rehabilitacja spo\u0142eczna os\u00f3b z niepe\u0142nosprawno\u015bci\u0105, sportowa rywalizacja i najwa\u017cniejsze, prze\u017cywanie rado\u015bci z uzyskania dobrych wynik\u00f3w. Poza rywalizacj\u0105 dla uczestnik\u00f3w najwa\u017cniejsza jest wsp\u00f3lna integracja i zabawa.<\/p>\n\n\n\n<p>Impreza zosta\u0142a zorganizowana przez Stowarzyszenie \u201ePomocna D\u0142o\u0144\u201d oraz Warsztat Terapii Zaj\u0119ciowej z Zawady Uszewskiej. W imieniu burmistrza Brzeska, Tomasza Latochy, dyrektor Wydzia\u0142u Strategii i Rozwoju, Barbara Kuczek przekaza\u0142a uczestnikom spartakiady drobne upominki.<\/p>\n\n\n\n<p>fot: Paulina Mi\u015b-Wiewi\u00f3ra<\/p>\n\n\n\n<ul class=\"wp-block-gallery columns-3 is-cropped wp-block-gallery-2 is-layout-flex wp-block-gallery-is-layout-flex\"><li class=\"blocks-gallery-item\"><figure><img loading=\"lazy\" decoding=\"async\" width=\"1024\" height=\"683\" src=\"https:\/\/server818677.nazwa.pl\/wordpress\/wpn_pierwszainstalacja\/wp-content\/uploads\/2019\/06\/746904C1-0D34-4916-A02E-F74337641E3E-1024x683.jpeg\" alt=\"\" data-id=\"3195\" data-link=\"https:\/\/zyciebrzeska.pl\/?attachment_id=3195\" class=\"wp-image-3195\" srcset=\"https:\/\/zyciebrzeska.pl\/wp-content\/uploads\/2019\/06\/746904C1-0D34-4916-A02E-F74337641E3E-1024x683.jpeg 1024w, https:\/\/zyciebrzeska.pl\/wp-content\/uploads\/2019\/06\/746904C1-0D34-4916-A02E-F74337641E3E-300x200.jpeg 300w, https:\/\/zyciebrzeska.pl\/wp-content\/uploads\/2019\/06\/746904C1-0D34-4916-A02E-F74337641E3E-768x512.jpeg 768w, https:\/\/zyciebrzeska.pl\/wp-content\/uploads\/2019\/06\/746904C1-0D34-4916-A02E-F74337641E3E.jpeg 1200w\" sizes=\"auto, (max-width: 1024px) 100vw, 1024px\" \/><\/figure><\/li><li class=\"blocks-gallery-item\"><figure><img loading=\"lazy\" decoding=\"async\" width=\"1024\" height=\"683\" src=\"https:\/\/server818677.nazwa.pl\/wordpress\/wpn_pierwszainstalacja\/wp-content\/uploads\/2019\/06\/42FACE10-A68C-4D34-8144-E1C9E47D6756-1024x683.jpeg\" alt=\"\" data-id=\"3196\" data-link=\"https:\/\/zyciebrzeska.pl\/?attachment_id=3196\" class=\"wp-image-3196\" srcset=\"https:\/\/zyciebrzeska.pl\/wp-content\/uploads\/2019\/06\/42FACE10-A68C-4D34-8144-E1C9E47D6756-1024x683.jpeg 1024w, https:\/\/zyciebrzeska.pl\/wp-content\/uploads\/2019\/06\/42FACE10-A68C-4D34-8144-E1C9E47D6756-300x200.jpeg 300w, https:\/\/zyciebrzeska.pl\/wp-content\/uploads\/2019\/06\/42FACE10-A68C-4D34-8144-E1C9E47D6756-768x512.jpeg 768w, https:\/\/zyciebrzeska.pl\/wp-content\/uploads\/2019\/06\/42FACE10-A68C-4D34-8144-E1C9E47D6756.jpeg 1200w\" sizes=\"auto, (max-width: 1024px) 100vw, 1024px\" \/><\/figure><\/li><li class=\"blocks-gallery-item\"><figure><img loading=\"lazy\" decoding=\"async\" width=\"1024\" height=\"683\" src=\"https:\/\/server818677.nazwa.pl\/wordpress\/wpn_pierwszainstalacja\/wp-content\/uploads\/2019\/06\/4D032CD4-2B9E-4513-B4E3-038D3132BB17-1024x683.jpeg\" alt=\"\" data-id=\"3197\" data-link=\"https:\/\/zyciebrzeska.pl\/?attachment_id=3197\" class=\"wp-image-3197\" srcset=\"https:\/\/zyciebrzeska.pl\/wp-content\/uploads\/2019\/06\/4D032CD4-2B9E-4513-B4E3-038D3132BB17-1024x683.jpeg 1024w, https:\/\/zyciebrzeska.pl\/wp-content\/uploads\/2019\/06\/4D032CD4-2B9E-4513-B4E3-038D3132BB17-300x200.jpeg 300w, https:\/\/zyciebrzeska.pl\/wp-content\/uploads\/2019\/06\/4D032CD4-2B9E-4513-B4E3-038D3132BB17-768x512.jpeg 768w, https:\/\/zyciebrzeska.pl\/wp-content\/uploads\/2019\/06\/4D032CD4-2B9E-4513-B4E3-038D3132BB17.jpeg 1200w\" sizes=\"auto, (max-width: 1024px) 100vw, 1024px\" \/><\/figure><\/li><li class=\"blocks-gallery-item\"><figure><img loading=\"lazy\" decoding=\"async\" width=\"683\" height=\"1024\" src=\"https:\/\/server818677.nazwa.pl\/wordpress\/wpn_pierwszainstalacja\/wp-content\/uploads\/2019\/06\/FC91C716-CC76-4BA3-8068-BA0358B37CD8-683x1024.jpeg\" alt=\"\" data-id=\"3198\" data-link=\"https:\/\/zyciebrzeska.pl\/?attachment_id=3198\" class=\"wp-image-3198\" srcset=\"https:\/\/zyciebrzeska.pl\/wp-content\/uploads\/2019\/06\/FC91C716-CC76-4BA3-8068-BA0358B37CD8-683x1024.jpeg 683w, https:\/\/zyciebrzeska.pl\/wp-content\/uploads\/2019\/06\/FC91C716-CC76-4BA3-8068-BA0358B37CD8-200x300.jpeg 200w, https:\/\/zyciebrzeska.pl\/wp-content\/uploads\/2019\/06\/FC91C716-CC76-4BA3-8068-BA0358B37CD8-768x1152.jpeg 768w, https:\/\/zyciebrzeska.pl\/wp-content\/uploads\/2019\/06\/FC91C716-CC76-4BA3-8068-BA0358B37CD8.jpeg 800w\" sizes=\"auto, (max-width: 683px) 100vw, 683px\" \/><\/figure><\/li><li class=\"blocks-gallery-item\"><figure><img loading=\"lazy\" decoding=\"async\" width=\"1024\" height=\"683\" src=\"https:\/\/server818677.nazwa.pl\/wordpress\/wpn_pierwszainstalacja\/wp-content\/uploads\/2019\/06\/232365EF-5486-41A1-B984-D2C52651BECB-1024x683.jpeg\" alt=\"\" data-id=\"3199\" data-link=\"https:\/\/zyciebrzeska.pl\/?attachment_id=3199\" class=\"wp-image-3199\" srcset=\"https:\/\/zyciebrzeska.pl\/wp-content\/uploads\/2019\/06\/232365EF-5486-41A1-B984-D2C52651BECB-1024x683.jpeg 1024w, https:\/\/zyciebrzeska.pl\/wp-content\/uploads\/2019\/06\/232365EF-5486-41A1-B984-D2C52651BECB-300x200.jpeg 300w, https:\/\/zyciebrzeska.pl\/wp-content\/uploads\/2019\/06\/232365EF-5486-41A1-B984-D2C52651BECB-768x512.jpeg 768w, https:\/\/zyciebrzeska.pl\/wp-content\/uploads\/2019\/06\/232365EF-5486-41A1-B984-D2C52651BECB.jpeg 1200w\" sizes=\"auto, (max-width: 1024px) 100vw, 1024px\" \/><\/figure><\/li><li class=\"blocks-gallery-item\"><figure><img loading=\"lazy\" decoding=\"async\" width=\"1024\" height=\"683\" src=\"https:\/\/server818677.nazwa.pl\/wordpress\/wpn_pierwszainstalacja\/wp-content\/uploads\/2019\/06\/177BE511-BCDD-48AB-9C7A-014FBDF5CACB-1024x683.jpeg\" alt=\"\" data-id=\"3200\" data-link=\"https:\/\/zyciebrzeska.pl\/?attachment_id=3200\" class=\"wp-image-3200\" srcset=\"https:\/\/zyciebrzeska.pl\/wp-content\/uploads\/2019\/06\/177BE511-BCDD-48AB-9C7A-014FBDF5CACB-1024x683.jpeg 1024w, https:\/\/zyciebrzeska.pl\/wp-content\/uploads\/2019\/06\/177BE511-BCDD-48AB-9C7A-014FBDF5CACB-300x200.jpeg 300w, https:\/\/zyciebrzeska.pl\/wp-content\/uploads\/2019\/06\/177BE511-BCDD-48AB-9C7A-014FBDF5CACB-768x512.jpeg 768w, https:\/\/zyciebrzeska.pl\/wp-content\/uploads\/2019\/06\/177BE511-BCDD-48AB-9C7A-014FBDF5CACB.jpeg 1200w\" sizes=\"auto, (max-width: 1024px) 100vw, 1024px\" \/><\/figure><\/li><li class=\"blocks-gallery-item\"><figure><img loading=\"lazy\" decoding=\"async\" width=\"1024\" height=\"683\" src=\"https:\/\/server818677.nazwa.pl\/wordpress\/wpn_pierwszainstalacja\/wp-content\/uploads\/2019\/06\/7654A87F-6F3B-48AA-BE9A-ACE243E18EE6-1024x683.jpeg\" alt=\"\" data-id=\"3201\" data-link=\"https:\/\/zyciebrzeska.pl\/?attachment_id=3201\" class=\"wp-image-3201\" srcset=\"https:\/\/zyciebrzeska.pl\/wp-content\/uploads\/2019\/06\/7654A87F-6F3B-48AA-BE9A-ACE243E18EE6-1024x683.jpeg 1024w, https:\/\/zyciebrzeska.pl\/wp-content\/uploads\/2019\/06\/7654A87F-6F3B-48AA-BE9A-ACE243E18EE6-300x200.jpeg 300w, https:\/\/zyciebrzeska.pl\/wp-content\/uploads\/2019\/06\/7654A87F-6F3B-48AA-BE9A-ACE243E18EE6-768x512.jpeg 768w, https:\/\/zyciebrzeska.pl\/wp-content\/uploads\/2019\/06\/7654A87F-6F3B-48AA-BE9A-ACE243E18EE6.jpeg 1200w\" sizes=\"auto, (max-width: 1024px) 100vw, 1024px\" \/><\/figure><\/li><\/ul>\n\n\n\n<p>Brzesko.pl<\/p>\n","protected":false},"excerpt":{"rendered":"<p>5 \u00a0czerwca w Publicznej Szkole Podstawowej im. Jana Paw\u0142a II w Gnojniku odby\u0142a si\u0119 16. edycja spartakiady dla os\u00f3b niepe\u0142nosprawnych. Uczestnicy tegorocznej\u00a0imprezy reprezentowali Warsztaty Terapii Zaj\u0119ciowej z Sio\u0142kowa, D\u0105browy Tarnowskiej, \u0141apanowa, Prosz\u00f3wek, Brzeska, Dzier\u017canowa, Zawady Uszewskiej, Tarnowa i Str\u00f3\u017c\u00f3w. W rywalizacjach udzia\u0142 brali r\u00f3wnie\u017c zawodnicy ze \u015arodowiskowego Domu Samopomocy z \u0141ysej G\u00f3ry oraz z Domu [&hellip;]<\/p>\n","protected":false},"author":1,"featured_media":3197,"comment_status":"open","ping_status":"open","sticky":false,"template":"","format":"standard","meta":{"tdm_status":"","tdm_grid_status":"","footnotes":""},"categories":[10],"tags":[],"class_list":{"0":"post-3194","1":"post","2":"type-post","3":"status-publish","4":"format-standard","5":"has-post-thumbnail","7":"category-wydarzenia"},"yoast_head":"<!-- This site is optimized with the Yoast SEO plugin v22.2 - https:\/\/yoast.com\/wordpress\/plugins\/seo\/ -->\n<title>XVI SPARTAKIADA OS\u00d3B NIEPE\u0141NOSPRAWNYCH - \u017bycie Brzeska<\/title>\n<meta name=\"robots\" content=\"index, follow, max-snippet:-1, max-image-preview:large, max-video-preview:-1\" \/>\n<link rel=\"canonical\" href=\"https:\/\/zyciebrzeska.pl\/?p=3194\" \/>\n<meta property=\"og:locale\" content=\"pl_PL\" \/>\n<meta property=\"og:type\" content=\"article\" \/>\n<meta property=\"og:title\" content=\"XVI SPARTAKIADA OS\u00d3B NIEPE\u0141NOSPRAWNYCH - \u017bycie Brzeska\" \/>\n<meta property=\"og:description\" content=\"5 \u00a0czerwca w Publicznej Szkole Podstawowej im. Jana Paw\u0142a II w Gnojniku odby\u0142a si\u0119 16. edycja spartakiady dla os\u00f3b niepe\u0142nosprawnych. Uczestnicy tegorocznej\u00a0imprezy reprezentowali Warsztaty Terapii Zaj\u0119ciowej z Sio\u0142kowa, D\u0105browy Tarnowskiej, \u0141apanowa, Prosz\u00f3wek, Brzeska, Dzier\u017canowa, Zawady Uszewskiej, Tarnowa i Str\u00f3\u017c\u00f3w. W rywalizacjach udzia\u0142 brali r\u00f3wnie\u017c zawodnicy ze \u015arodowiskowego Domu Samopomocy z \u0141ysej G\u00f3ry oraz z Domu [&hellip;]\" \/>\n<meta property=\"og:url\" content=\"https:\/\/zyciebrzeska.pl\/?p=3194\" \/>\n<meta property=\"og:site_name\" content=\"\u017bycie Brzeska\" \/>\n<meta property=\"article:publisher\" content=\"https:\/\/www.facebook.com\/brzeskoinfo\" \/>\n<meta property=\"article:published_time\" content=\"2019-06-06T08:57:20+00:00\" \/>\n<meta property=\"og:image\" content=\"https:\/\/zyciebrzeska.pl\/wp-content\/uploads\/2019\/06\/4D032CD4-2B9E-4513-B4E3-038D3132BB17.jpeg\" \/>\n\t<meta property=\"og:image:width\" content=\"1200\" \/>\n\t<meta property=\"og:image:height\" content=\"800\" \/>\n\t<meta property=\"og:image:type\" content=\"image\/jpeg\" \/>\n<meta name=\"author\" content=\"Redaktor\" \/>\n<meta name=\"twitter:card\" content=\"summary_large_image\" \/>\n<meta name=\"twitter:label1\" content=\"Napisane przez\" \/>\n\t<meta name=\"twitter:data1\" content=\"Redaktor\" \/>\n\t<meta name=\"twitter:label2\" content=\"Szacowany czas czytania\" \/>\n\t<meta name=\"twitter:data2\" content=\"1 minuta\" \/>\n<script type=\"application\/ld+json\" class=\"yoast-schema-graph\">{\"@context\":\"https:\/\/schema.org\",\"@graph\":[{\"@type\":\"Article\",\"@id\":\"https:\/\/zyciebrzeska.pl\/?p=3194#article\",\"isPartOf\":{\"@id\":\"https:\/\/zyciebrzeska.pl\/?p=3194\"},\"author\":{\"name\":\"Redaktor\",\"@id\":\"https:\/\/zyciebrzeska.pl\/#\/schema\/person\/4da1e536b1da05972f13052ec6594aff\"},\"headline\":\"XVI SPARTAKIADA OS\u00d3B NIEPE\u0141NOSPRAWNYCH\",\"datePublished\":\"2019-06-06T08:57:20+00:00\",\"dateModified\":\"2019-06-06T08:57:20+00:00\",\"mainEntityOfPage\":{\"@id\":\"https:\/\/zyciebrzeska.pl\/?p=3194\"},\"wordCount\":162,\"commentCount\":0,\"publisher\":{\"@id\":\"https:\/\/zyciebrzeska.pl\/#organization\"},\"image\":{\"@id\":\"https:\/\/zyciebrzeska.pl\/?p=3194#primaryimage\"},\"thumbnailUrl\":\"https:\/\/zyciebrzeska.pl\/wp-content\/uploads\/2019\/06\/4D032CD4-2B9E-4513-B4E3-038D3132BB17.jpeg\",\"articleSection\":[\"Wydarzenia\"],\"inLanguage\":\"pl-PL\",\"potentialAction\":[{\"@type\":\"CommentAction\",\"name\":\"Comment\",\"target\":[\"https:\/\/zyciebrzeska.pl\/?p=3194#respond\"]}]},{\"@type\":\"WebPage\",\"@id\":\"https:\/\/zyciebrzeska.pl\/?p=3194\",\"url\":\"https:\/\/zyciebrzeska.pl\/?p=3194\",\"name\":\"XVI SPARTAKIADA OS\u00d3B NIEPE\u0141NOSPRAWNYCH - \u017bycie Brzeska\",\"isPartOf\":{\"@id\":\"https:\/\/zyciebrzeska.pl\/#website\"},\"primaryImageOfPage\":{\"@id\":\"https:\/\/zyciebrzeska.pl\/?p=3194#primaryimage\"},\"image\":{\"@id\":\"https:\/\/zyciebrzeska.pl\/?p=3194#primaryimage\"},\"thumbnailUrl\":\"https:\/\/zyciebrzeska.pl\/wp-content\/uploads\/2019\/06\/4D032CD4-2B9E-4513-B4E3-038D3132BB17.jpeg\",\"datePublished\":\"2019-06-06T08:57:20+00:00\",\"dateModified\":\"2019-06-06T08:57:20+00:00\",\"breadcrumb\":{\"@id\":\"https:\/\/zyciebrzeska.pl\/?p=3194#breadcrumb\"},\"inLanguage\":\"pl-PL\",\"potentialAction\":[{\"@type\":\"ReadAction\",\"target\":[\"https:\/\/zyciebrzeska.pl\/?p=3194\"]}]},{\"@type\":\"ImageObject\",\"inLanguage\":\"pl-PL\",\"@id\":\"https:\/\/zyciebrzeska.pl\/?p=3194#primaryimage\",\"url\":\"https:\/\/zyciebrzeska.pl\/wp-content\/uploads\/2019\/06\/4D032CD4-2B9E-4513-B4E3-038D3132BB17.jpeg\",\"contentUrl\":\"https:\/\/zyciebrzeska.pl\/wp-content\/uploads\/2019\/06\/4D032CD4-2B9E-4513-B4E3-038D3132BB17.jpeg\",\"width\":1200,\"height\":800},{\"@type\":\"BreadcrumbList\",\"@id\":\"https:\/\/zyciebrzeska.pl\/?p=3194#breadcrumb\",\"itemListElement\":[{\"@type\":\"ListItem\",\"position\":1,\"name\":\"Home\",\"item\":\"https:\/\/zyciebrzeska.pl\/\"},{\"@type\":\"ListItem\",\"position\":2,\"name\":\"XVI SPARTAKIADA OS\u00d3B NIEPE\u0141NOSPRAWNYCH\"}]},{\"@type\":\"WebSite\",\"@id\":\"https:\/\/zyciebrzeska.pl\/#website\",\"url\":\"https:\/\/zyciebrzeska.pl\/\",\"name\":\"\u017bycie Brzeska\",\"description\":\"Portal Ludzi Aktywnych\",\"publisher\":{\"@id\":\"https:\/\/zyciebrzeska.pl\/#organization\"},\"potentialAction\":[{\"@type\":\"SearchAction\",\"target\":{\"@type\":\"EntryPoint\",\"urlTemplate\":\"https:\/\/zyciebrzeska.pl\/?s={search_term_string}\"},\"query-input\":\"required name=search_term_string\"}],\"inLanguage\":\"pl-PL\"},{\"@type\":\"Organization\",\"@id\":\"https:\/\/zyciebrzeska.pl\/#organization\",\"name\":\"\u017bycie Brzeska\",\"url\":\"https:\/\/zyciebrzeska.pl\/\",\"logo\":{\"@type\":\"ImageObject\",\"inLanguage\":\"pl-PL\",\"@id\":\"https:\/\/zyciebrzeska.pl\/#\/schema\/logo\/image\/\",\"url\":\"https:\/\/server818677.nazwa.pl\/wordpress\/wpn_pierwszainstalacja\/wp-content\/uploads\/2023\/06\/admin-ajax.php-2.png\",\"contentUrl\":\"https:\/\/server818677.nazwa.pl\/wordpress\/wpn_pierwszainstalacja\/wp-content\/uploads\/2023\/06\/admin-ajax.php-2.png\",\"width\":400,\"height\":133,\"caption\":\"\u017bycie Brzeska\"},\"image\":{\"@id\":\"https:\/\/zyciebrzeska.pl\/#\/schema\/logo\/image\/\"},\"sameAs\":[\"https:\/\/www.facebook.com\/brzeskoinfo\"]},{\"@type\":\"Person\",\"@id\":\"https:\/\/zyciebrzeska.pl\/#\/schema\/person\/4da1e536b1da05972f13052ec6594aff\",\"name\":\"Redaktor\",\"image\":{\"@type\":\"ImageObject\",\"inLanguage\":\"pl-PL\",\"@id\":\"https:\/\/zyciebrzeska.pl\/#\/schema\/person\/image\/\",\"url\":\"https:\/\/secure.gravatar.com\/avatar\/9564c163e08185c7e0f7d0141ae3914237cf629898e8534b3dd06bb95817ae0b?s=96&d=mm&r=g\",\"contentUrl\":\"https:\/\/secure.gravatar.com\/avatar\/9564c163e08185c7e0f7d0141ae3914237cf629898e8534b3dd06bb95817ae0b?s=96&d=mm&r=g\",\"caption\":\"Redaktor\"},\"sameAs\":[\"http:\/\/zyciebrzeska.pl\"],\"url\":\"https:\/\/zyciebrzeska.pl\/?author=1\"}]}<\/script>\n<!-- \/ Yoast SEO plugin. -->","yoast_head_json":{"title":"XVI SPARTAKIADA OS\u00d3B NIEPE\u0141NOSPRAWNYCH - \u017bycie Brzeska","robots":{"index":"index","follow":"follow","max-snippet":"max-snippet:-1","max-image-preview":"max-image-preview:large","max-video-preview":"max-video-preview:-1"},"canonical":"https:\/\/zyciebrzeska.pl\/?p=3194","og_locale":"pl_PL","og_type":"article","og_title":"XVI SPARTAKIADA OS\u00d3B NIEPE\u0141NOSPRAWNYCH - \u017bycie Brzeska","og_description":"5 \u00a0czerwca w Publicznej Szkole Podstawowej im. Jana Paw\u0142a II w Gnojniku odby\u0142a si\u0119 16. edycja spartakiady dla os\u00f3b niepe\u0142nosprawnych. Uczestnicy tegorocznej\u00a0imprezy reprezentowali Warsztaty Terapii Zaj\u0119ciowej z Sio\u0142kowa, D\u0105browy Tarnowskiej, \u0141apanowa, Prosz\u00f3wek, Brzeska, Dzier\u017canowa, Zawady Uszewskiej, Tarnowa i Str\u00f3\u017c\u00f3w. W rywalizacjach udzia\u0142 brali r\u00f3wnie\u017c zawodnicy ze \u015arodowiskowego Domu Samopomocy z \u0141ysej G\u00f3ry oraz z Domu [&hellip;]","og_url":"https:\/\/zyciebrzeska.pl\/?p=3194","og_site_name":"\u017bycie Brzeska","article_publisher":"https:\/\/www.facebook.com\/brzeskoinfo","article_published_time":"2019-06-06T08:57:20+00:00","og_image":[{"width":1200,"height":800,"url":"https:\/\/zyciebrzeska.pl\/wp-content\/uploads\/2019\/06\/4D032CD4-2B9E-4513-B4E3-038D3132BB17.jpeg","type":"image\/jpeg"}],"author":"Redaktor","twitter_card":"summary_large_image","twitter_misc":{"Napisane przez":"Redaktor","Szacowany czas czytania":"1 minuta"},"schema":{"@context":"https:\/\/schema.org","@graph":[{"@type":"Article","@id":"https:\/\/zyciebrzeska.pl\/?p=3194#article","isPartOf":{"@id":"https:\/\/zyciebrzeska.pl\/?p=3194"},"author":{"name":"Redaktor","@id":"https:\/\/zyciebrzeska.pl\/#\/schema\/person\/4da1e536b1da05972f13052ec6594aff"},"headline":"XVI SPARTAKIADA OS\u00d3B NIEPE\u0141NOSPRAWNYCH","datePublished":"2019-06-06T08:57:20+00:00","dateModified":"2019-06-06T08:57:20+00:00","mainEntityOfPage":{"@id":"https:\/\/zyciebrzeska.pl\/?p=3194"},"wordCount":162,"commentCount":0,"publisher":{"@id":"https:\/\/zyciebrzeska.pl\/#organization"},"image":{"@id":"https:\/\/zyciebrzeska.pl\/?p=3194#primaryimage"},"thumbnailUrl":"https:\/\/zyciebrzeska.pl\/wp-content\/uploads\/2019\/06\/4D032CD4-2B9E-4513-B4E3-038D3132BB17.jpeg","articleSection":["Wydarzenia"],"inLanguage":"pl-PL","potentialAction":[{"@type":"CommentAction","name":"Comment","target":["https:\/\/zyciebrzeska.pl\/?p=3194#respond"]}]},{"@type":"WebPage","@id":"https:\/\/zyciebrzeska.pl\/?p=3194","url":"https:\/\/zyciebrzeska.pl\/?p=3194","name":"XVI SPARTAKIADA OS\u00d3B NIEPE\u0141NOSPRAWNYCH - \u017bycie Brzeska","isPartOf":{"@id":"https:\/\/zyciebrzeska.pl\/#website"},"primaryImageOfPage":{"@id":"https:\/\/zyciebrzeska.pl\/?p=3194#primaryimage"},"image":{"@id":"https:\/\/zyciebrzeska.pl\/?p=3194#primaryimage"},"thumbnailUrl":"https:\/\/zyciebrzeska.pl\/wp-content\/uploads\/2019\/06\/4D032CD4-2B9E-4513-B4E3-038D3132BB17.jpeg","datePublished":"2019-06-06T08:57:20+00:00","dateModified":"2019-06-06T08:57:20+00:00","breadcrumb":{"@id":"https:\/\/zyciebrzeska.pl\/?p=3194#breadcrumb"},"inLanguage":"pl-PL","potentialAction":[{"@type":"ReadAction","target":["https:\/\/zyciebrzeska.pl\/?p=3194"]}]},{"@type":"ImageObject","inLanguage":"pl-PL","@id":"https:\/\/zyciebrzeska.pl\/?p=3194#primaryimage","url":"https:\/\/zyciebrzeska.pl\/wp-content\/uploads\/2019\/06\/4D032CD4-2B9E-4513-B4E3-038D3132BB17.jpeg","contentUrl":"https:\/\/zyciebrzeska.pl\/wp-content\/uploads\/2019\/06\/4D032CD4-2B9E-4513-B4E3-038D3132BB17.jpeg","width":1200,"height":800},{"@type":"BreadcrumbList","@id":"https:\/\/zyciebrzeska.pl\/?p=3194#breadcrumb","itemListElement":[{"@type":"ListItem","position":1,"name":"Home","item":"https:\/\/zyciebrzeska.pl\/"},{"@type":"ListItem","position":2,"name":"XVI SPARTAKIADA OS\u00d3B NIEPE\u0141NOSPRAWNYCH"}]},{"@type":"WebSite","@id":"https:\/\/zyciebrzeska.pl\/#website","url":"https:\/\/zyciebrzeska.pl\/","name":"\u017bycie Brzeska","description":"Portal Ludzi Aktywnych","publisher":{"@id":"https:\/\/zyciebrzeska.pl\/#organization"},"potentialAction":[{"@type":"SearchAction","target":{"@type":"EntryPoint","urlTemplate":"https:\/\/zyciebrzeska.pl\/?s={search_term_string}"},"query-input":"required name=search_term_string"}],"inLanguage":"pl-PL"},{"@type":"Organization","@id":"https:\/\/zyciebrzeska.pl\/#organization","name":"\u017bycie Brzeska","url":"https:\/\/zyciebrzeska.pl\/","logo":{"@type":"ImageObject","inLanguage":"pl-PL","@id":"https:\/\/zyciebrzeska.pl\/#\/schema\/logo\/image\/","url":"https:\/\/server818677.nazwa.pl\/wordpress\/wpn_pierwszainstalacja\/wp-content\/uploads\/2023\/06\/admin-ajax.php-2.png","contentUrl":"https:\/\/server818677.nazwa.pl\/wordpress\/wpn_pierwszainstalacja\/wp-content\/uploads\/2023\/06\/admin-ajax.php-2.png","width":400,"height":133,"caption":"\u017bycie Brzeska"},"image":{"@id":"https:\/\/zyciebrzeska.pl\/#\/schema\/logo\/image\/"},"sameAs":["https:\/\/www.facebook.com\/brzeskoinfo"]},{"@type":"Person","@id":"https:\/\/zyciebrzeska.pl\/#\/schema\/person\/4da1e536b1da05972f13052ec6594aff","name":"Redaktor","image":{"@type":"ImageObject","inLanguage":"pl-PL","@id":"https:\/\/zyciebrzeska.pl\/#\/schema\/person\/image\/","url":"https:\/\/secure.gravatar.com\/avatar\/9564c163e08185c7e0f7d0141ae3914237cf629898e8534b3dd06bb95817ae0b?s=96&d=mm&r=g","contentUrl":"https:\/\/secure.gravatar.com\/avatar\/9564c163e08185c7e0f7d0141ae3914237cf629898e8534b3dd06bb95817ae0b?s=96&d=mm&r=g","caption":"Redaktor"},"sameAs":["http:\/\/zyciebrzeska.pl"],"url":"https:\/\/zyciebrzeska.pl\/?author=1"}]}},"_links":{"self":[{"href":"https:\/\/zyciebrzeska.pl\/index.php?rest_route=\/wp\/v2\/posts\/3194","targetHints":{"allow":["GET"]}}],"collection":[{"href":"https:\/\/zyciebrzeska.pl\/index.php?rest_route=\/wp\/v2\/posts"}],"about":[{"href":"https:\/\/zyciebrzeska.pl\/index.php?rest_route=\/wp\/v2\/types\/post"}],"author":[{"embeddable":true,"href":"https:\/\/zyciebrzeska.pl\/index.php?rest_route=\/wp\/v2\/users\/1"}],"replies":[{"embeddable":true,"href":"https:\/\/zyciebrzeska.pl\/index.php?rest_route=%2Fwp%2Fv2%2Fcomments&post=3194"}],"version-history":[{"count":0,"href":"https:\/\/zyciebrzeska.pl\/index.php?rest_route=\/wp\/v2\/posts\/3194\/revisions"}],"wp:featuredmedia":[{"embeddable":true,"href":"https:\/\/zyciebrzeska.pl\/index.php?rest_route=\/wp\/v2\/media\/3197"}],"wp:attachment":[{"href":"https:\/\/zyciebrzeska.pl\/index.php?rest_route=%2Fwp%2Fv2%2Fmedia&parent=3194"}],"wp:term":[{"taxonomy":"category","embeddable":true,"href":"https:\/\/zyciebrzeska.pl\/index.php?rest_route=%2Fwp%2Fv2%2Fcategories&post=3194"},{"taxonomy":"post_tag","embeddable":true,"href":"https:\/\/zyciebrzeska.pl\/index.php?rest_route=%2Fwp%2Fv2%2Ftags&post=3194"}],"curies":[{"name":"wp","href":"https:\/\/api.w.org\/{rel}","templated":true}]}}