{"id":3187,"date":"2019-06-05T11:55:39","date_gmt":"2019-06-05T11:55:39","guid":{"rendered":"https:\/\/zyciebrzeska.pl\/?p=3187"},"modified":"2019-06-05T11:55:39","modified_gmt":"2019-06-05T11:55:39","slug":"13-16-czerwca-2019-brzesko-okocim-festiwal","status":"publish","type":"post","link":"https:\/\/zyciebrzeska.pl\/?p=3187","title":{"rendered":"13 \u2013 16 CZERWCA 2019 \u2013 BRZESKO OKOCIM FESTIWAL"},"content":{"rendered":"\n<p>Burmistrz Brzeska Tomasz Latocha, starosta Andrzej Pot\u0119pa i Miejski O\u015brodek Kultury zapraszaj\u0105 na cykl imprez przygotowanych w ramach Brzesko Okocim Festiwal, kt\u00f3ry trwa\u0107 b\u0119dzie w dniach od 13 do 16 czerwca 2019 roku.<\/p>\n\n\n\n<p><strong>14 czerwca<\/strong>\u00a0w parku przy pa\u0142acu Goetz\u00f3w Okocimskich odb\u0119dzie si\u0119 koncert Jose Torresa z zespo\u0142em Havana Dreams. Pocz\u0105tek koncertu o godzinie 18.00.<br>Jose Torres to pochodz\u0105cy z Kuby artysta, wirtuoz instrument\u00f3w perkusyjnych od wielu lat mieszka w Polsce. Wyst\u0119puj\u0105c od ponad 25 lat na polskiej scenie muzycznej wsp\u00f3\u0142pracowa\u0142 z wieloma gwiazdami estrady m.in. Maryl\u0105 Rodowicz, Kayah, Ew\u0105 Bem, Urszul\u0105, grup\u0105 Maanam, Ryszardem Rynkowskim, Stanis\u0142awem Soyk\u0105, Grzegorzem Ciechowskim, Raz Dwa Trzy, Mietkiem Szcze\u015bniakiem, Blue Cafe i wieloma innymi. Koncertowa\u0142 i nagrywa\u0142 r\u00f3wnie\u017c z czo\u0142\u00f3wk\u0105 muzyk\u00f3w jazzowych \u2013 Tomaszem Sta\u0144ko, Wojciechem Karolakiem, Zbigniewem Namys\u0142owskim, Jaros\u0142awem \u015amietan\u0105, Leszkiem Mo\u017cd\u017cerem. Bra\u0142 udzia\u0142 w ponad pi\u0119\u0107dziesi\u0119ciu nagraniach p\u0142ytowych polskich wykonawc\u00f3w a tak\u017ce w nagraniach muzyki filmowej, m.in. \u201eKrew i wino\u201d z Jackiem Nicholsonem, \u201eBandyta\u201d, \u201ePrawo ojca\u201d. Od ponad 25 lat zajmuje pierwsze miejsce w ankiecie na najpopularniejszego muzyka roku w kategorii \u201einstrumenty perkusyjne\u201d, kt\u00f3r\u0105 corocznie organizuje najstarsze i najbardziej renomowane czasopismo muzyczne \u201eJazz Forum\u201d.<\/p>\n\n\n\n<p><strong>15 czerwca<\/strong>&nbsp;na brzeskim Rynku zagra Strauss Symphonic Orchestra, pocz\u0105tek koncertu o godzinie 21.00. Widzowie koncertu wys\u0142uchaj\u0105 utwor\u00f3w Johanna Strausa, Gioachino Rossiniego, Franza Lehara, Georga Bizeta, Antniego Dvoraka i Giuseppe Verdiego.<\/p>\n\n\n\n<p><strong>16 czerwca<\/strong>&nbsp;na Placu Kazimierza Wielkiego, od godziny 15.15 rozpocznie si\u0119 cykl muzycznych imprez, kt\u00f3rym towarzyszy\u0107 b\u0119d\u0105 warsztaty artystyczne, bazar indyjski, organizatorzy przygotowali tak\u017ce konkursy i niespodzianki dla dzieci.<br>O godzinie 14.00 w ogr\u00f3dku jordanowskim odb\u0119dzie si\u0119 konkurs na najsympatyczniejszego psa, a na scenie przy Placu Kazimierza Wielkiego odbywa\u0107 si\u0119 b\u0119d\u0119 koncerty. Wyst\u0105pi\u0105 m\u0142odzi arty\u015bci z MOK, Flowers of Angels, zespo\u0142y Na Faktur\u0119, Coco Afro, Hrabina Lulu. Na godzin\u0119 21.00 zaplanowano koncert gwiazdy wieczoru \u2013 zespo\u0142u D\u017cem, dwie godziny p\u00f3\u017aniej odb\u0119dzie si\u0119 pokaz pirotechniczno-laserowy.<\/p>\n\n\n\n<p><strong>Imprezy towarzysz\u0105ce<\/strong><br>13 czerwca, w Regionalnym Centrum Kulturalno-Bibliotecznym otwarta zostanie wystawa malarstwa Janusz Mytkowicza \u201eP\u00f3\u0142 na p\u00f3\u0142\u201d.<br>14 czerwca, w pa\u0142acu Goetz\u00f3w Okocimskich otwarta zostanie wystawa fotografii Ma\u0142gorzaty Du\u015bko-Shekar \u201eKuba 2007\u201d.<\/p>\n\n\n\n<ul class=\"wp-block-gallery columns-3 is-cropped wp-block-gallery-2 is-layout-flex wp-block-gallery-is-layout-flex\"><li class=\"blocks-gallery-item\"><figure><img loading=\"lazy\" decoding=\"async\" width=\"724\" height=\"1024\" src=\"https:\/\/server818677.nazwa.pl\/wordpress\/wpn_pierwszainstalacja\/wp-content\/uploads\/2019\/06\/00F0F34A-AE31-49B0-B0D9-2C256595E1D8-724x1024.jpeg\" alt=\"\" data-id=\"3188\" data-link=\"https:\/\/zyciebrzeska.pl\/?attachment_id=3188\" class=\"wp-image-3188\" srcset=\"https:\/\/zyciebrzeska.pl\/wp-content\/uploads\/2019\/06\/00F0F34A-AE31-49B0-B0D9-2C256595E1D8-724x1024.jpeg 724w, https:\/\/zyciebrzeska.pl\/wp-content\/uploads\/2019\/06\/00F0F34A-AE31-49B0-B0D9-2C256595E1D8-212x300.jpeg 212w, https:\/\/zyciebrzeska.pl\/wp-content\/uploads\/2019\/06\/00F0F34A-AE31-49B0-B0D9-2C256595E1D8-768x1087.jpeg 768w, https:\/\/zyciebrzeska.pl\/wp-content\/uploads\/2019\/06\/00F0F34A-AE31-49B0-B0D9-2C256595E1D8.jpeg 848w\" sizes=\"auto, (max-width: 724px) 100vw, 724px\" \/><\/figure><\/li><li class=\"blocks-gallery-item\"><figure><img loading=\"lazy\" decoding=\"async\" width=\"724\" height=\"1024\" src=\"https:\/\/server818677.nazwa.pl\/wordpress\/wpn_pierwszainstalacja\/wp-content\/uploads\/2019\/06\/FCDE7C13-5CCD-45B5-9606-686C3D00ED71-724x1024.png\" alt=\"\" data-id=\"3189\" data-link=\"https:\/\/zyciebrzeska.pl\/?attachment_id=3189\" class=\"wp-image-3189\" srcset=\"https:\/\/zyciebrzeska.pl\/wp-content\/uploads\/2019\/06\/FCDE7C13-5CCD-45B5-9606-686C3D00ED71-724x1024.png 724w, https:\/\/zyciebrzeska.pl\/wp-content\/uploads\/2019\/06\/FCDE7C13-5CCD-45B5-9606-686C3D00ED71-212x300.png 212w, https:\/\/zyciebrzeska.pl\/wp-content\/uploads\/2019\/06\/FCDE7C13-5CCD-45B5-9606-686C3D00ED71-768x1086.png 768w, https:\/\/zyciebrzeska.pl\/wp-content\/uploads\/2019\/06\/FCDE7C13-5CCD-45B5-9606-686C3D00ED71.png 849w\" sizes=\"auto, (max-width: 724px) 100vw, 724px\" \/><\/figure><\/li><li class=\"blocks-gallery-item\"><figure><img loading=\"lazy\" decoding=\"async\" width=\"724\" height=\"1024\" src=\"https:\/\/server818677.nazwa.pl\/wordpress\/wpn_pierwszainstalacja\/wp-content\/uploads\/2019\/06\/1A953F29-D735-4796-B6DF-B6A541B22ED1-724x1024.jpeg\" alt=\"\" data-id=\"3190\" data-link=\"https:\/\/zyciebrzeska.pl\/?attachment_id=3190\" class=\"wp-image-3190\" srcset=\"https:\/\/zyciebrzeska.pl\/wp-content\/uploads\/2019\/06\/1A953F29-D735-4796-B6DF-B6A541B22ED1-724x1024.jpeg 724w, https:\/\/zyciebrzeska.pl\/wp-content\/uploads\/2019\/06\/1A953F29-D735-4796-B6DF-B6A541B22ED1-212x300.jpeg 212w, https:\/\/zyciebrzeska.pl\/wp-content\/uploads\/2019\/06\/1A953F29-D735-4796-B6DF-B6A541B22ED1-768x1087.jpeg 768w, https:\/\/zyciebrzeska.pl\/wp-content\/uploads\/2019\/06\/1A953F29-D735-4796-B6DF-B6A541B22ED1.jpeg 848w\" sizes=\"auto, (max-width: 724px) 100vw, 724px\" \/><\/figure><\/li><li class=\"blocks-gallery-item\"><figure><img loading=\"lazy\" decoding=\"async\" width=\"724\" height=\"1024\" src=\"https:\/\/server818677.nazwa.pl\/wordpress\/wpn_pierwszainstalacja\/wp-content\/uploads\/2019\/06\/00222A71-7380-433F-8232-EFEAA206DADC-724x1024.jpeg\" alt=\"\" data-id=\"3191\" data-link=\"https:\/\/zyciebrzeska.pl\/?attachment_id=3191\" class=\"wp-image-3191\" srcset=\"https:\/\/zyciebrzeska.pl\/wp-content\/uploads\/2019\/06\/00222A71-7380-433F-8232-EFEAA206DADC-724x1024.jpeg 724w, https:\/\/zyciebrzeska.pl\/wp-content\/uploads\/2019\/06\/00222A71-7380-433F-8232-EFEAA206DADC-212x300.jpeg 212w, https:\/\/zyciebrzeska.pl\/wp-content\/uploads\/2019\/06\/00222A71-7380-433F-8232-EFEAA206DADC-768x1087.jpeg 768w, https:\/\/zyciebrzeska.pl\/wp-content\/uploads\/2019\/06\/00222A71-7380-433F-8232-EFEAA206DADC.jpeg 848w\" sizes=\"auto, (max-width: 724px) 100vw, 724px\" \/><\/figure><\/li><\/ul>\n\n\n\n<p>Brzesko.pl<\/p>\n","protected":false},"excerpt":{"rendered":"<p>Burmistrz Brzeska Tomasz Latocha, starosta Andrzej Pot\u0119pa i Miejski O\u015brodek Kultury zapraszaj\u0105 na cykl imprez przygotowanych w ramach Brzesko Okocim Festiwal, kt\u00f3ry trwa\u0107 b\u0119dzie w dniach od 13 do 16 czerwca 2019 roku. 14 czerwca\u00a0w parku przy pa\u0142acu Goetz\u00f3w Okocimskich odb\u0119dzie si\u0119 koncert Jose Torresa z zespo\u0142em Havana Dreams. Pocz\u0105tek koncertu o godzinie 18.00.Jose Torres [&hellip;]<\/p>\n","protected":false},"author":1,"featured_media":3192,"comment_status":"open","ping_status":"open","sticky":false,"template":"","format":"standard","meta":{"tdm_status":"","tdm_grid_status":"","footnotes":""},"categories":[10],"tags":[],"class_list":{"0":"post-3187","1":"post","2":"type-post","3":"status-publish","4":"format-standard","5":"has-post-thumbnail","7":"category-wydarzenia"},"yoast_head":"<!-- This site is optimized with the Yoast SEO plugin v22.2 - https:\/\/yoast.com\/wordpress\/plugins\/seo\/ -->\n<title>13 \u2013 16 CZERWCA 2019 \u2013 BRZESKO OKOCIM FESTIWAL - \u017bycie Brzeska<\/title>\n<meta name=\"robots\" content=\"index, follow, max-snippet:-1, max-image-preview:large, max-video-preview:-1\" \/>\n<link rel=\"canonical\" href=\"https:\/\/zyciebrzeska.pl\/?p=3187\" \/>\n<meta property=\"og:locale\" content=\"pl_PL\" \/>\n<meta property=\"og:type\" content=\"article\" \/>\n<meta property=\"og:title\" content=\"13 \u2013 16 CZERWCA 2019 \u2013 BRZESKO OKOCIM FESTIWAL - \u017bycie Brzeska\" \/>\n<meta property=\"og:description\" content=\"Burmistrz Brzeska Tomasz Latocha, starosta Andrzej Pot\u0119pa i Miejski O\u015brodek Kultury zapraszaj\u0105 na cykl imprez przygotowanych w ramach Brzesko Okocim Festiwal, kt\u00f3ry trwa\u0107 b\u0119dzie w dniach od 13 do 16 czerwca 2019 roku. 14 czerwca\u00a0w parku przy pa\u0142acu Goetz\u00f3w Okocimskich odb\u0119dzie si\u0119 koncert Jose Torresa z zespo\u0142em Havana Dreams. Pocz\u0105tek koncertu o godzinie 18.00.Jose Torres [&hellip;]\" \/>\n<meta property=\"og:url\" content=\"https:\/\/zyciebrzeska.pl\/?p=3187\" \/>\n<meta property=\"og:site_name\" content=\"\u017bycie Brzeska\" \/>\n<meta property=\"article:publisher\" content=\"https:\/\/www.facebook.com\/brzeskoinfo\" \/>\n<meta property=\"article:published_time\" content=\"2019-06-05T11:55:39+00:00\" \/>\n<meta property=\"og:image\" content=\"https:\/\/zyciebrzeska.pl\/wp-content\/uploads\/2019\/06\/4E70B3F0-2101-453A-B198-C4161594404A.jpeg\" \/>\n\t<meta property=\"og:image:width\" content=\"630\" \/>\n\t<meta property=\"og:image:height\" content=\"418\" \/>\n\t<meta property=\"og:image:type\" content=\"image\/jpeg\" \/>\n<meta name=\"author\" content=\"Redaktor\" \/>\n<meta name=\"twitter:card\" content=\"summary_large_image\" \/>\n<meta name=\"twitter:label1\" content=\"Napisane przez\" \/>\n\t<meta name=\"twitter:data1\" content=\"Redaktor\" \/>\n\t<meta name=\"twitter:label2\" content=\"Szacowany czas czytania\" \/>\n\t<meta name=\"twitter:data2\" content=\"2 minuty\" \/>\n<script type=\"application\/ld+json\" class=\"yoast-schema-graph\">{\"@context\":\"https:\/\/schema.org\",\"@graph\":[{\"@type\":\"Article\",\"@id\":\"https:\/\/zyciebrzeska.pl\/?p=3187#article\",\"isPartOf\":{\"@id\":\"https:\/\/zyciebrzeska.pl\/?p=3187\"},\"author\":{\"name\":\"Redaktor\",\"@id\":\"https:\/\/zyciebrzeska.pl\/#\/schema\/person\/4da1e536b1da05972f13052ec6594aff\"},\"headline\":\"13 \u2013 16 CZERWCA 2019 \u2013 BRZESKO OKOCIM FESTIWAL\",\"datePublished\":\"2019-06-05T11:55:39+00:00\",\"dateModified\":\"2019-06-05T11:55:39+00:00\",\"mainEntityOfPage\":{\"@id\":\"https:\/\/zyciebrzeska.pl\/?p=3187\"},\"wordCount\":372,\"commentCount\":0,\"publisher\":{\"@id\":\"https:\/\/zyciebrzeska.pl\/#organization\"},\"image\":{\"@id\":\"https:\/\/zyciebrzeska.pl\/?p=3187#primaryimage\"},\"thumbnailUrl\":\"https:\/\/zyciebrzeska.pl\/wp-content\/uploads\/2019\/06\/4E70B3F0-2101-453A-B198-C4161594404A.jpeg\",\"articleSection\":[\"Wydarzenia\"],\"inLanguage\":\"pl-PL\",\"potentialAction\":[{\"@type\":\"CommentAction\",\"name\":\"Comment\",\"target\":[\"https:\/\/zyciebrzeska.pl\/?p=3187#respond\"]}]},{\"@type\":\"WebPage\",\"@id\":\"https:\/\/zyciebrzeska.pl\/?p=3187\",\"url\":\"https:\/\/zyciebrzeska.pl\/?p=3187\",\"name\":\"13 \u2013 16 CZERWCA 2019 \u2013 BRZESKO OKOCIM FESTIWAL - \u017bycie Brzeska\",\"isPartOf\":{\"@id\":\"https:\/\/zyciebrzeska.pl\/#website\"},\"primaryImageOfPage\":{\"@id\":\"https:\/\/zyciebrzeska.pl\/?p=3187#primaryimage\"},\"image\":{\"@id\":\"https:\/\/zyciebrzeska.pl\/?p=3187#primaryimage\"},\"thumbnailUrl\":\"https:\/\/zyciebrzeska.pl\/wp-content\/uploads\/2019\/06\/4E70B3F0-2101-453A-B198-C4161594404A.jpeg\",\"datePublished\":\"2019-06-05T11:55:39+00:00\",\"dateModified\":\"2019-06-05T11:55:39+00:00\",\"breadcrumb\":{\"@id\":\"https:\/\/zyciebrzeska.pl\/?p=3187#breadcrumb\"},\"inLanguage\":\"pl-PL\",\"potentialAction\":[{\"@type\":\"ReadAction\",\"target\":[\"https:\/\/zyciebrzeska.pl\/?p=3187\"]}]},{\"@type\":\"ImageObject\",\"inLanguage\":\"pl-PL\",\"@id\":\"https:\/\/zyciebrzeska.pl\/?p=3187#primaryimage\",\"url\":\"https:\/\/zyciebrzeska.pl\/wp-content\/uploads\/2019\/06\/4E70B3F0-2101-453A-B198-C4161594404A.jpeg\",\"contentUrl\":\"https:\/\/zyciebrzeska.pl\/wp-content\/uploads\/2019\/06\/4E70B3F0-2101-453A-B198-C4161594404A.jpeg\",\"width\":630,\"height\":418},{\"@type\":\"BreadcrumbList\",\"@id\":\"https:\/\/zyciebrzeska.pl\/?p=3187#breadcrumb\",\"itemListElement\":[{\"@type\":\"ListItem\",\"position\":1,\"name\":\"Home\",\"item\":\"https:\/\/zyciebrzeska.pl\/\"},{\"@type\":\"ListItem\",\"position\":2,\"name\":\"13 \u2013 16 CZERWCA 2019 \u2013 BRZESKO OKOCIM FESTIWAL\"}]},{\"@type\":\"WebSite\",\"@id\":\"https:\/\/zyciebrzeska.pl\/#website\",\"url\":\"https:\/\/zyciebrzeska.pl\/\",\"name\":\"\u017bycie Brzeska\",\"description\":\"Portal Ludzi Aktywnych\",\"publisher\":{\"@id\":\"https:\/\/zyciebrzeska.pl\/#organization\"},\"potentialAction\":[{\"@type\":\"SearchAction\",\"target\":{\"@type\":\"EntryPoint\",\"urlTemplate\":\"https:\/\/zyciebrzeska.pl\/?s={search_term_string}\"},\"query-input\":\"required name=search_term_string\"}],\"inLanguage\":\"pl-PL\"},{\"@type\":\"Organization\",\"@id\":\"https:\/\/zyciebrzeska.pl\/#organization\",\"name\":\"\u017bycie Brzeska\",\"url\":\"https:\/\/zyciebrzeska.pl\/\",\"logo\":{\"@type\":\"ImageObject\",\"inLanguage\":\"pl-PL\",\"@id\":\"https:\/\/zyciebrzeska.pl\/#\/schema\/logo\/image\/\",\"url\":\"https:\/\/server818677.nazwa.pl\/wordpress\/wpn_pierwszainstalacja\/wp-content\/uploads\/2023\/06\/admin-ajax.php-2.png\",\"contentUrl\":\"https:\/\/server818677.nazwa.pl\/wordpress\/wpn_pierwszainstalacja\/wp-content\/uploads\/2023\/06\/admin-ajax.php-2.png\",\"width\":400,\"height\":133,\"caption\":\"\u017bycie Brzeska\"},\"image\":{\"@id\":\"https:\/\/zyciebrzeska.pl\/#\/schema\/logo\/image\/\"},\"sameAs\":[\"https:\/\/www.facebook.com\/brzeskoinfo\"]},{\"@type\":\"Person\",\"@id\":\"https:\/\/zyciebrzeska.pl\/#\/schema\/person\/4da1e536b1da05972f13052ec6594aff\",\"name\":\"Redaktor\",\"image\":{\"@type\":\"ImageObject\",\"inLanguage\":\"pl-PL\",\"@id\":\"https:\/\/zyciebrzeska.pl\/#\/schema\/person\/image\/\",\"url\":\"https:\/\/secure.gravatar.com\/avatar\/9564c163e08185c7e0f7d0141ae3914237cf629898e8534b3dd06bb95817ae0b?s=96&d=mm&r=g\",\"contentUrl\":\"https:\/\/secure.gravatar.com\/avatar\/9564c163e08185c7e0f7d0141ae3914237cf629898e8534b3dd06bb95817ae0b?s=96&d=mm&r=g\",\"caption\":\"Redaktor\"},\"sameAs\":[\"http:\/\/zyciebrzeska.pl\"],\"url\":\"https:\/\/zyciebrzeska.pl\/?author=1\"}]}<\/script>\n<!-- \/ Yoast SEO plugin. -->","yoast_head_json":{"title":"13 \u2013 16 CZERWCA 2019 \u2013 BRZESKO OKOCIM FESTIWAL - \u017bycie Brzeska","robots":{"index":"index","follow":"follow","max-snippet":"max-snippet:-1","max-image-preview":"max-image-preview:large","max-video-preview":"max-video-preview:-1"},"canonical":"https:\/\/zyciebrzeska.pl\/?p=3187","og_locale":"pl_PL","og_type":"article","og_title":"13 \u2013 16 CZERWCA 2019 \u2013 BRZESKO OKOCIM FESTIWAL - \u017bycie Brzeska","og_description":"Burmistrz Brzeska Tomasz Latocha, starosta Andrzej Pot\u0119pa i Miejski O\u015brodek Kultury zapraszaj\u0105 na cykl imprez przygotowanych w ramach Brzesko Okocim Festiwal, kt\u00f3ry trwa\u0107 b\u0119dzie w dniach od 13 do 16 czerwca 2019 roku. 14 czerwca\u00a0w parku przy pa\u0142acu Goetz\u00f3w Okocimskich odb\u0119dzie si\u0119 koncert Jose Torresa z zespo\u0142em Havana Dreams. Pocz\u0105tek koncertu o godzinie 18.00.Jose Torres [&hellip;]","og_url":"https:\/\/zyciebrzeska.pl\/?p=3187","og_site_name":"\u017bycie Brzeska","article_publisher":"https:\/\/www.facebook.com\/brzeskoinfo","article_published_time":"2019-06-05T11:55:39+00:00","og_image":[{"width":630,"height":418,"url":"https:\/\/zyciebrzeska.pl\/wp-content\/uploads\/2019\/06\/4E70B3F0-2101-453A-B198-C4161594404A.jpeg","type":"image\/jpeg"}],"author":"Redaktor","twitter_card":"summary_large_image","twitter_misc":{"Napisane przez":"Redaktor","Szacowany czas czytania":"2 minuty"},"schema":{"@context":"https:\/\/schema.org","@graph":[{"@type":"Article","@id":"https:\/\/zyciebrzeska.pl\/?p=3187#article","isPartOf":{"@id":"https:\/\/zyciebrzeska.pl\/?p=3187"},"author":{"name":"Redaktor","@id":"https:\/\/zyciebrzeska.pl\/#\/schema\/person\/4da1e536b1da05972f13052ec6594aff"},"headline":"13 \u2013 16 CZERWCA 2019 \u2013 BRZESKO OKOCIM FESTIWAL","datePublished":"2019-06-05T11:55:39+00:00","dateModified":"2019-06-05T11:55:39+00:00","mainEntityOfPage":{"@id":"https:\/\/zyciebrzeska.pl\/?p=3187"},"wordCount":372,"commentCount":0,"publisher":{"@id":"https:\/\/zyciebrzeska.pl\/#organization"},"image":{"@id":"https:\/\/zyciebrzeska.pl\/?p=3187#primaryimage"},"thumbnailUrl":"https:\/\/zyciebrzeska.pl\/wp-content\/uploads\/2019\/06\/4E70B3F0-2101-453A-B198-C4161594404A.jpeg","articleSection":["Wydarzenia"],"inLanguage":"pl-PL","potentialAction":[{"@type":"CommentAction","name":"Comment","target":["https:\/\/zyciebrzeska.pl\/?p=3187#respond"]}]},{"@type":"WebPage","@id":"https:\/\/zyciebrzeska.pl\/?p=3187","url":"https:\/\/zyciebrzeska.pl\/?p=3187","name":"13 \u2013 16 CZERWCA 2019 \u2013 BRZESKO OKOCIM FESTIWAL - \u017bycie Brzeska","isPartOf":{"@id":"https:\/\/zyciebrzeska.pl\/#website"},"primaryImageOfPage":{"@id":"https:\/\/zyciebrzeska.pl\/?p=3187#primaryimage"},"image":{"@id":"https:\/\/zyciebrzeska.pl\/?p=3187#primaryimage"},"thumbnailUrl":"https:\/\/zyciebrzeska.pl\/wp-content\/uploads\/2019\/06\/4E70B3F0-2101-453A-B198-C4161594404A.jpeg","datePublished":"2019-06-05T11:55:39+00:00","dateModified":"2019-06-05T11:55:39+00:00","breadcrumb":{"@id":"https:\/\/zyciebrzeska.pl\/?p=3187#breadcrumb"},"inLanguage":"pl-PL","potentialAction":[{"@type":"ReadAction","target":["https:\/\/zyciebrzeska.pl\/?p=3187"]}]},{"@type":"ImageObject","inLanguage":"pl-PL","@id":"https:\/\/zyciebrzeska.pl\/?p=3187#primaryimage","url":"https:\/\/zyciebrzeska.pl\/wp-content\/uploads\/2019\/06\/4E70B3F0-2101-453A-B198-C4161594404A.jpeg","contentUrl":"https:\/\/zyciebrzeska.pl\/wp-content\/uploads\/2019\/06\/4E70B3F0-2101-453A-B198-C4161594404A.jpeg","width":630,"height":418},{"@type":"BreadcrumbList","@id":"https:\/\/zyciebrzeska.pl\/?p=3187#breadcrumb","itemListElement":[{"@type":"ListItem","position":1,"name":"Home","item":"https:\/\/zyciebrzeska.pl\/"},{"@type":"ListItem","position":2,"name":"13 \u2013 16 CZERWCA 2019 \u2013 BRZESKO OKOCIM FESTIWAL"}]},{"@type":"WebSite","@id":"https:\/\/zyciebrzeska.pl\/#website","url":"https:\/\/zyciebrzeska.pl\/","name":"\u017bycie Brzeska","description":"Portal Ludzi Aktywnych","publisher":{"@id":"https:\/\/zyciebrzeska.pl\/#organization"},"potentialAction":[{"@type":"SearchAction","target":{"@type":"EntryPoint","urlTemplate":"https:\/\/zyciebrzeska.pl\/?s={search_term_string}"},"query-input":"required name=search_term_string"}],"inLanguage":"pl-PL"},{"@type":"Organization","@id":"https:\/\/zyciebrzeska.pl\/#organization","name":"\u017bycie Brzeska","url":"https:\/\/zyciebrzeska.pl\/","logo":{"@type":"ImageObject","inLanguage":"pl-PL","@id":"https:\/\/zyciebrzeska.pl\/#\/schema\/logo\/image\/","url":"https:\/\/server818677.nazwa.pl\/wordpress\/wpn_pierwszainstalacja\/wp-content\/uploads\/2023\/06\/admin-ajax.php-2.png","contentUrl":"https:\/\/server818677.nazwa.pl\/wordpress\/wpn_pierwszainstalacja\/wp-content\/uploads\/2023\/06\/admin-ajax.php-2.png","width":400,"height":133,"caption":"\u017bycie Brzeska"},"image":{"@id":"https:\/\/zyciebrzeska.pl\/#\/schema\/logo\/image\/"},"sameAs":["https:\/\/www.facebook.com\/brzeskoinfo"]},{"@type":"Person","@id":"https:\/\/zyciebrzeska.pl\/#\/schema\/person\/4da1e536b1da05972f13052ec6594aff","name":"Redaktor","image":{"@type":"ImageObject","inLanguage":"pl-PL","@id":"https:\/\/zyciebrzeska.pl\/#\/schema\/person\/image\/","url":"https:\/\/secure.gravatar.com\/avatar\/9564c163e08185c7e0f7d0141ae3914237cf629898e8534b3dd06bb95817ae0b?s=96&d=mm&r=g","contentUrl":"https:\/\/secure.gravatar.com\/avatar\/9564c163e08185c7e0f7d0141ae3914237cf629898e8534b3dd06bb95817ae0b?s=96&d=mm&r=g","caption":"Redaktor"},"sameAs":["http:\/\/zyciebrzeska.pl"],"url":"https:\/\/zyciebrzeska.pl\/?author=1"}]}},"_links":{"self":[{"href":"https:\/\/zyciebrzeska.pl\/index.php?rest_route=\/wp\/v2\/posts\/3187","targetHints":{"allow":["GET"]}}],"collection":[{"href":"https:\/\/zyciebrzeska.pl\/index.php?rest_route=\/wp\/v2\/posts"}],"about":[{"href":"https:\/\/zyciebrzeska.pl\/index.php?rest_route=\/wp\/v2\/types\/post"}],"author":[{"embeddable":true,"href":"https:\/\/zyciebrzeska.pl\/index.php?rest_route=\/wp\/v2\/users\/1"}],"replies":[{"embeddable":true,"href":"https:\/\/zyciebrzeska.pl\/index.php?rest_route=%2Fwp%2Fv2%2Fcomments&post=3187"}],"version-history":[{"count":0,"href":"https:\/\/zyciebrzeska.pl\/index.php?rest_route=\/wp\/v2\/posts\/3187\/revisions"}],"wp:featuredmedia":[{"embeddable":true,"href":"https:\/\/zyciebrzeska.pl\/index.php?rest_route=\/wp\/v2\/media\/3192"}],"wp:attachment":[{"href":"https:\/\/zyciebrzeska.pl\/index.php?rest_route=%2Fwp%2Fv2%2Fmedia&parent=3187"}],"wp:term":[{"taxonomy":"category","embeddable":true,"href":"https:\/\/zyciebrzeska.pl\/index.php?rest_route=%2Fwp%2Fv2%2Fcategories&post=3187"},{"taxonomy":"post_tag","embeddable":true,"href":"https:\/\/zyciebrzeska.pl\/index.php?rest_route=%2Fwp%2Fv2%2Ftags&post=3187"}],"curies":[{"name":"wp","href":"https:\/\/api.w.org\/{rel}","templated":true}]}}