{"id":3174,"date":"2019-06-02T19:25:16","date_gmt":"2019-06-02T19:25:16","guid":{"rendered":"https:\/\/zyciebrzeska.pl\/?p=3174"},"modified":"2019-06-02T19:25:16","modified_gmt":"2019-06-02T19:25:16","slug":"prezes-zjednoczenia-chrzescijanskich-rodzin-w-brzesku2","status":"publish","type":"post","link":"https:\/\/zyciebrzeska.pl\/?p=3174","title":{"rendered":"Prezes Zjednoczenia Chrze\u015bcija\u0144skich Rodzin w Brzesku"},"content":{"rendered":"\n<p>W Brzesku w pi\u0105tkowy wiecz\u00f3r 31 maja odby\u0142o si\u0119 spotkanie Prezesa Zjednoczenia Chrze\u015bcija\u0144skich Rodzin<strong> dr Bogus\u0142awa Rogalskiego<\/strong> z osobami kt\u00f3re pomaga\u0142y zbiera\u0107 podpisy dla listy wyborczej Ruchu Prawdziwa Europa Europa Christi w wyborach do Parlamentu Europejskiego. Chocia\u017c w ostateczno\u015bci lista zosta\u0142a wycofana z wybor\u00f3w, aby wobec agresywnego ataku \u015brodowisk lewackich, nie zaszkodzi\u0107 szeroko rozumianemu obozowi patriotycznemu, to jednak okaza\u0142o si\u0119, \u017ce jest bardzo du\u017ce zapotrzebowanie w\u015br\u00f3d wyborc\u00f3w na parti\u0119 jednoznacznie wyrazist\u0105 i zdecydowan\u0105 broni\u0107 warto\u015bci chrze\u015bcija\u0144skich w \u017cyciu publicznym. Wyrazem tego jest fakt, \u017ce zaledwie w ci\u0105gu kilku dni uda\u0142o si\u0119 zebra\u0107 ponad dwana\u015bcie tysi\u0119cy podpis\u00f3w w okr\u0119gu ma\u0142opolskim i \u015bwi\u0119tokrzyskim. Akcj\u0119 zbi\u00f3rki podpis\u00f3w w okr\u0119gu koordynowa\u0142 <strong>Czes\u0142aw Kwa\u015bniak <\/strong>pe\u0142nomocnik ZChR na Ma\u0142opolsk\u0119.&nbsp;<\/p>\n\n\n\n<figure class=\"wp-block-image\"><img loading=\"lazy\" decoding=\"async\" width=\"1024\" height=\"683\" src=\"https:\/\/server818677.nazwa.pl\/wordpress\/wpn_pierwszainstalacja\/wp-content\/uploads\/2019\/06\/DSC0011-1024x683.jpeg\" alt=\"\" class=\"wp-image-3177\" srcset=\"https:\/\/zyciebrzeska.pl\/wp-content\/uploads\/2019\/06\/DSC0011-1024x683.jpeg 1024w, https:\/\/zyciebrzeska.pl\/wp-content\/uploads\/2019\/06\/DSC0011-300x200.jpeg 300w, https:\/\/zyciebrzeska.pl\/wp-content\/uploads\/2019\/06\/DSC0011-768x512.jpeg 768w, https:\/\/zyciebrzeska.pl\/wp-content\/uploads\/2019\/06\/DSC0011-1536x1024.jpeg 1536w, https:\/\/zyciebrzeska.pl\/wp-content\/uploads\/2019\/06\/DSC0011-2048x1365.jpeg 2048w, https:\/\/zyciebrzeska.pl\/wp-content\/uploads\/2019\/06\/DSC0011-1568x1045.jpeg 1568w\" sizes=\"auto, (max-width: 1024px) 100vw, 1024px\" \/><figcaption>Czes\u0142aw Kwa\u015bniak pe\u0142nomocnik krajowy ds. budowy struktur ZChR<\/figcaption><\/figure>\n\n\n\n<p>Prezes Bogus\u0142aw Rogalski przyjecha\u0142 do Brzeska na spotkanie specjalnie po to aby spotka\u0107 si\u0119 i osobi\u015bcie podzi\u0119kowa\u0107 wszystkim za zaanga\u017cowane, kt\u00f3re w okr\u0119gu ma\u0142opolskim i \u015bwi\u0119tokrzyskim przynios\u0142o tak pozytywny rezultat. Podkre\u015bli\u0142, \u017ce Ma\u0142opolska jest sercem Polski i gdzie ca\u0142y czas \u017cyj\u0105 tradycyjne warto\u015bci b\u0119d\u0105ce fundamentem naszej europejskiej cywilizacji. Podkre\u015bli\u0142, \u017ce jest to wyraz jego szacunku dla ludzi, kt\u00f3rzy tak ofiarnie i z powod\u00f3w ideowych zaanga\u017cowali si\u0119 w zbi\u00f3rk\u0119 podpis\u00f3w. \u0141atwo jest partii kt\u00f3ra dysponuje ogromnymi \u015brodkami (pochodz\u0105cymi z reszt\u0105 z pa\u0144stwowej kasy) prowadzi\u0107 skuteczn\u0105 kampani\u0119. Tak luksusowych warunk\u00f3w nie ma Zjednoczenie Chrze\u015bcija\u0144skich Rodzin, ale dzi\u0119ki ogromnemu zaanga\u017cowaniu wielu ludzi, udaje si\u0119 stopniowo budowa\u0107 kolejne struktury, kt\u00f3re w ostateczno\u015bci powinny przynie\u015b\u0107 wyborczy sukces. &nbsp;<\/p>\n\n\n\n<figure class=\"wp-block-image\"><img loading=\"lazy\" decoding=\"async\" width=\"1024\" height=\"683\" src=\"https:\/\/server818677.nazwa.pl\/wordpress\/wpn_pierwszainstalacja\/wp-content\/uploads\/2019\/06\/DSC0020-1024x683.jpeg\" alt=\"\" class=\"wp-image-3176\" srcset=\"https:\/\/zyciebrzeska.pl\/wp-content\/uploads\/2019\/06\/DSC0020-1024x683.jpeg 1024w, https:\/\/zyciebrzeska.pl\/wp-content\/uploads\/2019\/06\/DSC0020-300x200.jpeg 300w, https:\/\/zyciebrzeska.pl\/wp-content\/uploads\/2019\/06\/DSC0020-768x512.jpeg 768w, https:\/\/zyciebrzeska.pl\/wp-content\/uploads\/2019\/06\/DSC0020-1536x1024.jpeg 1536w, https:\/\/zyciebrzeska.pl\/wp-content\/uploads\/2019\/06\/DSC0020-2048x1365.jpeg 2048w, https:\/\/zyciebrzeska.pl\/wp-content\/uploads\/2019\/06\/DSC0020-1568x1045.jpeg 1568w\" sizes=\"auto, (max-width: 1024px) 100vw, 1024px\" \/><\/figure>\n\n\n\n<p>Prezes Bogus\u0142aw Rogalski zadeklarowa\u0142, \u017ce Zjednoczenie Chrze\u015bcija\u0144skich Rodzin ju\u017c teraz rozpoczyna przygotowania do startu w nadchodz\u0105cych za kilka miesi\u0119cy wyborach do Sejmu. W tym celu powo\u0142any zosta\u0142 Krajowy Koordynator ds. tworzenia struktur partii. Zosta\u0142 nim Czes\u0142aw Kwa\u015bniak, kt\u00f3ry udowodni\u0142, \u017ce jest bardzo dobrym organizatorem. Czes\u0142aw Kwa\u015bniak poinformowa\u0142, \u017ce do po\u0142owy czerwca planowane jest powo\u0142anie pe\u0142nomocnik\u00f3w ZChR we wszystkich wojew\u00f3dztwach, a do ko\u0144ca czerwca we wszystkich 41 okr\u0119gach wyborczych do Sejmu. Zach\u0119ci\u0142 przyby\u0142ych do Brzeska sympatyk\u00f3w z ca\u0142ego okr\u0119gu ma\u0142opolskiego i \u015bwi\u0119tokrzyskiego do w\u0142\u0105czenia si\u0119 w proces tworzenie struktur partii, aby na jesieni wystartowa\u0107 w wyborach do Sejmu i odnie\u015b\u0107 wyborczy sukces, co nie jest \u0142atwe w czasach kiedy polityczna scena zosta\u0142 zdominowana przez dwa bloki, kt\u00f3re walcz\u0105 ze sob\u0105 na \u015bmier\u0107 i \u017cycie.&nbsp;<\/p>\n\n\n\n<p>Na spotkanie do Brzeska przyjecha\u0142o r\u00f3wnie\u017c wielu go\u015bci z ca\u0142ej polski. Byli wi\u0119c miedzy innymi Zygmunt Wrzodak &#8211; by\u0142y przewodnicz\u0105cy Solidarno\u015bci Ursusa, Adam S\u0142omka \u2013 Prezes KPN, Dariusz Chmel \u2013 przedstawiciel KWW Iskra, Prezes Prawicy Rzeczpospolitej\u00a0 z Krakowa Piotr Boro\u0144 i Prezes PR z Kielc Marek Ciuraszkiewicz, Pe\u0142nomocnik Bezpartyjnych Samorz\u0105dowc\u00f3w na Ma\u0142opolsk\u0119 Krzysztof Holender, Aleksander Luty &#8211; przedstawiciel Samoobrony a tak\u017ce wielu by\u0142ych pos\u0142\u00f3w Ligi Polskich Rodzin, kt\u00f3rzy s\u0105 zainteresowani w\u0142\u0105czeniem si\u0119 w tworzenie struktur Zjednoczenia Chrze\u015bcija\u0144skich Rodzin.\u00a0<\/p>\n\n\n\n<p>\u017bycie Brzeska<br><\/p>\n","protected":false},"excerpt":{"rendered":"<p>W Brzesku w pi\u0105tkowy wiecz\u00f3r 31 maja odby\u0142o si\u0119 spotkanie Prezesa Zjednoczenia Chrze\u015bcija\u0144skich Rodzin dr Bogus\u0142awa Rogalskiego z osobami kt\u00f3re pomaga\u0142y zbiera\u0107 podpisy dla listy wyborczej Ruchu Prawdziwa Europa Europa Christi w wyborach do Parlamentu Europejskiego. Chocia\u017c w ostateczno\u015bci lista zosta\u0142a wycofana z wybor\u00f3w, aby wobec agresywnego ataku \u015brodowisk lewackich, nie zaszkodzi\u0107 szeroko rozumianemu obozowi [&hellip;]<\/p>\n","protected":false},"author":1,"featured_media":3178,"comment_status":"open","ping_status":"open","sticky":false,"template":"","format":"standard","meta":{"tdm_status":"","tdm_grid_status":"","footnotes":""},"categories":[10],"tags":[],"class_list":{"0":"post-3174","1":"post","2":"type-post","3":"status-publish","4":"format-standard","5":"has-post-thumbnail","7":"category-wydarzenia"},"yoast_head":"<!-- This site is optimized with the Yoast SEO plugin v22.2 - https:\/\/yoast.com\/wordpress\/plugins\/seo\/ -->\n<title>Prezes Zjednoczenia Chrze\u015bcija\u0144skich Rodzin w Brzesku - \u017bycie Brzeska<\/title>\n<meta name=\"robots\" content=\"index, follow, max-snippet:-1, max-image-preview:large, max-video-preview:-1\" \/>\n<link rel=\"canonical\" href=\"https:\/\/zyciebrzeska.pl\/?p=3174\" \/>\n<meta property=\"og:locale\" content=\"pl_PL\" \/>\n<meta property=\"og:type\" content=\"article\" \/>\n<meta property=\"og:title\" content=\"Prezes Zjednoczenia Chrze\u015bcija\u0144skich Rodzin w Brzesku - \u017bycie Brzeska\" \/>\n<meta property=\"og:description\" content=\"W Brzesku w pi\u0105tkowy wiecz\u00f3r 31 maja odby\u0142o si\u0119 spotkanie Prezesa Zjednoczenia Chrze\u015bcija\u0144skich Rodzin dr Bogus\u0142awa Rogalskiego z osobami kt\u00f3re pomaga\u0142y zbiera\u0107 podpisy dla listy wyborczej Ruchu Prawdziwa Europa Europa Christi w wyborach do Parlamentu Europejskiego. Chocia\u017c w ostateczno\u015bci lista zosta\u0142a wycofana z wybor\u00f3w, aby wobec agresywnego ataku \u015brodowisk lewackich, nie zaszkodzi\u0107 szeroko rozumianemu obozowi [&hellip;]\" \/>\n<meta property=\"og:url\" content=\"https:\/\/zyciebrzeska.pl\/?p=3174\" \/>\n<meta property=\"og:site_name\" content=\"\u017bycie Brzeska\" \/>\n<meta property=\"article:publisher\" content=\"https:\/\/www.facebook.com\/brzeskoinfo\" \/>\n<meta property=\"article:published_time\" content=\"2019-06-02T19:25:16+00:00\" \/>\n<meta property=\"og:image\" content=\"https:\/\/zyciebrzeska.pl\/wp-content\/uploads\/2019\/06\/DSC0027-1-scaled.jpeg\" \/>\n\t<meta property=\"og:image:width\" content=\"2560\" \/>\n\t<meta property=\"og:image:height\" content=\"1707\" \/>\n\t<meta property=\"og:image:type\" content=\"image\/jpeg\" \/>\n<meta name=\"author\" content=\"Redaktor\" \/>\n<meta name=\"twitter:card\" content=\"summary_large_image\" \/>\n<meta name=\"twitter:label1\" content=\"Napisane przez\" \/>\n\t<meta name=\"twitter:data1\" content=\"Redaktor\" \/>\n\t<meta name=\"twitter:label2\" content=\"Szacowany czas czytania\" \/>\n\t<meta name=\"twitter:data2\" content=\"3 minuty\" \/>\n<script type=\"application\/ld+json\" class=\"yoast-schema-graph\">{\"@context\":\"https:\/\/schema.org\",\"@graph\":[{\"@type\":\"Article\",\"@id\":\"https:\/\/zyciebrzeska.pl\/?p=3174#article\",\"isPartOf\":{\"@id\":\"https:\/\/zyciebrzeska.pl\/?p=3174\"},\"author\":{\"name\":\"Redaktor\",\"@id\":\"https:\/\/zyciebrzeska.pl\/#\/schema\/person\/4da1e536b1da05972f13052ec6594aff\"},\"headline\":\"Prezes Zjednoczenia Chrze\u015bcija\u0144skich Rodzin w Brzesku\",\"datePublished\":\"2019-06-02T19:25:16+00:00\",\"dateModified\":\"2019-06-02T19:25:16+00:00\",\"mainEntityOfPage\":{\"@id\":\"https:\/\/zyciebrzeska.pl\/?p=3174\"},\"wordCount\":558,\"commentCount\":0,\"publisher\":{\"@id\":\"https:\/\/zyciebrzeska.pl\/#organization\"},\"image\":{\"@id\":\"https:\/\/zyciebrzeska.pl\/?p=3174#primaryimage\"},\"thumbnailUrl\":\"https:\/\/zyciebrzeska.pl\/wp-content\/uploads\/2019\/06\/DSC0027-1-scaled.jpeg\",\"articleSection\":[\"Wydarzenia\"],\"inLanguage\":\"pl-PL\",\"potentialAction\":[{\"@type\":\"CommentAction\",\"name\":\"Comment\",\"target\":[\"https:\/\/zyciebrzeska.pl\/?p=3174#respond\"]}]},{\"@type\":\"WebPage\",\"@id\":\"https:\/\/zyciebrzeska.pl\/?p=3174\",\"url\":\"https:\/\/zyciebrzeska.pl\/?p=3174\",\"name\":\"Prezes Zjednoczenia Chrze\u015bcija\u0144skich Rodzin w Brzesku - \u017bycie Brzeska\",\"isPartOf\":{\"@id\":\"https:\/\/zyciebrzeska.pl\/#website\"},\"primaryImageOfPage\":{\"@id\":\"https:\/\/zyciebrzeska.pl\/?p=3174#primaryimage\"},\"image\":{\"@id\":\"https:\/\/zyciebrzeska.pl\/?p=3174#primaryimage\"},\"thumbnailUrl\":\"https:\/\/zyciebrzeska.pl\/wp-content\/uploads\/2019\/06\/DSC0027-1-scaled.jpeg\",\"datePublished\":\"2019-06-02T19:25:16+00:00\",\"dateModified\":\"2019-06-02T19:25:16+00:00\",\"breadcrumb\":{\"@id\":\"https:\/\/zyciebrzeska.pl\/?p=3174#breadcrumb\"},\"inLanguage\":\"pl-PL\",\"potentialAction\":[{\"@type\":\"ReadAction\",\"target\":[\"https:\/\/zyciebrzeska.pl\/?p=3174\"]}]},{\"@type\":\"ImageObject\",\"inLanguage\":\"pl-PL\",\"@id\":\"https:\/\/zyciebrzeska.pl\/?p=3174#primaryimage\",\"url\":\"https:\/\/zyciebrzeska.pl\/wp-content\/uploads\/2019\/06\/DSC0027-1-scaled.jpeg\",\"contentUrl\":\"https:\/\/zyciebrzeska.pl\/wp-content\/uploads\/2019\/06\/DSC0027-1-scaled.jpeg\",\"width\":2560,\"height\":1707},{\"@type\":\"BreadcrumbList\",\"@id\":\"https:\/\/zyciebrzeska.pl\/?p=3174#breadcrumb\",\"itemListElement\":[{\"@type\":\"ListItem\",\"position\":1,\"name\":\"Home\",\"item\":\"https:\/\/zyciebrzeska.pl\/\"},{\"@type\":\"ListItem\",\"position\":2,\"name\":\"Prezes Zjednoczenia Chrze\u015bcija\u0144skich Rodzin w Brzesku\"}]},{\"@type\":\"WebSite\",\"@id\":\"https:\/\/zyciebrzeska.pl\/#website\",\"url\":\"https:\/\/zyciebrzeska.pl\/\",\"name\":\"\u017bycie Brzeska\",\"description\":\"Portal Ludzi Aktywnych\",\"publisher\":{\"@id\":\"https:\/\/zyciebrzeska.pl\/#organization\"},\"potentialAction\":[{\"@type\":\"SearchAction\",\"target\":{\"@type\":\"EntryPoint\",\"urlTemplate\":\"https:\/\/zyciebrzeska.pl\/?s={search_term_string}\"},\"query-input\":\"required name=search_term_string\"}],\"inLanguage\":\"pl-PL\"},{\"@type\":\"Organization\",\"@id\":\"https:\/\/zyciebrzeska.pl\/#organization\",\"name\":\"\u017bycie Brzeska\",\"url\":\"https:\/\/zyciebrzeska.pl\/\",\"logo\":{\"@type\":\"ImageObject\",\"inLanguage\":\"pl-PL\",\"@id\":\"https:\/\/zyciebrzeska.pl\/#\/schema\/logo\/image\/\",\"url\":\"https:\/\/server818677.nazwa.pl\/wordpress\/wpn_pierwszainstalacja\/wp-content\/uploads\/2023\/06\/admin-ajax.php-2.png\",\"contentUrl\":\"https:\/\/server818677.nazwa.pl\/wordpress\/wpn_pierwszainstalacja\/wp-content\/uploads\/2023\/06\/admin-ajax.php-2.png\",\"width\":400,\"height\":133,\"caption\":\"\u017bycie Brzeska\"},\"image\":{\"@id\":\"https:\/\/zyciebrzeska.pl\/#\/schema\/logo\/image\/\"},\"sameAs\":[\"https:\/\/www.facebook.com\/brzeskoinfo\"]},{\"@type\":\"Person\",\"@id\":\"https:\/\/zyciebrzeska.pl\/#\/schema\/person\/4da1e536b1da05972f13052ec6594aff\",\"name\":\"Redaktor\",\"image\":{\"@type\":\"ImageObject\",\"inLanguage\":\"pl-PL\",\"@id\":\"https:\/\/zyciebrzeska.pl\/#\/schema\/person\/image\/\",\"url\":\"https:\/\/secure.gravatar.com\/avatar\/9564c163e08185c7e0f7d0141ae3914237cf629898e8534b3dd06bb95817ae0b?s=96&d=mm&r=g\",\"contentUrl\":\"https:\/\/secure.gravatar.com\/avatar\/9564c163e08185c7e0f7d0141ae3914237cf629898e8534b3dd06bb95817ae0b?s=96&d=mm&r=g\",\"caption\":\"Redaktor\"},\"sameAs\":[\"http:\/\/zyciebrzeska.pl\"],\"url\":\"https:\/\/zyciebrzeska.pl\/?author=1\"}]}<\/script>\n<!-- \/ Yoast SEO plugin. -->","yoast_head_json":{"title":"Prezes Zjednoczenia Chrze\u015bcija\u0144skich Rodzin w Brzesku - \u017bycie Brzeska","robots":{"index":"index","follow":"follow","max-snippet":"max-snippet:-1","max-image-preview":"max-image-preview:large","max-video-preview":"max-video-preview:-1"},"canonical":"https:\/\/zyciebrzeska.pl\/?p=3174","og_locale":"pl_PL","og_type":"article","og_title":"Prezes Zjednoczenia Chrze\u015bcija\u0144skich Rodzin w Brzesku - \u017bycie Brzeska","og_description":"W Brzesku w pi\u0105tkowy wiecz\u00f3r 31 maja odby\u0142o si\u0119 spotkanie Prezesa Zjednoczenia Chrze\u015bcija\u0144skich Rodzin dr Bogus\u0142awa Rogalskiego z osobami kt\u00f3re pomaga\u0142y zbiera\u0107 podpisy dla listy wyborczej Ruchu Prawdziwa Europa Europa Christi w wyborach do Parlamentu Europejskiego. Chocia\u017c w ostateczno\u015bci lista zosta\u0142a wycofana z wybor\u00f3w, aby wobec agresywnego ataku \u015brodowisk lewackich, nie zaszkodzi\u0107 szeroko rozumianemu obozowi [&hellip;]","og_url":"https:\/\/zyciebrzeska.pl\/?p=3174","og_site_name":"\u017bycie Brzeska","article_publisher":"https:\/\/www.facebook.com\/brzeskoinfo","article_published_time":"2019-06-02T19:25:16+00:00","og_image":[{"width":2560,"height":1707,"url":"https:\/\/zyciebrzeska.pl\/wp-content\/uploads\/2019\/06\/DSC0027-1-scaled.jpeg","type":"image\/jpeg"}],"author":"Redaktor","twitter_card":"summary_large_image","twitter_misc":{"Napisane przez":"Redaktor","Szacowany czas czytania":"3 minuty"},"schema":{"@context":"https:\/\/schema.org","@graph":[{"@type":"Article","@id":"https:\/\/zyciebrzeska.pl\/?p=3174#article","isPartOf":{"@id":"https:\/\/zyciebrzeska.pl\/?p=3174"},"author":{"name":"Redaktor","@id":"https:\/\/zyciebrzeska.pl\/#\/schema\/person\/4da1e536b1da05972f13052ec6594aff"},"headline":"Prezes Zjednoczenia Chrze\u015bcija\u0144skich Rodzin w Brzesku","datePublished":"2019-06-02T19:25:16+00:00","dateModified":"2019-06-02T19:25:16+00:00","mainEntityOfPage":{"@id":"https:\/\/zyciebrzeska.pl\/?p=3174"},"wordCount":558,"commentCount":0,"publisher":{"@id":"https:\/\/zyciebrzeska.pl\/#organization"},"image":{"@id":"https:\/\/zyciebrzeska.pl\/?p=3174#primaryimage"},"thumbnailUrl":"https:\/\/zyciebrzeska.pl\/wp-content\/uploads\/2019\/06\/DSC0027-1-scaled.jpeg","articleSection":["Wydarzenia"],"inLanguage":"pl-PL","potentialAction":[{"@type":"CommentAction","name":"Comment","target":["https:\/\/zyciebrzeska.pl\/?p=3174#respond"]}]},{"@type":"WebPage","@id":"https:\/\/zyciebrzeska.pl\/?p=3174","url":"https:\/\/zyciebrzeska.pl\/?p=3174","name":"Prezes Zjednoczenia Chrze\u015bcija\u0144skich Rodzin w Brzesku - \u017bycie Brzeska","isPartOf":{"@id":"https:\/\/zyciebrzeska.pl\/#website"},"primaryImageOfPage":{"@id":"https:\/\/zyciebrzeska.pl\/?p=3174#primaryimage"},"image":{"@id":"https:\/\/zyciebrzeska.pl\/?p=3174#primaryimage"},"thumbnailUrl":"https:\/\/zyciebrzeska.pl\/wp-content\/uploads\/2019\/06\/DSC0027-1-scaled.jpeg","datePublished":"2019-06-02T19:25:16+00:00","dateModified":"2019-06-02T19:25:16+00:00","breadcrumb":{"@id":"https:\/\/zyciebrzeska.pl\/?p=3174#breadcrumb"},"inLanguage":"pl-PL","potentialAction":[{"@type":"ReadAction","target":["https:\/\/zyciebrzeska.pl\/?p=3174"]}]},{"@type":"ImageObject","inLanguage":"pl-PL","@id":"https:\/\/zyciebrzeska.pl\/?p=3174#primaryimage","url":"https:\/\/zyciebrzeska.pl\/wp-content\/uploads\/2019\/06\/DSC0027-1-scaled.jpeg","contentUrl":"https:\/\/zyciebrzeska.pl\/wp-content\/uploads\/2019\/06\/DSC0027-1-scaled.jpeg","width":2560,"height":1707},{"@type":"BreadcrumbList","@id":"https:\/\/zyciebrzeska.pl\/?p=3174#breadcrumb","itemListElement":[{"@type":"ListItem","position":1,"name":"Home","item":"https:\/\/zyciebrzeska.pl\/"},{"@type":"ListItem","position":2,"name":"Prezes Zjednoczenia Chrze\u015bcija\u0144skich Rodzin w Brzesku"}]},{"@type":"WebSite","@id":"https:\/\/zyciebrzeska.pl\/#website","url":"https:\/\/zyciebrzeska.pl\/","name":"\u017bycie Brzeska","description":"Portal Ludzi Aktywnych","publisher":{"@id":"https:\/\/zyciebrzeska.pl\/#organization"},"potentialAction":[{"@type":"SearchAction","target":{"@type":"EntryPoint","urlTemplate":"https:\/\/zyciebrzeska.pl\/?s={search_term_string}"},"query-input":"required name=search_term_string"}],"inLanguage":"pl-PL"},{"@type":"Organization","@id":"https:\/\/zyciebrzeska.pl\/#organization","name":"\u017bycie Brzeska","url":"https:\/\/zyciebrzeska.pl\/","logo":{"@type":"ImageObject","inLanguage":"pl-PL","@id":"https:\/\/zyciebrzeska.pl\/#\/schema\/logo\/image\/","url":"https:\/\/server818677.nazwa.pl\/wordpress\/wpn_pierwszainstalacja\/wp-content\/uploads\/2023\/06\/admin-ajax.php-2.png","contentUrl":"https:\/\/server818677.nazwa.pl\/wordpress\/wpn_pierwszainstalacja\/wp-content\/uploads\/2023\/06\/admin-ajax.php-2.png","width":400,"height":133,"caption":"\u017bycie Brzeska"},"image":{"@id":"https:\/\/zyciebrzeska.pl\/#\/schema\/logo\/image\/"},"sameAs":["https:\/\/www.facebook.com\/brzeskoinfo"]},{"@type":"Person","@id":"https:\/\/zyciebrzeska.pl\/#\/schema\/person\/4da1e536b1da05972f13052ec6594aff","name":"Redaktor","image":{"@type":"ImageObject","inLanguage":"pl-PL","@id":"https:\/\/zyciebrzeska.pl\/#\/schema\/person\/image\/","url":"https:\/\/secure.gravatar.com\/avatar\/9564c163e08185c7e0f7d0141ae3914237cf629898e8534b3dd06bb95817ae0b?s=96&d=mm&r=g","contentUrl":"https:\/\/secure.gravatar.com\/avatar\/9564c163e08185c7e0f7d0141ae3914237cf629898e8534b3dd06bb95817ae0b?s=96&d=mm&r=g","caption":"Redaktor"},"sameAs":["http:\/\/zyciebrzeska.pl"],"url":"https:\/\/zyciebrzeska.pl\/?author=1"}]}},"_links":{"self":[{"href":"https:\/\/zyciebrzeska.pl\/index.php?rest_route=\/wp\/v2\/posts\/3174","targetHints":{"allow":["GET"]}}],"collection":[{"href":"https:\/\/zyciebrzeska.pl\/index.php?rest_route=\/wp\/v2\/posts"}],"about":[{"href":"https:\/\/zyciebrzeska.pl\/index.php?rest_route=\/wp\/v2\/types\/post"}],"author":[{"embeddable":true,"href":"https:\/\/zyciebrzeska.pl\/index.php?rest_route=\/wp\/v2\/users\/1"}],"replies":[{"embeddable":true,"href":"https:\/\/zyciebrzeska.pl\/index.php?rest_route=%2Fwp%2Fv2%2Fcomments&post=3174"}],"version-history":[{"count":0,"href":"https:\/\/zyciebrzeska.pl\/index.php?rest_route=\/wp\/v2\/posts\/3174\/revisions"}],"wp:featuredmedia":[{"embeddable":true,"href":"https:\/\/zyciebrzeska.pl\/index.php?rest_route=\/wp\/v2\/media\/3178"}],"wp:attachment":[{"href":"https:\/\/zyciebrzeska.pl\/index.php?rest_route=%2Fwp%2Fv2%2Fmedia&parent=3174"}],"wp:term":[{"taxonomy":"category","embeddable":true,"href":"https:\/\/zyciebrzeska.pl\/index.php?rest_route=%2Fwp%2Fv2%2Fcategories&post=3174"},{"taxonomy":"post_tag","embeddable":true,"href":"https:\/\/zyciebrzeska.pl\/index.php?rest_route=%2Fwp%2Fv2%2Ftags&post=3174"}],"curies":[{"name":"wp","href":"https:\/\/api.w.org\/{rel}","templated":true}]}}