{"id":3169,"date":"2019-05-31T14:49:57","date_gmt":"2019-05-31T14:49:57","guid":{"rendered":"https:\/\/zyciebrzeska.pl\/?p=3169"},"modified":"2019-05-31T14:49:57","modified_gmt":"2019-05-31T14:49:57","slug":"mokrzyska-odnowa","status":"publish","type":"post","link":"https:\/\/zyciebrzeska.pl\/?p=3169","title":{"rendered":"Mokrzyska OdNowa"},"content":{"rendered":"\n<p>Kamil Tr\u0105ba w wyniku przeprowadzonych w kwietniu wybor\u00f3w zosta\u0142 nowym so\u0142tysem Mokrzysk. Po oraz pierwszy wybory odby\u0142y si\u0119 w nowej formule, czyli nie jak dotychczas podczas zebrania wiejskiego, ale w wyniku g\u0142osowania w lokalu wyborczym czynnym w godz. od 8:00 do 16:00. Dzi\u0119ki temu w wyborach uczestniczy\u0142a zdecydowanie wi\u0119ksza ilo\u015b\u0107 mieszka\u0144c\u00f3w. W wyniku g\u0142osowania Kamil Tr\u0105ba w spos\u00f3b przekonuj\u0105cy pokona\u0142 swojego konkurenta, dotychczasowego so\u0142tysa Stanis\u0142awa Pacur\u0119 uzyskuj\u0105c zdobywaj\u0105c 239 g\u0142os\u00f3w w stosunku do 97 kt\u00f3re zosta\u0142y oddane na konkurenta. Konkurent to osoba bardzo znana: by\u0142y wiceburmistrz Brzeska i by\u0142y Wicestarosta brzeski, a tak\u017ce wieloletni radny miejski i obecnie od kilku kadencji radny powiatowy.  Tym wi\u0119ksza satysfakcja z odniesionego sukcesu, ale te\u017c i poczucie odpowiedzialno\u015bci aby nie zawie\u015b\u0107 ogromnego zaufania mieszka\u0144c\u00f3w, zw\u0142aszcza \u017ce teraz jest bardzo uwa\u017cnie obserwowany prze \u201e\u017cyczliwych\u201d kt\u00f3rych przecie\u017c nigdy nie brakuje. Kim jest Kamil Tr\u0105ba, \u017ce mieszka\u0144cy obdarzyli go tak ogromnym zaufaniem, mimo tego, \u017ce  konkurent to osoba powszechnie znana i ciesz\u0105ca si\u0119 szacunkiem? Przecie\u017c takie zaufanie mieszka\u0144c\u00f3w nie bierze si\u0119 z niczego. Kamil  Tr\u0105ba ma 26 lat, uko\u0144czy\u0142 studia na kierunku Administracja na Uniwersytecie Rzeszowskim oraz Bezpiecze\u0144stwo Narodowe na Uniwersytecie Jagiello\u0144skim. Jest r\u00f3wnie\u017c absolwentem studi\u00f3w podyplomowych na kierunku Zarz\u0105dzanie i Audyt na Uniwersytecie Jagiello\u0144skim. Od 3 lat pracuje w Ma\u0142opolskiej Agencji Rozwoju Regionalnego S.A. kt\u00f3ra jest wiod\u0105c\u0105 regionaln\u0105 instytucj\u0105 dzia\u0142aj\u0105c\u0105 na rzecz rozwoju regionalnego i jednym z najpowa\u017cniejszych partner\u00f3w instytucji centralnych i samorz\u0105du wojew\u00f3dztwa w kszta\u0142towaniu polityki innowacyjnego rozwoju regionu. <\/p>\n\n\n\n<p>Spogl\u0105daj\u0105c na dotychczasow\u0105 aktywno\u015b\u0107, mo\u017cna stwierdzi\u0107 \u017ce Kamil Tr\u0105ba to takim urodzony spo\u0142ecznik, niespokojna dusza, kt\u00f3ra stara si\u0119 co\u015b zmienia\u0107 w swoim otoczeniu. Je\u017celi uwa\u017ca \u017ce gdzie\u015b nie jest dobrze, to nie marudzi i narzeka, tylko po prostu stara si\u0119 co\u015b zrobi\u0107 \u017ceby biedzie zaradzi\u0107. Nie ogl\u0105da si\u0119. Ju\u017c w szkole podstawowej a potem w gimnazjum oraz liceum by\u0142 przewodnicz\u0105cym klasy. Zawsze cieszy\u0142o go reprezentowanie spo\u0142eczno\u015bci w r\u00f3\u017cnych gremiach. Przez lata pe\u0142ni\u0142 te\u017c funkcj\u0119 Prezesa Liturgicznej S\u0142u\u017cby O\u0142tarza w parafii w Morzyskach. Natychmiast po osi\u0105gni\u0119ciu pe\u0142noletnio\u015bci zacz\u0105\u0142 oddawa\u0107 krew i obecnie jest czynnym Honorowym Krwiodawc\u0105. Jest r\u00f3wnie\u017c zarejestrowany w bazie Dawc\u00f3w Szpiku. Przy okazji pikniku wojskowego w Mokrzyskach organizowa\u0142 we wsp\u00f3\u0142pracy z fundacj\u0105 DKMS Dzie\u0144 Rejestracji Potencjalnych Dawc\u00f3w Szpiku. W poprzedniej kadencji zosta\u0142 wybrany do Rady So\u0142eckiej w Morzyskach . Podczas \u015awiatowych Dni M\u0142odzie\u017cy w Krakowie pe\u0142ni\u0142 funkcj\u0119 szefa parafialnego komitetu organizacji tej imprezy. Przez tydzie\u0144 by\u0142 wraz ze wspania\u0142\u0105 grup\u0105 wolontariuszy z Mokrzysk odpowiedzialny za przyj\u0119cie i organizacj\u0119 pobytu grupy ok. 200 pielgrzym\u00f3w z W\u0142och. Od 10 lat w niedziel\u0119 palmow\u0105 wraz z dwoma osobami \u015bpiewa M\u0119k\u0119 Pa\u0144sk\u0105. Jest r\u00f3wnie\u017c cz\u0142onkiem Akcji Katolickiej w Parafii Mokrzyska. Od pa\u017adziernika ubieg\u0142ego mieszka\u0144cy powierzyli mu mandat radnego miejskiego, gdzie pe\u0142ni funkcj\u0119 Wiceprzewodnicz\u0105cego. Do swoich licznych funkcji i obszar\u00f3w aktywno\u015bci niedawno do\u0142o\u017cy\u0142 jeszcze funkcj\u0119 Prezesa LKS \u201eStra\u017cak\u201d Mokrzyska. <\/p>\n\n\n\n<p>Jak sam m\u00f3wi \u2013 troch\u0119 si\u0119 tego na przestrzeni lat uzbiera\u0142o, ale lubi prac\u0119 z lud\u017ami, lubi kiedy co\u015b si\u0119 dzieje i jest zamieszanie, pozytywna energia, zapa\u0142 do pracy, a potem tego efekty.  Mimo m\u0142odego wieku, dzi\u0119ki wieloletniemu do\u015bwiadczeniu zdobywanemu od dzieci\u0119cych lat chocia\u017cby w samorz\u0105dzie szkolnym wie, \u017ce \u201esamemu si\u0119 meczu nie wygra\u201d. Je\u017celi chce si\u0119 odnie\u015b\u0107 sukces w dzia\u0142alno\u015bci spo\u0142ecznej i co\u015b konkretnego zrobi\u0107, potrzebne jest zaanga\u017cowanie wielu ludzi. Rol\u0105 lidera jest w\u0142a\u015bnie skupi\u0107 wok\u00f3\u0142 okre\u015blonej idei ludzi pe\u0142nych pasji, zaanga\u017cowania i otwarto\u015bci. Ludzie w Mokrzyskach s\u0105 bardzo pracowici oraz ofiarni, co wida\u0107 na przyk\u0142adzie chocia\u017cby parafii. Czasami niewiele trzeba, aby da\u0107 ludziom impuls do dzia\u0142ania, wyznaczy\u0107 kierunek i mo\u017cna wiele dobrego dzia\u0142a\u0107. I tak w\u0142a\u015bnie postrzega prac\u0119, tak\u0105 mam wizj\u0119 so\u0142tysa \u2013 jako osoby kontaktowej, pe\u0142nej pozytywnej energii, wyznaczaj\u0105c\u0105 kierunki rozwoju, dzia\u0142ania so\u0142ectwa. Musi to by\u0107 r\u00f3wnie\u017c osoba wra\u017cliwa pe\u0142na empatycznego zrozumienia. W kontakcie z urz\u0119dem, aby by\u0107 skutecznym, musi by\u0107 odporny na sakramentalne \u201enie da si\u0119\u201d. Pozycja i praca so\u0142tysa jest cz\u0119sto niewdzi\u0119czna z racji s\u0142abego umocowania prawnego. So\u0142tys nie ma a\u017c tak du\u017cej mocy sprawczej, jak mieszka\u0144com si\u0119 cz\u0119sto wydaje, ale w po\u0142\u0105czeniu z funkcj\u0105 radnego miejskiego te mo\u017cliwo\u015bci wzrastaj\u0105, dlatego te\u017c zdecydowa\u0142 si\u0119 kandydowa\u0107. Uzna\u0142, i\u017c b\u0119d\u0105c wybranym ( obdarzonym zaufaniem) przez mieszka\u0144c\u00f3w do rady miejskiej nie powinien sta\u0107 z boku i wygrzewa\u0107 si\u0119 w blasku funkcji Wiceprzewodnicz\u0105cego Rady Miejskiej przygl\u0105daj\u0105c si\u0119 z boku jak kto\u015b inny si\u0119 szamocze staraj\u0105c si\u0119 co\u015b dla so\u0142ectwa za\u0142atwi\u0107. Chcia\u0142by aby drugie co do wielko\u015b\u0107 so\u0142ectwo w gminie Brzesko, licz\u0105ce ponad trzy tysi\u0105ce mieszka\u0144c\u00f3w by\u0142o przyk\u0142adem pozytywnych dzia\u0142a\u0144, aby ka\u017cdy znalaz\u0142 tutaj ,,co\u015b\u201d dla siebie i dobrze si\u0119 tu czu\u0142. Chce by\u0107 So\u0142tysem otwartym umiej\u0105cym wsp\u00f3\u0142pracowa\u0107 z oka\u017cd\u0105 grup\u0105 dzia\u0142aj\u0105c\u0105 w so\u0142ectwie. Chce najlepiej jak tylko potrafi reprezentowa\u0107 so\u0142ectwo na zewn\u0105trz i zabiega\u0107 o jego sprawy. <br> M\u0142ody so\u0142tys jest jeszcze stanu wolnego, ale ju\u017c \u201ezarezerwowany\u2019 czyli og\u00f3lnie m\u00f3wi\u0105c nie do wzi\u0119cia. W nied\u0142ugim czasie stanie na \u015blubnym kobiercu i w ten spos\u00f3b rozpocznie nowy etap \u017cycia.<\/p>\n\n\n\n<ul class=\"wp-block-gallery columns-1 is-cropped wp-block-gallery-2 is-layout-flex wp-block-gallery-is-layout-flex\"><li class=\"blocks-gallery-item\"><figure><img loading=\"lazy\" decoding=\"async\" width=\"720\" height=\"960\" src=\"https:\/\/server818677.nazwa.pl\/wordpress\/wpn_pierwszainstalacja\/wp-content\/uploads\/2019\/05\/FB_IMG_1559313879030.jpg\" alt=\"\" data-id=\"3170\" data-link=\"https:\/\/zyciebrzeska.pl\/?attachment_id=3170\" class=\"wp-image-3170\" srcset=\"https:\/\/zyciebrzeska.pl\/wp-content\/uploads\/2019\/05\/FB_IMG_1559313879030.jpg 720w, https:\/\/zyciebrzeska.pl\/wp-content\/uploads\/2019\/05\/FB_IMG_1559313879030-225x300.jpg 225w\" sizes=\"auto, (max-width: 720px) 100vw, 720px\" \/><\/figure><\/li><\/ul>\n\n\n\n<p> To w\u0142a\u015bnie wzbudzi\u0142o zaniepokojenie u niekt\u00f3rych mieszka\u0144c\u00f3w, kt\u00f3rzy obawiaj\u0105 si\u0119 \u017ce jak si\u0119 so\u0142tys po za\u0142o\u017ceniu rodziny wyprowadzi ze wsi, to \u201eosierocone\u201d so\u0142ectwo zostanie biedne jak ta Sierotka Marysia. <\/p>\n\n\n\n<p>Kamil ma \u015bwiadomo\u015b\u0107, \u017ce za\u0142o\u017cenie rodziny to nowe wyzwania kt\u00f3re do tej pory m\u00f3g\u0142 obserwowa\u0107 u swoich rodzic\u00f3w oraz u innych ludzi. Teraz sam do licznych tytu\u0142\u00f3w i funkcji spo\u0142ecznych, do\u0142o\u017cy wa\u017cn\u0105 funkcj\u0119 m\u0119\u017ca, a w przysz\u0142o\u015bci r\u00f3wnie\u017c ojca.  Jest jednak zdecydowany by\u0107 takim so\u0142tysem, aby mieszka\u0144cy nie \u017ca\u0142owali \u017ce oddali na niego g\u0142os. Nawet gdyby koleje losu tak sprawi\u0142y, \u017ce zamieszka w innej miejscowo\u015bci ni\u017c Mokrzyska, to w dzisiejszych czasach kilkana\u015bcie kilometr\u00f3w nie stanowi \u017cadnego problemu. W\u00f3jt Szczurowej Marian Zalewski przez 34 lata sprawowa\u0142 funkcj\u0119 w\u00f3jta nie mieszkaj\u0105c na terenie gminy Szczurowa tylko w Sterkowcu w gminie Brzesko i jako\u015b mu to nie przeszkadza\u0142o bardzo dobrze i z sukcesami sprawowa\u0107 swoj\u0105 funkcj\u0119. Je\u017celi Marian Zalewski radzi\u0142 sobie z ca\u0142a gmin\u0105, to Kamil tr\u0105ba nie powinien mie\u0107 trudno\u015bci z ogarni\u0119ciem spraw jednego so\u0142ectwa, nawet tak du\u017cego jak Mokrzyska. Poza tym w so\u0142ectwie s\u0105 jeszcze inni dzia\u0142acze z kt\u00f3rymi zamierza \u015bci\u015ble wsp\u00f3\u0142pracowa\u0107, bo zdaje sobie spraw\u0119, \u017ce w pojedynk\u0119 nawet najlepszy dzia\u0142acz wiele nie osi\u0105gnie. Jako prezes Klubu pi\u0142karskiego bardzo dobrze wie \u201e\u017ce sam meczu nie wygra\u201d i nawet nie przychodzi mu do g\u0142owy tego pr\u00f3bowa\u0107<\/p>\n\n\n\n<p>Jan Waresiak<\/p>\n","protected":false},"excerpt":{"rendered":"<p>Kamil Tr\u0105ba w wyniku przeprowadzonych w kwietniu wybor\u00f3w zosta\u0142 nowym so\u0142tysem Mokrzysk. Po oraz pierwszy wybory odby\u0142y si\u0119 w nowej formule, czyli nie jak dotychczas podczas zebrania wiejskiego, ale w wyniku g\u0142osowania w lokalu wyborczym czynnym w godz. od 8:00 do 16:00. Dzi\u0119ki temu w wyborach uczestniczy\u0142a zdecydowanie wi\u0119ksza ilo\u015b\u0107 mieszka\u0144c\u00f3w. W wyniku g\u0142osowania Kamil [&hellip;]<\/p>\n","protected":false},"author":1,"featured_media":3171,"comment_status":"open","ping_status":"open","sticky":false,"template":"","format":"standard","meta":{"tdm_status":"","tdm_grid_status":"","footnotes":""},"categories":[10],"tags":[],"class_list":{"0":"post-3169","1":"post","2":"type-post","3":"status-publish","4":"format-standard","5":"has-post-thumbnail","7":"category-wydarzenia"},"yoast_head":"<!-- This site is optimized with the Yoast SEO plugin v22.2 - https:\/\/yoast.com\/wordpress\/plugins\/seo\/ -->\n<title>Mokrzyska OdNowa - \u017bycie Brzeska<\/title>\n<meta name=\"robots\" content=\"index, follow, max-snippet:-1, max-image-preview:large, max-video-preview:-1\" \/>\n<link rel=\"canonical\" href=\"https:\/\/zyciebrzeska.pl\/?p=3169\" \/>\n<meta property=\"og:locale\" content=\"pl_PL\" \/>\n<meta property=\"og:type\" content=\"article\" \/>\n<meta property=\"og:title\" content=\"Mokrzyska OdNowa - \u017bycie Brzeska\" \/>\n<meta property=\"og:description\" content=\"Kamil Tr\u0105ba w wyniku przeprowadzonych w kwietniu wybor\u00f3w zosta\u0142 nowym so\u0142tysem Mokrzysk. Po oraz pierwszy wybory odby\u0142y si\u0119 w nowej formule, czyli nie jak dotychczas podczas zebrania wiejskiego, ale w wyniku g\u0142osowania w lokalu wyborczym czynnym w godz. od 8:00 do 16:00. Dzi\u0119ki temu w wyborach uczestniczy\u0142a zdecydowanie wi\u0119ksza ilo\u015b\u0107 mieszka\u0144c\u00f3w. W wyniku g\u0142osowania Kamil [&hellip;]\" \/>\n<meta property=\"og:url\" content=\"https:\/\/zyciebrzeska.pl\/?p=3169\" \/>\n<meta property=\"og:site_name\" content=\"\u017bycie Brzeska\" \/>\n<meta property=\"article:publisher\" content=\"https:\/\/www.facebook.com\/brzeskoinfo\" \/>\n<meta property=\"article:published_time\" content=\"2019-05-31T14:49:57+00:00\" \/>\n<meta property=\"og:image\" content=\"https:\/\/zyciebrzeska.pl\/wp-content\/uploads\/2019\/05\/FB_IMG_1559313793119.jpg\" \/>\n\t<meta property=\"og:image:width\" content=\"1117\" \/>\n\t<meta property=\"og:image:height\" content=\"720\" \/>\n\t<meta property=\"og:image:type\" content=\"image\/jpeg\" \/>\n<meta name=\"author\" content=\"Redaktor\" \/>\n<meta name=\"twitter:card\" content=\"summary_large_image\" \/>\n<meta name=\"twitter:label1\" content=\"Napisane przez\" \/>\n\t<meta name=\"twitter:data1\" content=\"Redaktor\" \/>\n\t<meta name=\"twitter:label2\" content=\"Szacowany czas czytania\" \/>\n\t<meta name=\"twitter:data2\" content=\"6 minut\" \/>\n<script type=\"application\/ld+json\" class=\"yoast-schema-graph\">{\"@context\":\"https:\/\/schema.org\",\"@graph\":[{\"@type\":\"Article\",\"@id\":\"https:\/\/zyciebrzeska.pl\/?p=3169#article\",\"isPartOf\":{\"@id\":\"https:\/\/zyciebrzeska.pl\/?p=3169\"},\"author\":{\"name\":\"Redaktor\",\"@id\":\"https:\/\/zyciebrzeska.pl\/#\/schema\/person\/4da1e536b1da05972f13052ec6594aff\"},\"headline\":\"Mokrzyska OdNowa\",\"datePublished\":\"2019-05-31T14:49:57+00:00\",\"dateModified\":\"2019-05-31T14:49:57+00:00\",\"mainEntityOfPage\":{\"@id\":\"https:\/\/zyciebrzeska.pl\/?p=3169\"},\"wordCount\":1223,\"commentCount\":0,\"publisher\":{\"@id\":\"https:\/\/zyciebrzeska.pl\/#organization\"},\"image\":{\"@id\":\"https:\/\/zyciebrzeska.pl\/?p=3169#primaryimage\"},\"thumbnailUrl\":\"https:\/\/zyciebrzeska.pl\/wp-content\/uploads\/2019\/05\/FB_IMG_1559313793119.jpg\",\"articleSection\":[\"Wydarzenia\"],\"inLanguage\":\"pl-PL\",\"potentialAction\":[{\"@type\":\"CommentAction\",\"name\":\"Comment\",\"target\":[\"https:\/\/zyciebrzeska.pl\/?p=3169#respond\"]}]},{\"@type\":\"WebPage\",\"@id\":\"https:\/\/zyciebrzeska.pl\/?p=3169\",\"url\":\"https:\/\/zyciebrzeska.pl\/?p=3169\",\"name\":\"Mokrzyska OdNowa - \u017bycie Brzeska\",\"isPartOf\":{\"@id\":\"https:\/\/zyciebrzeska.pl\/#website\"},\"primaryImageOfPage\":{\"@id\":\"https:\/\/zyciebrzeska.pl\/?p=3169#primaryimage\"},\"image\":{\"@id\":\"https:\/\/zyciebrzeska.pl\/?p=3169#primaryimage\"},\"thumbnailUrl\":\"https:\/\/zyciebrzeska.pl\/wp-content\/uploads\/2019\/05\/FB_IMG_1559313793119.jpg\",\"datePublished\":\"2019-05-31T14:49:57+00:00\",\"dateModified\":\"2019-05-31T14:49:57+00:00\",\"breadcrumb\":{\"@id\":\"https:\/\/zyciebrzeska.pl\/?p=3169#breadcrumb\"},\"inLanguage\":\"pl-PL\",\"potentialAction\":[{\"@type\":\"ReadAction\",\"target\":[\"https:\/\/zyciebrzeska.pl\/?p=3169\"]}]},{\"@type\":\"ImageObject\",\"inLanguage\":\"pl-PL\",\"@id\":\"https:\/\/zyciebrzeska.pl\/?p=3169#primaryimage\",\"url\":\"https:\/\/zyciebrzeska.pl\/wp-content\/uploads\/2019\/05\/FB_IMG_1559313793119.jpg\",\"contentUrl\":\"https:\/\/zyciebrzeska.pl\/wp-content\/uploads\/2019\/05\/FB_IMG_1559313793119.jpg\",\"width\":1117,\"height\":720},{\"@type\":\"BreadcrumbList\",\"@id\":\"https:\/\/zyciebrzeska.pl\/?p=3169#breadcrumb\",\"itemListElement\":[{\"@type\":\"ListItem\",\"position\":1,\"name\":\"Home\",\"item\":\"https:\/\/zyciebrzeska.pl\/\"},{\"@type\":\"ListItem\",\"position\":2,\"name\":\"Mokrzyska OdNowa\"}]},{\"@type\":\"WebSite\",\"@id\":\"https:\/\/zyciebrzeska.pl\/#website\",\"url\":\"https:\/\/zyciebrzeska.pl\/\",\"name\":\"\u017bycie Brzeska\",\"description\":\"Portal Ludzi Aktywnych\",\"publisher\":{\"@id\":\"https:\/\/zyciebrzeska.pl\/#organization\"},\"potentialAction\":[{\"@type\":\"SearchAction\",\"target\":{\"@type\":\"EntryPoint\",\"urlTemplate\":\"https:\/\/zyciebrzeska.pl\/?s={search_term_string}\"},\"query-input\":\"required name=search_term_string\"}],\"inLanguage\":\"pl-PL\"},{\"@type\":\"Organization\",\"@id\":\"https:\/\/zyciebrzeska.pl\/#organization\",\"name\":\"\u017bycie Brzeska\",\"url\":\"https:\/\/zyciebrzeska.pl\/\",\"logo\":{\"@type\":\"ImageObject\",\"inLanguage\":\"pl-PL\",\"@id\":\"https:\/\/zyciebrzeska.pl\/#\/schema\/logo\/image\/\",\"url\":\"https:\/\/server818677.nazwa.pl\/wordpress\/wpn_pierwszainstalacja\/wp-content\/uploads\/2023\/06\/admin-ajax.php-2.png\",\"contentUrl\":\"https:\/\/server818677.nazwa.pl\/wordpress\/wpn_pierwszainstalacja\/wp-content\/uploads\/2023\/06\/admin-ajax.php-2.png\",\"width\":400,\"height\":133,\"caption\":\"\u017bycie Brzeska\"},\"image\":{\"@id\":\"https:\/\/zyciebrzeska.pl\/#\/schema\/logo\/image\/\"},\"sameAs\":[\"https:\/\/www.facebook.com\/brzeskoinfo\"]},{\"@type\":\"Person\",\"@id\":\"https:\/\/zyciebrzeska.pl\/#\/schema\/person\/4da1e536b1da05972f13052ec6594aff\",\"name\":\"Redaktor\",\"image\":{\"@type\":\"ImageObject\",\"inLanguage\":\"pl-PL\",\"@id\":\"https:\/\/zyciebrzeska.pl\/#\/schema\/person\/image\/\",\"url\":\"https:\/\/secure.gravatar.com\/avatar\/9564c163e08185c7e0f7d0141ae3914237cf629898e8534b3dd06bb95817ae0b?s=96&d=mm&r=g\",\"contentUrl\":\"https:\/\/secure.gravatar.com\/avatar\/9564c163e08185c7e0f7d0141ae3914237cf629898e8534b3dd06bb95817ae0b?s=96&d=mm&r=g\",\"caption\":\"Redaktor\"},\"sameAs\":[\"http:\/\/zyciebrzeska.pl\"],\"url\":\"https:\/\/zyciebrzeska.pl\/?author=1\"}]}<\/script>\n<!-- \/ Yoast SEO plugin. -->","yoast_head_json":{"title":"Mokrzyska OdNowa - \u017bycie Brzeska","robots":{"index":"index","follow":"follow","max-snippet":"max-snippet:-1","max-image-preview":"max-image-preview:large","max-video-preview":"max-video-preview:-1"},"canonical":"https:\/\/zyciebrzeska.pl\/?p=3169","og_locale":"pl_PL","og_type":"article","og_title":"Mokrzyska OdNowa - \u017bycie Brzeska","og_description":"Kamil Tr\u0105ba w wyniku przeprowadzonych w kwietniu wybor\u00f3w zosta\u0142 nowym so\u0142tysem Mokrzysk. Po oraz pierwszy wybory odby\u0142y si\u0119 w nowej formule, czyli nie jak dotychczas podczas zebrania wiejskiego, ale w wyniku g\u0142osowania w lokalu wyborczym czynnym w godz. od 8:00 do 16:00. Dzi\u0119ki temu w wyborach uczestniczy\u0142a zdecydowanie wi\u0119ksza ilo\u015b\u0107 mieszka\u0144c\u00f3w. W wyniku g\u0142osowania Kamil [&hellip;]","og_url":"https:\/\/zyciebrzeska.pl\/?p=3169","og_site_name":"\u017bycie Brzeska","article_publisher":"https:\/\/www.facebook.com\/brzeskoinfo","article_published_time":"2019-05-31T14:49:57+00:00","og_image":[{"width":1117,"height":720,"url":"https:\/\/zyciebrzeska.pl\/wp-content\/uploads\/2019\/05\/FB_IMG_1559313793119.jpg","type":"image\/jpeg"}],"author":"Redaktor","twitter_card":"summary_large_image","twitter_misc":{"Napisane przez":"Redaktor","Szacowany czas czytania":"6 minut"},"schema":{"@context":"https:\/\/schema.org","@graph":[{"@type":"Article","@id":"https:\/\/zyciebrzeska.pl\/?p=3169#article","isPartOf":{"@id":"https:\/\/zyciebrzeska.pl\/?p=3169"},"author":{"name":"Redaktor","@id":"https:\/\/zyciebrzeska.pl\/#\/schema\/person\/4da1e536b1da05972f13052ec6594aff"},"headline":"Mokrzyska OdNowa","datePublished":"2019-05-31T14:49:57+00:00","dateModified":"2019-05-31T14:49:57+00:00","mainEntityOfPage":{"@id":"https:\/\/zyciebrzeska.pl\/?p=3169"},"wordCount":1223,"commentCount":0,"publisher":{"@id":"https:\/\/zyciebrzeska.pl\/#organization"},"image":{"@id":"https:\/\/zyciebrzeska.pl\/?p=3169#primaryimage"},"thumbnailUrl":"https:\/\/zyciebrzeska.pl\/wp-content\/uploads\/2019\/05\/FB_IMG_1559313793119.jpg","articleSection":["Wydarzenia"],"inLanguage":"pl-PL","potentialAction":[{"@type":"CommentAction","name":"Comment","target":["https:\/\/zyciebrzeska.pl\/?p=3169#respond"]}]},{"@type":"WebPage","@id":"https:\/\/zyciebrzeska.pl\/?p=3169","url":"https:\/\/zyciebrzeska.pl\/?p=3169","name":"Mokrzyska OdNowa - \u017bycie Brzeska","isPartOf":{"@id":"https:\/\/zyciebrzeska.pl\/#website"},"primaryImageOfPage":{"@id":"https:\/\/zyciebrzeska.pl\/?p=3169#primaryimage"},"image":{"@id":"https:\/\/zyciebrzeska.pl\/?p=3169#primaryimage"},"thumbnailUrl":"https:\/\/zyciebrzeska.pl\/wp-content\/uploads\/2019\/05\/FB_IMG_1559313793119.jpg","datePublished":"2019-05-31T14:49:57+00:00","dateModified":"2019-05-31T14:49:57+00:00","breadcrumb":{"@id":"https:\/\/zyciebrzeska.pl\/?p=3169#breadcrumb"},"inLanguage":"pl-PL","potentialAction":[{"@type":"ReadAction","target":["https:\/\/zyciebrzeska.pl\/?p=3169"]}]},{"@type":"ImageObject","inLanguage":"pl-PL","@id":"https:\/\/zyciebrzeska.pl\/?p=3169#primaryimage","url":"https:\/\/zyciebrzeska.pl\/wp-content\/uploads\/2019\/05\/FB_IMG_1559313793119.jpg","contentUrl":"https:\/\/zyciebrzeska.pl\/wp-content\/uploads\/2019\/05\/FB_IMG_1559313793119.jpg","width":1117,"height":720},{"@type":"BreadcrumbList","@id":"https:\/\/zyciebrzeska.pl\/?p=3169#breadcrumb","itemListElement":[{"@type":"ListItem","position":1,"name":"Home","item":"https:\/\/zyciebrzeska.pl\/"},{"@type":"ListItem","position":2,"name":"Mokrzyska OdNowa"}]},{"@type":"WebSite","@id":"https:\/\/zyciebrzeska.pl\/#website","url":"https:\/\/zyciebrzeska.pl\/","name":"\u017bycie Brzeska","description":"Portal Ludzi Aktywnych","publisher":{"@id":"https:\/\/zyciebrzeska.pl\/#organization"},"potentialAction":[{"@type":"SearchAction","target":{"@type":"EntryPoint","urlTemplate":"https:\/\/zyciebrzeska.pl\/?s={search_term_string}"},"query-input":"required name=search_term_string"}],"inLanguage":"pl-PL"},{"@type":"Organization","@id":"https:\/\/zyciebrzeska.pl\/#organization","name":"\u017bycie Brzeska","url":"https:\/\/zyciebrzeska.pl\/","logo":{"@type":"ImageObject","inLanguage":"pl-PL","@id":"https:\/\/zyciebrzeska.pl\/#\/schema\/logo\/image\/","url":"https:\/\/server818677.nazwa.pl\/wordpress\/wpn_pierwszainstalacja\/wp-content\/uploads\/2023\/06\/admin-ajax.php-2.png","contentUrl":"https:\/\/server818677.nazwa.pl\/wordpress\/wpn_pierwszainstalacja\/wp-content\/uploads\/2023\/06\/admin-ajax.php-2.png","width":400,"height":133,"caption":"\u017bycie Brzeska"},"image":{"@id":"https:\/\/zyciebrzeska.pl\/#\/schema\/logo\/image\/"},"sameAs":["https:\/\/www.facebook.com\/brzeskoinfo"]},{"@type":"Person","@id":"https:\/\/zyciebrzeska.pl\/#\/schema\/person\/4da1e536b1da05972f13052ec6594aff","name":"Redaktor","image":{"@type":"ImageObject","inLanguage":"pl-PL","@id":"https:\/\/zyciebrzeska.pl\/#\/schema\/person\/image\/","url":"https:\/\/secure.gravatar.com\/avatar\/9564c163e08185c7e0f7d0141ae3914237cf629898e8534b3dd06bb95817ae0b?s=96&d=mm&r=g","contentUrl":"https:\/\/secure.gravatar.com\/avatar\/9564c163e08185c7e0f7d0141ae3914237cf629898e8534b3dd06bb95817ae0b?s=96&d=mm&r=g","caption":"Redaktor"},"sameAs":["http:\/\/zyciebrzeska.pl"],"url":"https:\/\/zyciebrzeska.pl\/?author=1"}]}},"_links":{"self":[{"href":"https:\/\/zyciebrzeska.pl\/index.php?rest_route=\/wp\/v2\/posts\/3169","targetHints":{"allow":["GET"]}}],"collection":[{"href":"https:\/\/zyciebrzeska.pl\/index.php?rest_route=\/wp\/v2\/posts"}],"about":[{"href":"https:\/\/zyciebrzeska.pl\/index.php?rest_route=\/wp\/v2\/types\/post"}],"author":[{"embeddable":true,"href":"https:\/\/zyciebrzeska.pl\/index.php?rest_route=\/wp\/v2\/users\/1"}],"replies":[{"embeddable":true,"href":"https:\/\/zyciebrzeska.pl\/index.php?rest_route=%2Fwp%2Fv2%2Fcomments&post=3169"}],"version-history":[{"count":0,"href":"https:\/\/zyciebrzeska.pl\/index.php?rest_route=\/wp\/v2\/posts\/3169\/revisions"}],"wp:featuredmedia":[{"embeddable":true,"href":"https:\/\/zyciebrzeska.pl\/index.php?rest_route=\/wp\/v2\/media\/3171"}],"wp:attachment":[{"href":"https:\/\/zyciebrzeska.pl\/index.php?rest_route=%2Fwp%2Fv2%2Fmedia&parent=3169"}],"wp:term":[{"taxonomy":"category","embeddable":true,"href":"https:\/\/zyciebrzeska.pl\/index.php?rest_route=%2Fwp%2Fv2%2Fcategories&post=3169"},{"taxonomy":"post_tag","embeddable":true,"href":"https:\/\/zyciebrzeska.pl\/index.php?rest_route=%2Fwp%2Fv2%2Ftags&post=3169"}],"curies":[{"name":"wp","href":"https:\/\/api.w.org\/{rel}","templated":true}]}}