{"id":3161,"date":"2019-05-31T11:24:15","date_gmt":"2019-05-31T11:24:15","guid":{"rendered":"https:\/\/zyciebrzeska.pl\/?p=3161"},"modified":"2019-05-31T11:24:15","modified_gmt":"2019-05-31T11:24:15","slug":"na-ratunek-przed-powodzia-malopolscy-terytorialsi","status":"publish","type":"post","link":"https:\/\/zyciebrzeska.pl\/?p=3161","title":{"rendered":"NA RATUNEK PRZED POWODZI\u0104? MA\u0141OPOLSCY TERYTORIALSI!"},"content":{"rendered":"\n<p>W \u015brod\u0119 22 maja serca ma\u0142opolskich terytorials\u00f3w dwukrotnie zabi\u0142y zdecydowanie mocniej ni\u017c zwykle. Rano obchodzili pierwsze \u015bwi\u0119to swojej Brygady, w nocy byli ju\u017c na wa\u0142ach i pomagali przed powodzi\u0105 mieszka\u0144com gminy Szczucin. <br> <\/p>\n\n\n\n<h2 class=\"wp-block-heading\">\u015awi\u0119to Brygady<br><\/h2>\n\n\n\n<p> W nocy 22 maja 1944 r., po uprzednim przeszkoleniu spadochronowym <br> na kursie cichociemnych, gen. Leopold Okulicki w ramach operacji \u201eWeller\u201d zosta\u0142 zrzucony do kraju na zrzutowisku w Wierzbnie (Ma\u0142opolska). 75 lat p\u00f3\u017aniej <br> na pami\u0105tk\u0119 tego wydarzenia 11 Ma\u0142opolska Brygada Obrony Terytorialnej <br> im. gen. Leopolda Okulickiego (11 MBOT) obchodzi\u0142a swoje pierwsze \u015bwi\u0119to. <br> W uroczysto\u015bci uczestniczyli najwa\u017cniejsi go\u015bcie Garnizonu Krak\u00f3w, weterani, \u017co\u0142nierze Obrony Terytorialnej oraz pani Irena Okulicka \u2013 Kaczmarek, bratanica genera\u0142a. Uroczysto\u015b\u0107 zako\u0144czy\u0142a si\u0119 \u017co\u0142nierskim pocz\u0119stunkiem oraz spotkaniem <br> z \u017co\u0142nierzami Armii Krajowej. W dobrym nastroju tu\u017c po trzynastej wszyscy opu\u015bcili koszary <br> podkrakowskiej Rz\u0105ski.<\/p>\n\n\n\n<h2 class=\"wp-block-heading\"><br> Alarm<\/h2>\n\n\n\n<p><br> Nie min\u0119\u0142o kilka godzin kiedy w telefonach \u017co\u0142nierzy 111 batalionu lekkiej piechoty rozbrzmia\u0142 sygna\u0142 alarmowy. \u201e!!!ALARM!!! UWAGA TERYTORIALSI!!! Og\u0142aszam natychmiastowe stawiennictwo dla\u2026\u201d. Z powo\u0142ania w trybie natychmiastowego stawiennictwa zostali zwolnieni stra\u017cacy Ochotniczej Stra\u017cy Po\u017carnej, maturzy\u015bci oraz \u017co\u0142nierze dotkni\u0119ci skutkami powodzi. P\u00f3\u0142torej godziny p\u00f3\u017aniej w jednostce stawi\u0142o si\u0119 267 \u017co\u0142nierzy gotowych do pomocy. Wi\u0119kszo\u015b\u0107 sygna\u0142 zasta\u0142 w pracy: m.in. adwokata, kt\u00f3ry zosta\u0142 zwolniony z rozprawy s\u0105dowej, lekarza gotowego do obj\u0119cia dy\u017curu w ramach Szpitalnego Oddzia\u0142u Ratunkowego \u2013 zosta\u0142 odes\u0142any do swoich obowi\u0105zk\u00f3w w szpitalu czy pszczelarza, kt\u00f3ry akurat w tym momencie kupowa\u0142 pszczeli matecznik i z nim stawi\u0142 si\u0119 w jednostce \u2013 wr\u00f3ci\u0142 do domu by po godzinie zameldowa\u0107 si\u0119 tym razem bez pszcz\u00f3\u0142.<\/p>\n\n\n\n<h2 class=\"wp-block-heading\">Pomoc<\/h2>\n\n\n\n<p>Sytuacja by\u0142a dynamiczna i niecierpi\u0105ca zw\u0142oki. Deszcz pada\u0142 nieustaj\u0105co, wody przybywa\u0142o. Tej samej nocy pierwsza grupa terytorials\u00f3w zosta\u0142a wys\u0142ana do gminy Szczucin do miejscowo\u015bci Suchy Grunt. W kolejnych dniach 200 \u017co\u0142nierzy w systemie zmianowym realizowa\u0142o zadania umacniania wa\u0142\u00f3w, patrolowania zabezpiecze\u0144 przeciwpowodziowych oraz ewakuacji dobytku gospodarstw domowych. Do 26 maja \u017co\u0142nierze Obrony Terytorialnej dzia\u0142ali w promieniu 20 km od miejscowo\u015bci Szczucin. <br> W tym samym dniu poprawiaj\u0105ce si\u0119 warunki pogodowe na po\u0142udniu kraju spowodowa\u0142y w porozumieniu z burmistrzem Szczucina podj\u0119cie decyzji <br> o ograniczeniu zaanga\u017cowania 11 MBOT.<br> By\u0142o to pierwsze zadanie dla 11 MBOT w ramach realizacji zada\u0144 z zakresu reagowania kryzysowego. Podzi\u0119kowania dla \u017co\u0142nierzy Brygady przekaza\u0142 Dow\u00f3dca Wojsk Obrony Terytorialnej, kt\u00f3ry podkre\u015bli\u0142 zaanga\u017cowanie, determinacj\u0119, ofiarno\u015b\u0107 <br> i b\u0142yskawiczne stawiennictwo do akcji. <br> Dow\u00f3dc\u0105 11 Ma\u0142opolskiej Brygady Obrony Terytorialnej jest p\u0142k Krzysztof GONCERZ wywodz\u0105cy si\u0119 z Wojsk Specjalnych i Powietrznodesantowych. Dow\u00f3dztwo Brygady i pierwszy sformowany batalion lekkiej piechoty stacjonuj\u0105 <br> w Rz\u0105sce pod Krakowem.<br> Wojska Obrony Terytorialnej to pi\u0105ty rodzaj si\u0142 zbrojnych obok Wojsk Specjalnych, Wojsk L\u0105dowych, Powietrznych i Marynarki Wojennej.<\/p>\n\n\n\n<ul class=\"wp-block-gallery columns-3 is-cropped wp-block-gallery-2 is-layout-flex wp-block-gallery-is-layout-flex\"><li class=\"blocks-gallery-item\"><figure><img loading=\"lazy\" decoding=\"async\" width=\"1024\" height=\"691\" src=\"https:\/\/server818677.nazwa.pl\/wordpress\/wpn_pierwszainstalacja\/wp-content\/uploads\/2019\/05\/18c62835-9fa9-4379-bc58-00b2d0a84921-1024x691.jpg\" alt=\"\" data-id=\"3162\" data-link=\"https:\/\/zyciebrzeska.pl\/?attachment_id=3162\" class=\"wp-image-3162\" srcset=\"https:\/\/zyciebrzeska.pl\/wp-content\/uploads\/2019\/05\/18c62835-9fa9-4379-bc58-00b2d0a84921-1024x691.jpg 1024w, https:\/\/zyciebrzeska.pl\/wp-content\/uploads\/2019\/05\/18c62835-9fa9-4379-bc58-00b2d0a84921-300x203.jpg 300w, https:\/\/zyciebrzeska.pl\/wp-content\/uploads\/2019\/05\/18c62835-9fa9-4379-bc58-00b2d0a84921-768x518.jpg 768w, https:\/\/zyciebrzeska.pl\/wp-content\/uploads\/2019\/05\/18c62835-9fa9-4379-bc58-00b2d0a84921.jpg 1120w\" sizes=\"auto, (max-width: 1024px) 100vw, 1024px\" \/><\/figure><\/li><li class=\"blocks-gallery-item\"><figure><img loading=\"lazy\" decoding=\"async\" width=\"800\" height=\"540\" src=\"https:\/\/server818677.nazwa.pl\/wordpress\/wpn_pierwszainstalacja\/wp-content\/uploads\/2019\/05\/d38dbf22-025f-4406-91b8-52339143aecc.jpg\" alt=\"\" data-id=\"3163\" data-link=\"https:\/\/zyciebrzeska.pl\/?attachment_id=3163\" class=\"wp-image-3163\" srcset=\"https:\/\/zyciebrzeska.pl\/wp-content\/uploads\/2019\/05\/d38dbf22-025f-4406-91b8-52339143aecc.jpg 800w, https:\/\/zyciebrzeska.pl\/wp-content\/uploads\/2019\/05\/d38dbf22-025f-4406-91b8-52339143aecc-300x203.jpg 300w, https:\/\/zyciebrzeska.pl\/wp-content\/uploads\/2019\/05\/d38dbf22-025f-4406-91b8-52339143aecc-768x518.jpg 768w\" sizes=\"auto, (max-width: 800px) 100vw, 800px\" \/><\/figure><\/li><li class=\"blocks-gallery-item\"><figure><img loading=\"lazy\" decoding=\"async\" width=\"1024\" height=\"691\" src=\"https:\/\/server818677.nazwa.pl\/wordpress\/wpn_pierwszainstalacja\/wp-content\/uploads\/2019\/05\/4efa6a52-6f07-40f6-9a55-0cad2705e2c2-1024x691.jpg\" alt=\"\" data-id=\"3164\" data-link=\"https:\/\/zyciebrzeska.pl\/?attachment_id=3164\" class=\"wp-image-3164\" srcset=\"https:\/\/zyciebrzeska.pl\/wp-content\/uploads\/2019\/05\/4efa6a52-6f07-40f6-9a55-0cad2705e2c2-1024x691.jpg 1024w, https:\/\/zyciebrzeska.pl\/wp-content\/uploads\/2019\/05\/4efa6a52-6f07-40f6-9a55-0cad2705e2c2-300x203.jpg 300w, https:\/\/zyciebrzeska.pl\/wp-content\/uploads\/2019\/05\/4efa6a52-6f07-40f6-9a55-0cad2705e2c2-768x518.jpg 768w, https:\/\/zyciebrzeska.pl\/wp-content\/uploads\/2019\/05\/4efa6a52-6f07-40f6-9a55-0cad2705e2c2.jpg 1120w\" sizes=\"auto, (max-width: 1024px) 100vw, 1024px\" \/><\/figure><\/li><li class=\"blocks-gallery-item\"><figure><img decoding=\"async\" src=\"https:\/\/server818677.nazwa.pl\/wordpress\/wpn_pierwszainstalacja\/wp-content\/uploads\/2019\/05\/890b1fda-d1a1-4d76-baf2-4cc484386b79-1024x692.jpg\" alt=\"\" data-id=\"3165\" data-link=\"https:\/\/zyciebrzeska.pl\/?attachment_id=3165\" class=\"wp-image-3165\"\/><\/figure><\/li><li class=\"blocks-gallery-item\"><figure><img loading=\"lazy\" decoding=\"async\" width=\"992\" height=\"558\" src=\"https:\/\/server818677.nazwa.pl\/wordpress\/wpn_pierwszainstalacja\/wp-content\/uploads\/2019\/05\/c6fcf8ed-93ef-444b-b9cf-84ab0bd4c75a.jpg\" alt=\"\" data-id=\"3166\" data-link=\"https:\/\/zyciebrzeska.pl\/?attachment_id=3166\" class=\"wp-image-3166\" srcset=\"https:\/\/zyciebrzeska.pl\/wp-content\/uploads\/2019\/05\/c6fcf8ed-93ef-444b-b9cf-84ab0bd4c75a.jpg 992w, https:\/\/zyciebrzeska.pl\/wp-content\/uploads\/2019\/05\/c6fcf8ed-93ef-444b-b9cf-84ab0bd4c75a-300x169.jpg 300w, https:\/\/zyciebrzeska.pl\/wp-content\/uploads\/2019\/05\/c6fcf8ed-93ef-444b-b9cf-84ab0bd4c75a-768x432.jpg 768w\" sizes=\"auto, (max-width: 992px) 100vw, 992px\" \/><\/figure><\/li><li class=\"blocks-gallery-item\"><figure><img loading=\"lazy\" decoding=\"async\" width=\"1024\" height=\"498\" src=\"https:\/\/server818677.nazwa.pl\/wordpress\/wpn_pierwszainstalacja\/wp-content\/uploads\/2019\/05\/3d702780-f236-4940-ae01-bc3ce7c289a4-1024x498.jpg\" alt=\"\" data-id=\"3167\" data-link=\"https:\/\/zyciebrzeska.pl\/?attachment_id=3167\" class=\"wp-image-3167\" srcset=\"https:\/\/zyciebrzeska.pl\/wp-content\/uploads\/2019\/05\/3d702780-f236-4940-ae01-bc3ce7c289a4-1024x498.jpg 1024w, https:\/\/zyciebrzeska.pl\/wp-content\/uploads\/2019\/05\/3d702780-f236-4940-ae01-bc3ce7c289a4-300x146.jpg 300w, https:\/\/zyciebrzeska.pl\/wp-content\/uploads\/2019\/05\/3d702780-f236-4940-ae01-bc3ce7c289a4-768x373.jpg 768w, https:\/\/zyciebrzeska.pl\/wp-content\/uploads\/2019\/05\/3d702780-f236-4940-ae01-bc3ce7c289a4.jpg 1280w\" sizes=\"auto, (max-width: 1024px) 100vw, 1024px\" \/><\/figure><\/li><\/ul>\n\n\n\n<p><br> mjr Bartosz KUBAL Oficer prasowy<br> 11 Ma\u0142opolska Brygada Obrony Terytorialnej<br> <\/p>\n","protected":false},"excerpt":{"rendered":"<p>W \u015brod\u0119 22 maja serca ma\u0142opolskich terytorials\u00f3w dwukrotnie zabi\u0142y zdecydowanie mocniej ni\u017c zwykle. Rano obchodzili pierwsze \u015bwi\u0119to swojej Brygady, w nocy byli ju\u017c na wa\u0142ach i pomagali przed powodzi\u0105 mieszka\u0144com gminy Szczucin. \u015awi\u0119to Brygady W nocy 22 maja 1944 r., po uprzednim przeszkoleniu spadochronowym na kursie cichociemnych, gen. Leopold Okulicki w ramach operacji \u201eWeller\u201d zosta\u0142 [&hellip;]<\/p>\n","protected":false},"author":1,"featured_media":3162,"comment_status":"open","ping_status":"open","sticky":false,"template":"","format":"standard","meta":{"tdm_status":"","tdm_grid_status":"","footnotes":""},"categories":[10],"tags":[],"class_list":{"0":"post-3161","1":"post","2":"type-post","3":"status-publish","4":"format-standard","5":"has-post-thumbnail","7":"category-wydarzenia"},"yoast_head":"<!-- This site is optimized with the Yoast SEO plugin v22.2 - https:\/\/yoast.com\/wordpress\/plugins\/seo\/ -->\n<title>NA RATUNEK PRZED POWODZI\u0104? MA\u0141OPOLSCY TERYTORIALSI! - \u017bycie Brzeska<\/title>\n<meta name=\"robots\" content=\"index, follow, max-snippet:-1, max-image-preview:large, max-video-preview:-1\" \/>\n<link rel=\"canonical\" href=\"https:\/\/zyciebrzeska.pl\/?p=3161\" \/>\n<meta property=\"og:locale\" content=\"pl_PL\" \/>\n<meta property=\"og:type\" content=\"article\" \/>\n<meta property=\"og:title\" content=\"NA RATUNEK PRZED POWODZI\u0104? MA\u0141OPOLSCY TERYTORIALSI! - \u017bycie Brzeska\" \/>\n<meta property=\"og:description\" content=\"W \u015brod\u0119 22 maja serca ma\u0142opolskich terytorials\u00f3w dwukrotnie zabi\u0142y zdecydowanie mocniej ni\u017c zwykle. Rano obchodzili pierwsze \u015bwi\u0119to swojej Brygady, w nocy byli ju\u017c na wa\u0142ach i pomagali przed powodzi\u0105 mieszka\u0144com gminy Szczucin. \u015awi\u0119to Brygady W nocy 22 maja 1944 r., po uprzednim przeszkoleniu spadochronowym na kursie cichociemnych, gen. Leopold Okulicki w ramach operacji \u201eWeller\u201d zosta\u0142 [&hellip;]\" \/>\n<meta property=\"og:url\" content=\"https:\/\/zyciebrzeska.pl\/?p=3161\" \/>\n<meta property=\"og:site_name\" content=\"\u017bycie Brzeska\" \/>\n<meta property=\"article:publisher\" content=\"https:\/\/www.facebook.com\/brzeskoinfo\" \/>\n<meta property=\"article:published_time\" content=\"2019-05-31T11:24:15+00:00\" \/>\n<meta property=\"og:image\" content=\"https:\/\/zyciebrzeska.pl\/wp-content\/uploads\/2019\/05\/18c62835-9fa9-4379-bc58-00b2d0a84921.jpg\" \/>\n\t<meta property=\"og:image:width\" content=\"1120\" \/>\n\t<meta property=\"og:image:height\" content=\"756\" \/>\n\t<meta property=\"og:image:type\" content=\"image\/jpeg\" \/>\n<meta name=\"author\" content=\"Redaktor\" \/>\n<meta name=\"twitter:card\" content=\"summary_large_image\" \/>\n<meta name=\"twitter:label1\" content=\"Napisane przez\" \/>\n\t<meta name=\"twitter:data1\" content=\"Redaktor\" \/>\n\t<meta name=\"twitter:label2\" content=\"Szacowany czas czytania\" \/>\n\t<meta name=\"twitter:data2\" content=\"2 minuty\" \/>\n<script type=\"application\/ld+json\" class=\"yoast-schema-graph\">{\"@context\":\"https:\/\/schema.org\",\"@graph\":[{\"@type\":\"Article\",\"@id\":\"https:\/\/zyciebrzeska.pl\/?p=3161#article\",\"isPartOf\":{\"@id\":\"https:\/\/zyciebrzeska.pl\/?p=3161\"},\"author\":{\"name\":\"Redaktor\",\"@id\":\"https:\/\/zyciebrzeska.pl\/#\/schema\/person\/4da1e536b1da05972f13052ec6594aff\"},\"headline\":\"NA RATUNEK PRZED POWODZI\u0104? MA\u0141OPOLSCY TERYTORIALSI!\",\"datePublished\":\"2019-05-31T11:24:15+00:00\",\"dateModified\":\"2019-05-31T11:24:15+00:00\",\"mainEntityOfPage\":{\"@id\":\"https:\/\/zyciebrzeska.pl\/?p=3161\"},\"wordCount\":494,\"commentCount\":0,\"publisher\":{\"@id\":\"https:\/\/zyciebrzeska.pl\/#organization\"},\"image\":{\"@id\":\"https:\/\/zyciebrzeska.pl\/?p=3161#primaryimage\"},\"thumbnailUrl\":\"https:\/\/zyciebrzeska.pl\/wp-content\/uploads\/2019\/05\/18c62835-9fa9-4379-bc58-00b2d0a84921.jpg\",\"articleSection\":[\"Wydarzenia\"],\"inLanguage\":\"pl-PL\",\"potentialAction\":[{\"@type\":\"CommentAction\",\"name\":\"Comment\",\"target\":[\"https:\/\/zyciebrzeska.pl\/?p=3161#respond\"]}]},{\"@type\":\"WebPage\",\"@id\":\"https:\/\/zyciebrzeska.pl\/?p=3161\",\"url\":\"https:\/\/zyciebrzeska.pl\/?p=3161\",\"name\":\"NA RATUNEK PRZED POWODZI\u0104? MA\u0141OPOLSCY TERYTORIALSI! - \u017bycie Brzeska\",\"isPartOf\":{\"@id\":\"https:\/\/zyciebrzeska.pl\/#website\"},\"primaryImageOfPage\":{\"@id\":\"https:\/\/zyciebrzeska.pl\/?p=3161#primaryimage\"},\"image\":{\"@id\":\"https:\/\/zyciebrzeska.pl\/?p=3161#primaryimage\"},\"thumbnailUrl\":\"https:\/\/zyciebrzeska.pl\/wp-content\/uploads\/2019\/05\/18c62835-9fa9-4379-bc58-00b2d0a84921.jpg\",\"datePublished\":\"2019-05-31T11:24:15+00:00\",\"dateModified\":\"2019-05-31T11:24:15+00:00\",\"breadcrumb\":{\"@id\":\"https:\/\/zyciebrzeska.pl\/?p=3161#breadcrumb\"},\"inLanguage\":\"pl-PL\",\"potentialAction\":[{\"@type\":\"ReadAction\",\"target\":[\"https:\/\/zyciebrzeska.pl\/?p=3161\"]}]},{\"@type\":\"ImageObject\",\"inLanguage\":\"pl-PL\",\"@id\":\"https:\/\/zyciebrzeska.pl\/?p=3161#primaryimage\",\"url\":\"https:\/\/zyciebrzeska.pl\/wp-content\/uploads\/2019\/05\/18c62835-9fa9-4379-bc58-00b2d0a84921.jpg\",\"contentUrl\":\"https:\/\/zyciebrzeska.pl\/wp-content\/uploads\/2019\/05\/18c62835-9fa9-4379-bc58-00b2d0a84921.jpg\",\"width\":1120,\"height\":756},{\"@type\":\"BreadcrumbList\",\"@id\":\"https:\/\/zyciebrzeska.pl\/?p=3161#breadcrumb\",\"itemListElement\":[{\"@type\":\"ListItem\",\"position\":1,\"name\":\"Home\",\"item\":\"https:\/\/zyciebrzeska.pl\/\"},{\"@type\":\"ListItem\",\"position\":2,\"name\":\"NA RATUNEK PRZED POWODZI\u0104? MA\u0141OPOLSCY TERYTORIALSI!\"}]},{\"@type\":\"WebSite\",\"@id\":\"https:\/\/zyciebrzeska.pl\/#website\",\"url\":\"https:\/\/zyciebrzeska.pl\/\",\"name\":\"\u017bycie Brzeska\",\"description\":\"Portal Ludzi Aktywnych\",\"publisher\":{\"@id\":\"https:\/\/zyciebrzeska.pl\/#organization\"},\"potentialAction\":[{\"@type\":\"SearchAction\",\"target\":{\"@type\":\"EntryPoint\",\"urlTemplate\":\"https:\/\/zyciebrzeska.pl\/?s={search_term_string}\"},\"query-input\":\"required name=search_term_string\"}],\"inLanguage\":\"pl-PL\"},{\"@type\":\"Organization\",\"@id\":\"https:\/\/zyciebrzeska.pl\/#organization\",\"name\":\"\u017bycie Brzeska\",\"url\":\"https:\/\/zyciebrzeska.pl\/\",\"logo\":{\"@type\":\"ImageObject\",\"inLanguage\":\"pl-PL\",\"@id\":\"https:\/\/zyciebrzeska.pl\/#\/schema\/logo\/image\/\",\"url\":\"https:\/\/server818677.nazwa.pl\/wordpress\/wpn_pierwszainstalacja\/wp-content\/uploads\/2023\/06\/admin-ajax.php-2.png\",\"contentUrl\":\"https:\/\/server818677.nazwa.pl\/wordpress\/wpn_pierwszainstalacja\/wp-content\/uploads\/2023\/06\/admin-ajax.php-2.png\",\"width\":400,\"height\":133,\"caption\":\"\u017bycie Brzeska\"},\"image\":{\"@id\":\"https:\/\/zyciebrzeska.pl\/#\/schema\/logo\/image\/\"},\"sameAs\":[\"https:\/\/www.facebook.com\/brzeskoinfo\"]},{\"@type\":\"Person\",\"@id\":\"https:\/\/zyciebrzeska.pl\/#\/schema\/person\/4da1e536b1da05972f13052ec6594aff\",\"name\":\"Redaktor\",\"image\":{\"@type\":\"ImageObject\",\"inLanguage\":\"pl-PL\",\"@id\":\"https:\/\/zyciebrzeska.pl\/#\/schema\/person\/image\/\",\"url\":\"https:\/\/secure.gravatar.com\/avatar\/9564c163e08185c7e0f7d0141ae3914237cf629898e8534b3dd06bb95817ae0b?s=96&d=mm&r=g\",\"contentUrl\":\"https:\/\/secure.gravatar.com\/avatar\/9564c163e08185c7e0f7d0141ae3914237cf629898e8534b3dd06bb95817ae0b?s=96&d=mm&r=g\",\"caption\":\"Redaktor\"},\"sameAs\":[\"http:\/\/zyciebrzeska.pl\"],\"url\":\"https:\/\/zyciebrzeska.pl\/?author=1\"}]}<\/script>\n<!-- \/ Yoast SEO plugin. -->","yoast_head_json":{"title":"NA RATUNEK PRZED POWODZI\u0104? MA\u0141OPOLSCY TERYTORIALSI! - \u017bycie Brzeska","robots":{"index":"index","follow":"follow","max-snippet":"max-snippet:-1","max-image-preview":"max-image-preview:large","max-video-preview":"max-video-preview:-1"},"canonical":"https:\/\/zyciebrzeska.pl\/?p=3161","og_locale":"pl_PL","og_type":"article","og_title":"NA RATUNEK PRZED POWODZI\u0104? MA\u0141OPOLSCY TERYTORIALSI! - \u017bycie Brzeska","og_description":"W \u015brod\u0119 22 maja serca ma\u0142opolskich terytorials\u00f3w dwukrotnie zabi\u0142y zdecydowanie mocniej ni\u017c zwykle. Rano obchodzili pierwsze \u015bwi\u0119to swojej Brygady, w nocy byli ju\u017c na wa\u0142ach i pomagali przed powodzi\u0105 mieszka\u0144com gminy Szczucin. \u015awi\u0119to Brygady W nocy 22 maja 1944 r., po uprzednim przeszkoleniu spadochronowym na kursie cichociemnych, gen. Leopold Okulicki w ramach operacji \u201eWeller\u201d zosta\u0142 [&hellip;]","og_url":"https:\/\/zyciebrzeska.pl\/?p=3161","og_site_name":"\u017bycie Brzeska","article_publisher":"https:\/\/www.facebook.com\/brzeskoinfo","article_published_time":"2019-05-31T11:24:15+00:00","og_image":[{"width":1120,"height":756,"url":"https:\/\/zyciebrzeska.pl\/wp-content\/uploads\/2019\/05\/18c62835-9fa9-4379-bc58-00b2d0a84921.jpg","type":"image\/jpeg"}],"author":"Redaktor","twitter_card":"summary_large_image","twitter_misc":{"Napisane przez":"Redaktor","Szacowany czas czytania":"2 minuty"},"schema":{"@context":"https:\/\/schema.org","@graph":[{"@type":"Article","@id":"https:\/\/zyciebrzeska.pl\/?p=3161#article","isPartOf":{"@id":"https:\/\/zyciebrzeska.pl\/?p=3161"},"author":{"name":"Redaktor","@id":"https:\/\/zyciebrzeska.pl\/#\/schema\/person\/4da1e536b1da05972f13052ec6594aff"},"headline":"NA RATUNEK PRZED POWODZI\u0104? MA\u0141OPOLSCY TERYTORIALSI!","datePublished":"2019-05-31T11:24:15+00:00","dateModified":"2019-05-31T11:24:15+00:00","mainEntityOfPage":{"@id":"https:\/\/zyciebrzeska.pl\/?p=3161"},"wordCount":494,"commentCount":0,"publisher":{"@id":"https:\/\/zyciebrzeska.pl\/#organization"},"image":{"@id":"https:\/\/zyciebrzeska.pl\/?p=3161#primaryimage"},"thumbnailUrl":"https:\/\/zyciebrzeska.pl\/wp-content\/uploads\/2019\/05\/18c62835-9fa9-4379-bc58-00b2d0a84921.jpg","articleSection":["Wydarzenia"],"inLanguage":"pl-PL","potentialAction":[{"@type":"CommentAction","name":"Comment","target":["https:\/\/zyciebrzeska.pl\/?p=3161#respond"]}]},{"@type":"WebPage","@id":"https:\/\/zyciebrzeska.pl\/?p=3161","url":"https:\/\/zyciebrzeska.pl\/?p=3161","name":"NA RATUNEK PRZED POWODZI\u0104? MA\u0141OPOLSCY TERYTORIALSI! - \u017bycie Brzeska","isPartOf":{"@id":"https:\/\/zyciebrzeska.pl\/#website"},"primaryImageOfPage":{"@id":"https:\/\/zyciebrzeska.pl\/?p=3161#primaryimage"},"image":{"@id":"https:\/\/zyciebrzeska.pl\/?p=3161#primaryimage"},"thumbnailUrl":"https:\/\/zyciebrzeska.pl\/wp-content\/uploads\/2019\/05\/18c62835-9fa9-4379-bc58-00b2d0a84921.jpg","datePublished":"2019-05-31T11:24:15+00:00","dateModified":"2019-05-31T11:24:15+00:00","breadcrumb":{"@id":"https:\/\/zyciebrzeska.pl\/?p=3161#breadcrumb"},"inLanguage":"pl-PL","potentialAction":[{"@type":"ReadAction","target":["https:\/\/zyciebrzeska.pl\/?p=3161"]}]},{"@type":"ImageObject","inLanguage":"pl-PL","@id":"https:\/\/zyciebrzeska.pl\/?p=3161#primaryimage","url":"https:\/\/zyciebrzeska.pl\/wp-content\/uploads\/2019\/05\/18c62835-9fa9-4379-bc58-00b2d0a84921.jpg","contentUrl":"https:\/\/zyciebrzeska.pl\/wp-content\/uploads\/2019\/05\/18c62835-9fa9-4379-bc58-00b2d0a84921.jpg","width":1120,"height":756},{"@type":"BreadcrumbList","@id":"https:\/\/zyciebrzeska.pl\/?p=3161#breadcrumb","itemListElement":[{"@type":"ListItem","position":1,"name":"Home","item":"https:\/\/zyciebrzeska.pl\/"},{"@type":"ListItem","position":2,"name":"NA RATUNEK PRZED POWODZI\u0104? MA\u0141OPOLSCY TERYTORIALSI!"}]},{"@type":"WebSite","@id":"https:\/\/zyciebrzeska.pl\/#website","url":"https:\/\/zyciebrzeska.pl\/","name":"\u017bycie Brzeska","description":"Portal Ludzi Aktywnych","publisher":{"@id":"https:\/\/zyciebrzeska.pl\/#organization"},"potentialAction":[{"@type":"SearchAction","target":{"@type":"EntryPoint","urlTemplate":"https:\/\/zyciebrzeska.pl\/?s={search_term_string}"},"query-input":"required name=search_term_string"}],"inLanguage":"pl-PL"},{"@type":"Organization","@id":"https:\/\/zyciebrzeska.pl\/#organization","name":"\u017bycie Brzeska","url":"https:\/\/zyciebrzeska.pl\/","logo":{"@type":"ImageObject","inLanguage":"pl-PL","@id":"https:\/\/zyciebrzeska.pl\/#\/schema\/logo\/image\/","url":"https:\/\/server818677.nazwa.pl\/wordpress\/wpn_pierwszainstalacja\/wp-content\/uploads\/2023\/06\/admin-ajax.php-2.png","contentUrl":"https:\/\/server818677.nazwa.pl\/wordpress\/wpn_pierwszainstalacja\/wp-content\/uploads\/2023\/06\/admin-ajax.php-2.png","width":400,"height":133,"caption":"\u017bycie Brzeska"},"image":{"@id":"https:\/\/zyciebrzeska.pl\/#\/schema\/logo\/image\/"},"sameAs":["https:\/\/www.facebook.com\/brzeskoinfo"]},{"@type":"Person","@id":"https:\/\/zyciebrzeska.pl\/#\/schema\/person\/4da1e536b1da05972f13052ec6594aff","name":"Redaktor","image":{"@type":"ImageObject","inLanguage":"pl-PL","@id":"https:\/\/zyciebrzeska.pl\/#\/schema\/person\/image\/","url":"https:\/\/secure.gravatar.com\/avatar\/9564c163e08185c7e0f7d0141ae3914237cf629898e8534b3dd06bb95817ae0b?s=96&d=mm&r=g","contentUrl":"https:\/\/secure.gravatar.com\/avatar\/9564c163e08185c7e0f7d0141ae3914237cf629898e8534b3dd06bb95817ae0b?s=96&d=mm&r=g","caption":"Redaktor"},"sameAs":["http:\/\/zyciebrzeska.pl"],"url":"https:\/\/zyciebrzeska.pl\/?author=1"}]}},"_links":{"self":[{"href":"https:\/\/zyciebrzeska.pl\/index.php?rest_route=\/wp\/v2\/posts\/3161","targetHints":{"allow":["GET"]}}],"collection":[{"href":"https:\/\/zyciebrzeska.pl\/index.php?rest_route=\/wp\/v2\/posts"}],"about":[{"href":"https:\/\/zyciebrzeska.pl\/index.php?rest_route=\/wp\/v2\/types\/post"}],"author":[{"embeddable":true,"href":"https:\/\/zyciebrzeska.pl\/index.php?rest_route=\/wp\/v2\/users\/1"}],"replies":[{"embeddable":true,"href":"https:\/\/zyciebrzeska.pl\/index.php?rest_route=%2Fwp%2Fv2%2Fcomments&post=3161"}],"version-history":[{"count":0,"href":"https:\/\/zyciebrzeska.pl\/index.php?rest_route=\/wp\/v2\/posts\/3161\/revisions"}],"wp:featuredmedia":[{"embeddable":true,"href":"https:\/\/zyciebrzeska.pl\/index.php?rest_route=\/wp\/v2\/media\/3162"}],"wp:attachment":[{"href":"https:\/\/zyciebrzeska.pl\/index.php?rest_route=%2Fwp%2Fv2%2Fmedia&parent=3161"}],"wp:term":[{"taxonomy":"category","embeddable":true,"href":"https:\/\/zyciebrzeska.pl\/index.php?rest_route=%2Fwp%2Fv2%2Fcategories&post=3161"},{"taxonomy":"post_tag","embeddable":true,"href":"https:\/\/zyciebrzeska.pl\/index.php?rest_route=%2Fwp%2Fv2%2Ftags&post=3161"}],"curies":[{"name":"wp","href":"https:\/\/api.w.org\/{rel}","templated":true}]}}