{"id":3145,"date":"2019-05-29T07:14:43","date_gmt":"2019-05-29T07:14:43","guid":{"rendered":"https:\/\/zyciebrzeska.pl\/?p=3145"},"modified":"2019-05-29T07:14:43","modified_gmt":"2019-05-29T07:14:43","slug":"nagrodzeni-w-konkursie-plastycznym-portret-mamy","status":"publish","type":"post","link":"https:\/\/zyciebrzeska.pl\/?p=3145","title":{"rendered":"NAGRODZENI w konkursie plastycznym Portret Mamy"},"content":{"rendered":"\n<p>W 8. edycji konkursu plastycznego Portret Mamy komisja postanowi\u0142a wyr\u00f3\u017cni\u0107 prace:<\/p>\n\n\n\n<p>Grupa I<\/p>\n\n\n\n<p>Zuzanna Biel (przedszkole integracyjne w Brzesku)Nikodem Tomasik (przedszkole integracyjne w Brzesku)Milana Rita Shekar (przedszkole nr 1 w Brzesku)Maciej Serwach (przedszkole nr 2 w Brzesku)Magdalena Fl\u0105dro (przedszkole nr 3 w Brzesku)Malwina Palej (przedszkole nr 4 w Brzesku)Milena Bartusiak (przedszkole nr 9 w Brzesku)Oliwia Miet\u0142a (przedszkole nr 9 w Brzesku)Magdalena Partyka (przedszkole nr 9 w Brzesku)Zuzanna Nowak (PSP nr 1 w Brzesku)Oktawia Mikos (PSP nr 2 w Brzesku)Oliwia Dobrza\u0144ska (PSP w Jasieniu)Mi\u0142osz Chudyka (PSP w Szczepanowie)Wiktor Czarnecki (PSP w Sterkowcu)Julia Legutko (PSP w Sterkowcu)Hanna Hojnowska (MOK Brzesko \u2013 akademia dzieci\u0119ca)Nadia Stasik (MOK Brzesko \u2013 akademia dzieci\u0119ca)Patrycja M\u0142ynarczyk (MOK Brzesko \u2013 k\u00f3\u0142ko plastyczne)<\/p>\n\n\n\n<p>Grupa II<\/p>\n\n\n\n<p>Wojciech Falkowski (PSP nr 2 w Brzesku)Faustyna Halik (PSP nr 3 w Brzesku)Julia W\u00f3jcik (PSP nr 3 w Brzesku)Marcel Chudyka (PSP w Szczepanowie)Izabela Tyka (MOK Brzesko \u2013 k\u00f3\u0142ko plastyczne)<\/p>\n\n\n\n<p>Grupa III<\/p>\n\n\n\n<p>Paulina Kubala (PSP nr 2 w Brzesku)Daria Mirska (PSP nr 2 w Jadownikach)<\/p>\n\n\n\n<p>Uroczyste rozdanie nagr\u00f3d odb\u0119dzie si\u0119&nbsp;<br>\n2 czerwca 2019 o godz. 11:30 w trakcie obchod\u00f3w Dnia Dziecka na boisku przy krytej p\u0142ywalni BOSiR<\/p>\n\n\n\n<figure class=\"wp-block-image\"><img loading=\"lazy\" decoding=\"async\" width=\"727\" height=\"1024\" src=\"https:\/\/server818677.nazwa.pl\/wordpress\/wpn_pierwszainstalacja\/wp-content\/uploads\/2019\/05\/portret-MAMY-2019-768x1082-1-727x1024.jpg\" alt=\"\" class=\"wp-image-3146\" srcset=\"https:\/\/zyciebrzeska.pl\/wp-content\/uploads\/2019\/05\/portret-MAMY-2019-768x1082-1-727x1024.jpg 727w, https:\/\/zyciebrzeska.pl\/wp-content\/uploads\/2019\/05\/portret-MAMY-2019-768x1082-1-213x300.jpg 213w, https:\/\/zyciebrzeska.pl\/wp-content\/uploads\/2019\/05\/portret-MAMY-2019-768x1082-1.jpg 768w\" sizes=\"auto, (max-width: 727px) 100vw, 727px\" \/><\/figure>\n\n\n\n<p>Brzesko.pl<\/p>\n","protected":false},"excerpt":{"rendered":"<p>W 8. edycji konkursu plastycznego Portret Mamy komisja postanowi\u0142a wyr\u00f3\u017cni\u0107 prace: Grupa I Zuzanna Biel (przedszkole integracyjne w Brzesku)Nikodem Tomasik (przedszkole integracyjne w Brzesku)Milana Rita Shekar (przedszkole nr 1 w Brzesku)Maciej Serwach (przedszkole nr 2 w Brzesku)Magdalena Fl\u0105dro (przedszkole nr 3 w Brzesku)Malwina Palej (przedszkole nr 4 w Brzesku)Milena Bartusiak (przedszkole nr 9 w Brzesku)Oliwia [&hellip;]<\/p>\n","protected":false},"author":1,"featured_media":3146,"comment_status":"open","ping_status":"open","sticky":false,"template":"","format":"standard","meta":{"tdm_status":"","tdm_grid_status":"","footnotes":""},"categories":[10],"tags":[],"class_list":{"0":"post-3145","1":"post","2":"type-post","3":"status-publish","4":"format-standard","5":"has-post-thumbnail","7":"category-wydarzenia"},"yoast_head":"<!-- This site is optimized with the Yoast SEO plugin v22.2 - https:\/\/yoast.com\/wordpress\/plugins\/seo\/ -->\n<title>NAGRODZENI w konkursie plastycznym Portret Mamy - \u017bycie Brzeska<\/title>\n<meta name=\"robots\" content=\"index, follow, max-snippet:-1, max-image-preview:large, max-video-preview:-1\" \/>\n<link rel=\"canonical\" href=\"https:\/\/zyciebrzeska.pl\/?p=3145\" \/>\n<meta property=\"og:locale\" content=\"pl_PL\" \/>\n<meta property=\"og:type\" content=\"article\" \/>\n<meta property=\"og:title\" content=\"NAGRODZENI w konkursie plastycznym Portret Mamy - \u017bycie Brzeska\" \/>\n<meta property=\"og:description\" content=\"W 8. edycji konkursu plastycznego Portret Mamy komisja postanowi\u0142a wyr\u00f3\u017cni\u0107 prace: Grupa I Zuzanna Biel (przedszkole integracyjne w Brzesku)Nikodem Tomasik (przedszkole integracyjne w Brzesku)Milana Rita Shekar (przedszkole nr 1 w Brzesku)Maciej Serwach (przedszkole nr 2 w Brzesku)Magdalena Fl\u0105dro (przedszkole nr 3 w Brzesku)Malwina Palej (przedszkole nr 4 w Brzesku)Milena Bartusiak (przedszkole nr 9 w Brzesku)Oliwia [&hellip;]\" \/>\n<meta property=\"og:url\" content=\"https:\/\/zyciebrzeska.pl\/?p=3145\" \/>\n<meta property=\"og:site_name\" content=\"\u017bycie Brzeska\" \/>\n<meta property=\"article:publisher\" content=\"https:\/\/www.facebook.com\/brzeskoinfo\" \/>\n<meta property=\"article:published_time\" content=\"2019-05-29T07:14:43+00:00\" \/>\n<meta property=\"og:image\" content=\"https:\/\/zyciebrzeska.pl\/wp-content\/uploads\/2019\/05\/portret-MAMY-2019-768x1082-1.jpg\" \/>\n\t<meta property=\"og:image:width\" content=\"768\" \/>\n\t<meta property=\"og:image:height\" content=\"1082\" \/>\n\t<meta property=\"og:image:type\" content=\"image\/jpeg\" \/>\n<meta name=\"author\" content=\"Redaktor\" \/>\n<meta name=\"twitter:card\" content=\"summary_large_image\" \/>\n<meta name=\"twitter:label1\" content=\"Napisane przez\" \/>\n\t<meta name=\"twitter:data1\" content=\"Redaktor\" \/>\n\t<meta name=\"twitter:label2\" content=\"Szacowany czas czytania\" \/>\n\t<meta name=\"twitter:data2\" content=\"1 minuta\" \/>\n<script type=\"application\/ld+json\" class=\"yoast-schema-graph\">{\"@context\":\"https:\/\/schema.org\",\"@graph\":[{\"@type\":\"Article\",\"@id\":\"https:\/\/zyciebrzeska.pl\/?p=3145#article\",\"isPartOf\":{\"@id\":\"https:\/\/zyciebrzeska.pl\/?p=3145\"},\"author\":{\"name\":\"Redaktor\",\"@id\":\"https:\/\/zyciebrzeska.pl\/#\/schema\/person\/4da1e536b1da05972f13052ec6594aff\"},\"headline\":\"NAGRODZENI w konkursie plastycznym Portret Mamy\",\"datePublished\":\"2019-05-29T07:14:43+00:00\",\"dateModified\":\"2019-05-29T07:14:43+00:00\",\"mainEntityOfPage\":{\"@id\":\"https:\/\/zyciebrzeska.pl\/?p=3145\"},\"wordCount\":206,\"commentCount\":0,\"publisher\":{\"@id\":\"https:\/\/zyciebrzeska.pl\/#organization\"},\"image\":{\"@id\":\"https:\/\/zyciebrzeska.pl\/?p=3145#primaryimage\"},\"thumbnailUrl\":\"https:\/\/zyciebrzeska.pl\/wp-content\/uploads\/2019\/05\/portret-MAMY-2019-768x1082-1.jpg\",\"articleSection\":[\"Wydarzenia\"],\"inLanguage\":\"pl-PL\",\"potentialAction\":[{\"@type\":\"CommentAction\",\"name\":\"Comment\",\"target\":[\"https:\/\/zyciebrzeska.pl\/?p=3145#respond\"]}]},{\"@type\":\"WebPage\",\"@id\":\"https:\/\/zyciebrzeska.pl\/?p=3145\",\"url\":\"https:\/\/zyciebrzeska.pl\/?p=3145\",\"name\":\"NAGRODZENI w konkursie plastycznym Portret Mamy - \u017bycie Brzeska\",\"isPartOf\":{\"@id\":\"https:\/\/zyciebrzeska.pl\/#website\"},\"primaryImageOfPage\":{\"@id\":\"https:\/\/zyciebrzeska.pl\/?p=3145#primaryimage\"},\"image\":{\"@id\":\"https:\/\/zyciebrzeska.pl\/?p=3145#primaryimage\"},\"thumbnailUrl\":\"https:\/\/zyciebrzeska.pl\/wp-content\/uploads\/2019\/05\/portret-MAMY-2019-768x1082-1.jpg\",\"datePublished\":\"2019-05-29T07:14:43+00:00\",\"dateModified\":\"2019-05-29T07:14:43+00:00\",\"breadcrumb\":{\"@id\":\"https:\/\/zyciebrzeska.pl\/?p=3145#breadcrumb\"},\"inLanguage\":\"pl-PL\",\"potentialAction\":[{\"@type\":\"ReadAction\",\"target\":[\"https:\/\/zyciebrzeska.pl\/?p=3145\"]}]},{\"@type\":\"ImageObject\",\"inLanguage\":\"pl-PL\",\"@id\":\"https:\/\/zyciebrzeska.pl\/?p=3145#primaryimage\",\"url\":\"https:\/\/zyciebrzeska.pl\/wp-content\/uploads\/2019\/05\/portret-MAMY-2019-768x1082-1.jpg\",\"contentUrl\":\"https:\/\/zyciebrzeska.pl\/wp-content\/uploads\/2019\/05\/portret-MAMY-2019-768x1082-1.jpg\",\"width\":768,\"height\":1082},{\"@type\":\"BreadcrumbList\",\"@id\":\"https:\/\/zyciebrzeska.pl\/?p=3145#breadcrumb\",\"itemListElement\":[{\"@type\":\"ListItem\",\"position\":1,\"name\":\"Home\",\"item\":\"https:\/\/zyciebrzeska.pl\/\"},{\"@type\":\"ListItem\",\"position\":2,\"name\":\"NAGRODZENI w konkursie plastycznym Portret Mamy\"}]},{\"@type\":\"WebSite\",\"@id\":\"https:\/\/zyciebrzeska.pl\/#website\",\"url\":\"https:\/\/zyciebrzeska.pl\/\",\"name\":\"\u017bycie Brzeska\",\"description\":\"Portal Ludzi Aktywnych\",\"publisher\":{\"@id\":\"https:\/\/zyciebrzeska.pl\/#organization\"},\"potentialAction\":[{\"@type\":\"SearchAction\",\"target\":{\"@type\":\"EntryPoint\",\"urlTemplate\":\"https:\/\/zyciebrzeska.pl\/?s={search_term_string}\"},\"query-input\":\"required name=search_term_string\"}],\"inLanguage\":\"pl-PL\"},{\"@type\":\"Organization\",\"@id\":\"https:\/\/zyciebrzeska.pl\/#organization\",\"name\":\"\u017bycie Brzeska\",\"url\":\"https:\/\/zyciebrzeska.pl\/\",\"logo\":{\"@type\":\"ImageObject\",\"inLanguage\":\"pl-PL\",\"@id\":\"https:\/\/zyciebrzeska.pl\/#\/schema\/logo\/image\/\",\"url\":\"https:\/\/server818677.nazwa.pl\/wordpress\/wpn_pierwszainstalacja\/wp-content\/uploads\/2023\/06\/admin-ajax.php-2.png\",\"contentUrl\":\"https:\/\/server818677.nazwa.pl\/wordpress\/wpn_pierwszainstalacja\/wp-content\/uploads\/2023\/06\/admin-ajax.php-2.png\",\"width\":400,\"height\":133,\"caption\":\"\u017bycie Brzeska\"},\"image\":{\"@id\":\"https:\/\/zyciebrzeska.pl\/#\/schema\/logo\/image\/\"},\"sameAs\":[\"https:\/\/www.facebook.com\/brzeskoinfo\"]},{\"@type\":\"Person\",\"@id\":\"https:\/\/zyciebrzeska.pl\/#\/schema\/person\/4da1e536b1da05972f13052ec6594aff\",\"name\":\"Redaktor\",\"image\":{\"@type\":\"ImageObject\",\"inLanguage\":\"pl-PL\",\"@id\":\"https:\/\/zyciebrzeska.pl\/#\/schema\/person\/image\/\",\"url\":\"https:\/\/secure.gravatar.com\/avatar\/9564c163e08185c7e0f7d0141ae3914237cf629898e8534b3dd06bb95817ae0b?s=96&d=mm&r=g\",\"contentUrl\":\"https:\/\/secure.gravatar.com\/avatar\/9564c163e08185c7e0f7d0141ae3914237cf629898e8534b3dd06bb95817ae0b?s=96&d=mm&r=g\",\"caption\":\"Redaktor\"},\"sameAs\":[\"http:\/\/zyciebrzeska.pl\"],\"url\":\"https:\/\/zyciebrzeska.pl\/?author=1\"}]}<\/script>\n<!-- \/ Yoast SEO plugin. -->","yoast_head_json":{"title":"NAGRODZENI w konkursie plastycznym Portret Mamy - \u017bycie Brzeska","robots":{"index":"index","follow":"follow","max-snippet":"max-snippet:-1","max-image-preview":"max-image-preview:large","max-video-preview":"max-video-preview:-1"},"canonical":"https:\/\/zyciebrzeska.pl\/?p=3145","og_locale":"pl_PL","og_type":"article","og_title":"NAGRODZENI w konkursie plastycznym Portret Mamy - \u017bycie Brzeska","og_description":"W 8. edycji konkursu plastycznego Portret Mamy komisja postanowi\u0142a wyr\u00f3\u017cni\u0107 prace: Grupa I Zuzanna Biel (przedszkole integracyjne w Brzesku)Nikodem Tomasik (przedszkole integracyjne w Brzesku)Milana Rita Shekar (przedszkole nr 1 w Brzesku)Maciej Serwach (przedszkole nr 2 w Brzesku)Magdalena Fl\u0105dro (przedszkole nr 3 w Brzesku)Malwina Palej (przedszkole nr 4 w Brzesku)Milena Bartusiak (przedszkole nr 9 w Brzesku)Oliwia [&hellip;]","og_url":"https:\/\/zyciebrzeska.pl\/?p=3145","og_site_name":"\u017bycie Brzeska","article_publisher":"https:\/\/www.facebook.com\/brzeskoinfo","article_published_time":"2019-05-29T07:14:43+00:00","og_image":[{"width":768,"height":1082,"url":"https:\/\/zyciebrzeska.pl\/wp-content\/uploads\/2019\/05\/portret-MAMY-2019-768x1082-1.jpg","type":"image\/jpeg"}],"author":"Redaktor","twitter_card":"summary_large_image","twitter_misc":{"Napisane przez":"Redaktor","Szacowany czas czytania":"1 minuta"},"schema":{"@context":"https:\/\/schema.org","@graph":[{"@type":"Article","@id":"https:\/\/zyciebrzeska.pl\/?p=3145#article","isPartOf":{"@id":"https:\/\/zyciebrzeska.pl\/?p=3145"},"author":{"name":"Redaktor","@id":"https:\/\/zyciebrzeska.pl\/#\/schema\/person\/4da1e536b1da05972f13052ec6594aff"},"headline":"NAGRODZENI w konkursie plastycznym Portret Mamy","datePublished":"2019-05-29T07:14:43+00:00","dateModified":"2019-05-29T07:14:43+00:00","mainEntityOfPage":{"@id":"https:\/\/zyciebrzeska.pl\/?p=3145"},"wordCount":206,"commentCount":0,"publisher":{"@id":"https:\/\/zyciebrzeska.pl\/#organization"},"image":{"@id":"https:\/\/zyciebrzeska.pl\/?p=3145#primaryimage"},"thumbnailUrl":"https:\/\/zyciebrzeska.pl\/wp-content\/uploads\/2019\/05\/portret-MAMY-2019-768x1082-1.jpg","articleSection":["Wydarzenia"],"inLanguage":"pl-PL","potentialAction":[{"@type":"CommentAction","name":"Comment","target":["https:\/\/zyciebrzeska.pl\/?p=3145#respond"]}]},{"@type":"WebPage","@id":"https:\/\/zyciebrzeska.pl\/?p=3145","url":"https:\/\/zyciebrzeska.pl\/?p=3145","name":"NAGRODZENI w konkursie plastycznym Portret Mamy - \u017bycie Brzeska","isPartOf":{"@id":"https:\/\/zyciebrzeska.pl\/#website"},"primaryImageOfPage":{"@id":"https:\/\/zyciebrzeska.pl\/?p=3145#primaryimage"},"image":{"@id":"https:\/\/zyciebrzeska.pl\/?p=3145#primaryimage"},"thumbnailUrl":"https:\/\/zyciebrzeska.pl\/wp-content\/uploads\/2019\/05\/portret-MAMY-2019-768x1082-1.jpg","datePublished":"2019-05-29T07:14:43+00:00","dateModified":"2019-05-29T07:14:43+00:00","breadcrumb":{"@id":"https:\/\/zyciebrzeska.pl\/?p=3145#breadcrumb"},"inLanguage":"pl-PL","potentialAction":[{"@type":"ReadAction","target":["https:\/\/zyciebrzeska.pl\/?p=3145"]}]},{"@type":"ImageObject","inLanguage":"pl-PL","@id":"https:\/\/zyciebrzeska.pl\/?p=3145#primaryimage","url":"https:\/\/zyciebrzeska.pl\/wp-content\/uploads\/2019\/05\/portret-MAMY-2019-768x1082-1.jpg","contentUrl":"https:\/\/zyciebrzeska.pl\/wp-content\/uploads\/2019\/05\/portret-MAMY-2019-768x1082-1.jpg","width":768,"height":1082},{"@type":"BreadcrumbList","@id":"https:\/\/zyciebrzeska.pl\/?p=3145#breadcrumb","itemListElement":[{"@type":"ListItem","position":1,"name":"Home","item":"https:\/\/zyciebrzeska.pl\/"},{"@type":"ListItem","position":2,"name":"NAGRODZENI w konkursie plastycznym Portret Mamy"}]},{"@type":"WebSite","@id":"https:\/\/zyciebrzeska.pl\/#website","url":"https:\/\/zyciebrzeska.pl\/","name":"\u017bycie Brzeska","description":"Portal Ludzi Aktywnych","publisher":{"@id":"https:\/\/zyciebrzeska.pl\/#organization"},"potentialAction":[{"@type":"SearchAction","target":{"@type":"EntryPoint","urlTemplate":"https:\/\/zyciebrzeska.pl\/?s={search_term_string}"},"query-input":"required name=search_term_string"}],"inLanguage":"pl-PL"},{"@type":"Organization","@id":"https:\/\/zyciebrzeska.pl\/#organization","name":"\u017bycie Brzeska","url":"https:\/\/zyciebrzeska.pl\/","logo":{"@type":"ImageObject","inLanguage":"pl-PL","@id":"https:\/\/zyciebrzeska.pl\/#\/schema\/logo\/image\/","url":"https:\/\/server818677.nazwa.pl\/wordpress\/wpn_pierwszainstalacja\/wp-content\/uploads\/2023\/06\/admin-ajax.php-2.png","contentUrl":"https:\/\/server818677.nazwa.pl\/wordpress\/wpn_pierwszainstalacja\/wp-content\/uploads\/2023\/06\/admin-ajax.php-2.png","width":400,"height":133,"caption":"\u017bycie Brzeska"},"image":{"@id":"https:\/\/zyciebrzeska.pl\/#\/schema\/logo\/image\/"},"sameAs":["https:\/\/www.facebook.com\/brzeskoinfo"]},{"@type":"Person","@id":"https:\/\/zyciebrzeska.pl\/#\/schema\/person\/4da1e536b1da05972f13052ec6594aff","name":"Redaktor","image":{"@type":"ImageObject","inLanguage":"pl-PL","@id":"https:\/\/zyciebrzeska.pl\/#\/schema\/person\/image\/","url":"https:\/\/secure.gravatar.com\/avatar\/9564c163e08185c7e0f7d0141ae3914237cf629898e8534b3dd06bb95817ae0b?s=96&d=mm&r=g","contentUrl":"https:\/\/secure.gravatar.com\/avatar\/9564c163e08185c7e0f7d0141ae3914237cf629898e8534b3dd06bb95817ae0b?s=96&d=mm&r=g","caption":"Redaktor"},"sameAs":["http:\/\/zyciebrzeska.pl"],"url":"https:\/\/zyciebrzeska.pl\/?author=1"}]}},"_links":{"self":[{"href":"https:\/\/zyciebrzeska.pl\/index.php?rest_route=\/wp\/v2\/posts\/3145","targetHints":{"allow":["GET"]}}],"collection":[{"href":"https:\/\/zyciebrzeska.pl\/index.php?rest_route=\/wp\/v2\/posts"}],"about":[{"href":"https:\/\/zyciebrzeska.pl\/index.php?rest_route=\/wp\/v2\/types\/post"}],"author":[{"embeddable":true,"href":"https:\/\/zyciebrzeska.pl\/index.php?rest_route=\/wp\/v2\/users\/1"}],"replies":[{"embeddable":true,"href":"https:\/\/zyciebrzeska.pl\/index.php?rest_route=%2Fwp%2Fv2%2Fcomments&post=3145"}],"version-history":[{"count":0,"href":"https:\/\/zyciebrzeska.pl\/index.php?rest_route=\/wp\/v2\/posts\/3145\/revisions"}],"wp:featuredmedia":[{"embeddable":true,"href":"https:\/\/zyciebrzeska.pl\/index.php?rest_route=\/wp\/v2\/media\/3146"}],"wp:attachment":[{"href":"https:\/\/zyciebrzeska.pl\/index.php?rest_route=%2Fwp%2Fv2%2Fmedia&parent=3145"}],"wp:term":[{"taxonomy":"category","embeddable":true,"href":"https:\/\/zyciebrzeska.pl\/index.php?rest_route=%2Fwp%2Fv2%2Fcategories&post=3145"},{"taxonomy":"post_tag","embeddable":true,"href":"https:\/\/zyciebrzeska.pl\/index.php?rest_route=%2Fwp%2Fv2%2Ftags&post=3145"}],"curies":[{"name":"wp","href":"https:\/\/api.w.org\/{rel}","templated":true}]}}