{"id":3142,"date":"2019-05-29T07:11:00","date_gmt":"2019-05-29T07:11:00","guid":{"rendered":"https:\/\/zyciebrzeska.pl\/?p=3142"},"modified":"2019-05-29T07:11:00","modified_gmt":"2019-05-29T07:11:00","slug":"pani-janina-was-skonczyla-100-lat","status":"publish","type":"post","link":"https:\/\/zyciebrzeska.pl\/?p=3142","title":{"rendered":"PANI JANINA W\u0104S SKO\u0143CZY\u0141A 100 LAT"},"content":{"rendered":"\n<p>Burmistrz Brzeska Tomasz Latocha wraz z kierowniczk\u0105 Urz\u0119du Stanu Cywilnego, Aleksandr\u0105 Fija\u0142kowsk\u0105 odwiedzili Janin\u0119 W\u0105s, kt\u00f3ra \u015bwi\u0119towa\u0142a swoje&nbsp;setne urodziny. By\u0142o moc \u017cycze\u0144, kwiaty, prezenty i wspomnienia. Ciesz\u0105ca si\u0119 dobrym zdrowiem Jubilatka \u017cyje otoczona mi\u0142o\u015bci\u0105 i czu\u0142\u0105 opiek\u0105 rodziny oraz szacunkiem s\u0105siad\u00f3w.<\/p>\n\n\n\n<p>Janina W\u0105s, z domu Janisz urodzi\u0142a si\u0119 27 maja 1919 roku w Nowym S\u0105czu. Jej rodzice \u2013 Rozalia i Jan Janiszowie w latach 40. ubieg\u0142ego wieku przenie\u015bli si\u0119 i zamieszkali w S\u0142otwinie, w budynku stoj\u0105cym naprzeciwko stacji kolejowej (dom po remoncie istnieje do dzisiaj \u2013 obecnie mie\u015bci zak\u0142ad Imex). Pa\u0144stwo Janiszowie mieli pi\u0119cioro dzieci \u2013 Janin\u0119, Michalin\u0119, Leopolda, Franciszka i Stanis\u0142awa. Z rodze\u0144stwa \u017cyje tylko Pani Janina.<br>\n22 lutego 1941 roku Pani Janina zawar\u0142a zwi\u0105zek ma\u0142\u017ce\u0144ski z Andrzejem W\u0105sem. Zajmowali mieszkanie s\u0142u\u017cbowe pana Andrzeja w starym budynku starostwa, od strony zachodniej . Mieszkali tam a\u017c do 1960 roku, a nast\u0119pnie przeprowadzili si\u0119 do w\u0142asnego domu znajduj\u0105cego si\u0119 przy ulicy Okocimskiej. Pa\u0144stwo W\u0105sowie dochowali si\u0119 r\u00f3wnie\u017c pi\u0119ciorga dzieci \u2013 c\u00f3rek Barbary i Marii i syn\u00f3w Andrzeja, Stanis\u0142awa i Jerzego. Dwoje z rodze\u0144stwa ju\u017c nie \u017cyje. M\u0105\u017c Pani Janiny zmar\u0142 w 1970 roku.<\/p>\n\n\n\n<p>Od 1952 roku Janina W\u0105s zacz\u0119\u0142a prac\u0119 jako kucharka w przedszkolu nr1 mieszcz\u0105cym si\u0119 w starym budynku cechu rzemios\u0142. Pracowa\u0142a tam do wrze\u015bnia 1980 roku. Wielu m\u0142odszym mieszka\u0144com miasta znana jest jako kucharka oazowa, gdy\u017c przez wiele lat je\u017adzi\u0142a z m\u0142odzie\u017c\u0105 i gotowa\u0142a dla nich w czasie wakacyjnego wypoczynku.<\/p>\n\n\n\n<p>Jubilatka by\u0142a i jest osob\u0105 bardzo religijn\u0105, codziennie uczestniczy\u0142a we mszy, pracowa\u0142a ofiarnie w oddziale Caritas dzia\u0142aj\u0105cym przy parafii \u015bw. Jakuba. Nale\u017cy zaznaczy\u0107, \u017ce by\u0142a jedn\u0105 z os\u00f3b, kt\u00f3re wraz z \u00f3wczesnym proboszczem Jakubem Stosurem reaktywowa\u0142y po wojnie dzia\u0142alno\u015b\u0107 Caritas na terenie Brzeska.<\/p>\n\n\n\n<p>Podczas uroczysto\u015bci przygotowanych z okazji urodzin Pani Janiny rozpoczynaj\u0105cych si\u0119 msz\u0105 odprawion\u0105 przez ks. proboszcza J\u00f3zefa Drabika i ks. pra\u0142ata Stanis\u0142awa Cyrana Jubilatk\u0119 otacza\u0142y dzieci i wnuki z rodzinami, przyjaciele, s\u0105siedzi i znajomi. Pani Janina dochowa\u0142a si\u0119 10 wnuk\u00f3w i 19 prawnuk\u00f3w. Najstarsza prawnuczka Natalia sko\u0144czy\u0142a studia medyczne, najm\u0142odsza Milena ma dwa lata.<\/p>\n\n\n\n<p>Brzesko.pl<\/p>\n","protected":false},"excerpt":{"rendered":"<p>Burmistrz Brzeska Tomasz Latocha wraz z kierowniczk\u0105 Urz\u0119du Stanu Cywilnego, Aleksandr\u0105 Fija\u0142kowsk\u0105 odwiedzili Janin\u0119 W\u0105s, kt\u00f3ra \u015bwi\u0119towa\u0142a swoje&nbsp;setne urodziny. By\u0142o moc \u017cycze\u0144, kwiaty, prezenty i wspomnienia. Ciesz\u0105ca si\u0119 dobrym zdrowiem Jubilatka \u017cyje otoczona mi\u0142o\u015bci\u0105 i czu\u0142\u0105 opiek\u0105 rodziny oraz szacunkiem s\u0105siad\u00f3w. Janina W\u0105s, z domu Janisz urodzi\u0142a si\u0119 27 maja 1919 roku w Nowym S\u0105czu. [&hellip;]<\/p>\n","protected":false},"author":1,"featured_media":3143,"comment_status":"open","ping_status":"open","sticky":false,"template":"","format":"standard","meta":{"tdm_status":"","tdm_grid_status":"","footnotes":""},"categories":[10],"tags":[],"class_list":{"0":"post-3142","1":"post","2":"type-post","3":"status-publish","4":"format-standard","5":"has-post-thumbnail","7":"category-wydarzenia"},"yoast_head":"<!-- This site is optimized with the Yoast SEO plugin v22.2 - https:\/\/yoast.com\/wordpress\/plugins\/seo\/ -->\n<title>PANI JANINA W\u0104S SKO\u0143CZY\u0141A 100 LAT - \u017bycie Brzeska<\/title>\n<meta name=\"robots\" content=\"index, follow, max-snippet:-1, max-image-preview:large, max-video-preview:-1\" \/>\n<link rel=\"canonical\" href=\"https:\/\/zyciebrzeska.pl\/?p=3142\" \/>\n<meta property=\"og:locale\" content=\"pl_PL\" \/>\n<meta property=\"og:type\" content=\"article\" \/>\n<meta property=\"og:title\" content=\"PANI JANINA W\u0104S SKO\u0143CZY\u0141A 100 LAT - \u017bycie Brzeska\" \/>\n<meta property=\"og:description\" content=\"Burmistrz Brzeska Tomasz Latocha wraz z kierowniczk\u0105 Urz\u0119du Stanu Cywilnego, Aleksandr\u0105 Fija\u0142kowsk\u0105 odwiedzili Janin\u0119 W\u0105s, kt\u00f3ra \u015bwi\u0119towa\u0142a swoje&nbsp;setne urodziny. By\u0142o moc \u017cycze\u0144, kwiaty, prezenty i wspomnienia. Ciesz\u0105ca si\u0119 dobrym zdrowiem Jubilatka \u017cyje otoczona mi\u0142o\u015bci\u0105 i czu\u0142\u0105 opiek\u0105 rodziny oraz szacunkiem s\u0105siad\u00f3w. Janina W\u0105s, z domu Janisz urodzi\u0142a si\u0119 27 maja 1919 roku w Nowym S\u0105czu. [&hellip;]\" \/>\n<meta property=\"og:url\" content=\"https:\/\/zyciebrzeska.pl\/?p=3142\" \/>\n<meta property=\"og:site_name\" content=\"\u017bycie Brzeska\" \/>\n<meta property=\"article:publisher\" content=\"https:\/\/www.facebook.com\/brzeskoinfo\" \/>\n<meta property=\"article:published_time\" content=\"2019-05-29T07:11:00+00:00\" \/>\n<meta property=\"og:image\" content=\"https:\/\/zyciebrzeska.pl\/wp-content\/uploads\/2019\/05\/DSC_0232.jpg\" \/>\n\t<meta property=\"og:image:width\" content=\"1200\" \/>\n\t<meta property=\"og:image:height\" content=\"867\" \/>\n\t<meta property=\"og:image:type\" content=\"image\/jpeg\" \/>\n<meta name=\"author\" content=\"Redaktor\" \/>\n<meta name=\"twitter:card\" content=\"summary_large_image\" \/>\n<meta name=\"twitter:label1\" content=\"Napisane przez\" \/>\n\t<meta name=\"twitter:data1\" content=\"Redaktor\" \/>\n\t<meta name=\"twitter:label2\" content=\"Szacowany czas czytania\" \/>\n\t<meta name=\"twitter:data2\" content=\"2 minuty\" \/>\n<script type=\"application\/ld+json\" class=\"yoast-schema-graph\">{\"@context\":\"https:\/\/schema.org\",\"@graph\":[{\"@type\":\"Article\",\"@id\":\"https:\/\/zyciebrzeska.pl\/?p=3142#article\",\"isPartOf\":{\"@id\":\"https:\/\/zyciebrzeska.pl\/?p=3142\"},\"author\":{\"name\":\"Redaktor\",\"@id\":\"https:\/\/zyciebrzeska.pl\/#\/schema\/person\/4da1e536b1da05972f13052ec6594aff\"},\"headline\":\"PANI JANINA W\u0104S SKO\u0143CZY\u0141A 100 LAT\",\"datePublished\":\"2019-05-29T07:11:00+00:00\",\"dateModified\":\"2019-05-29T07:11:00+00:00\",\"mainEntityOfPage\":{\"@id\":\"https:\/\/zyciebrzeska.pl\/?p=3142\"},\"wordCount\":401,\"commentCount\":0,\"publisher\":{\"@id\":\"https:\/\/zyciebrzeska.pl\/#organization\"},\"image\":{\"@id\":\"https:\/\/zyciebrzeska.pl\/?p=3142#primaryimage\"},\"thumbnailUrl\":\"https:\/\/zyciebrzeska.pl\/wp-content\/uploads\/2019\/05\/DSC_0232.jpg\",\"articleSection\":[\"Wydarzenia\"],\"inLanguage\":\"pl-PL\",\"potentialAction\":[{\"@type\":\"CommentAction\",\"name\":\"Comment\",\"target\":[\"https:\/\/zyciebrzeska.pl\/?p=3142#respond\"]}]},{\"@type\":\"WebPage\",\"@id\":\"https:\/\/zyciebrzeska.pl\/?p=3142\",\"url\":\"https:\/\/zyciebrzeska.pl\/?p=3142\",\"name\":\"PANI JANINA W\u0104S SKO\u0143CZY\u0141A 100 LAT - \u017bycie Brzeska\",\"isPartOf\":{\"@id\":\"https:\/\/zyciebrzeska.pl\/#website\"},\"primaryImageOfPage\":{\"@id\":\"https:\/\/zyciebrzeska.pl\/?p=3142#primaryimage\"},\"image\":{\"@id\":\"https:\/\/zyciebrzeska.pl\/?p=3142#primaryimage\"},\"thumbnailUrl\":\"https:\/\/zyciebrzeska.pl\/wp-content\/uploads\/2019\/05\/DSC_0232.jpg\",\"datePublished\":\"2019-05-29T07:11:00+00:00\",\"dateModified\":\"2019-05-29T07:11:00+00:00\",\"breadcrumb\":{\"@id\":\"https:\/\/zyciebrzeska.pl\/?p=3142#breadcrumb\"},\"inLanguage\":\"pl-PL\",\"potentialAction\":[{\"@type\":\"ReadAction\",\"target\":[\"https:\/\/zyciebrzeska.pl\/?p=3142\"]}]},{\"@type\":\"ImageObject\",\"inLanguage\":\"pl-PL\",\"@id\":\"https:\/\/zyciebrzeska.pl\/?p=3142#primaryimage\",\"url\":\"https:\/\/zyciebrzeska.pl\/wp-content\/uploads\/2019\/05\/DSC_0232.jpg\",\"contentUrl\":\"https:\/\/zyciebrzeska.pl\/wp-content\/uploads\/2019\/05\/DSC_0232.jpg\",\"width\":1200,\"height\":867},{\"@type\":\"BreadcrumbList\",\"@id\":\"https:\/\/zyciebrzeska.pl\/?p=3142#breadcrumb\",\"itemListElement\":[{\"@type\":\"ListItem\",\"position\":1,\"name\":\"Home\",\"item\":\"https:\/\/zyciebrzeska.pl\/\"},{\"@type\":\"ListItem\",\"position\":2,\"name\":\"PANI JANINA W\u0104S SKO\u0143CZY\u0141A 100 LAT\"}]},{\"@type\":\"WebSite\",\"@id\":\"https:\/\/zyciebrzeska.pl\/#website\",\"url\":\"https:\/\/zyciebrzeska.pl\/\",\"name\":\"\u017bycie Brzeska\",\"description\":\"Portal Ludzi Aktywnych\",\"publisher\":{\"@id\":\"https:\/\/zyciebrzeska.pl\/#organization\"},\"potentialAction\":[{\"@type\":\"SearchAction\",\"target\":{\"@type\":\"EntryPoint\",\"urlTemplate\":\"https:\/\/zyciebrzeska.pl\/?s={search_term_string}\"},\"query-input\":\"required name=search_term_string\"}],\"inLanguage\":\"pl-PL\"},{\"@type\":\"Organization\",\"@id\":\"https:\/\/zyciebrzeska.pl\/#organization\",\"name\":\"\u017bycie Brzeska\",\"url\":\"https:\/\/zyciebrzeska.pl\/\",\"logo\":{\"@type\":\"ImageObject\",\"inLanguage\":\"pl-PL\",\"@id\":\"https:\/\/zyciebrzeska.pl\/#\/schema\/logo\/image\/\",\"url\":\"https:\/\/server818677.nazwa.pl\/wordpress\/wpn_pierwszainstalacja\/wp-content\/uploads\/2023\/06\/admin-ajax.php-2.png\",\"contentUrl\":\"https:\/\/server818677.nazwa.pl\/wordpress\/wpn_pierwszainstalacja\/wp-content\/uploads\/2023\/06\/admin-ajax.php-2.png\",\"width\":400,\"height\":133,\"caption\":\"\u017bycie Brzeska\"},\"image\":{\"@id\":\"https:\/\/zyciebrzeska.pl\/#\/schema\/logo\/image\/\"},\"sameAs\":[\"https:\/\/www.facebook.com\/brzeskoinfo\"]},{\"@type\":\"Person\",\"@id\":\"https:\/\/zyciebrzeska.pl\/#\/schema\/person\/4da1e536b1da05972f13052ec6594aff\",\"name\":\"Redaktor\",\"image\":{\"@type\":\"ImageObject\",\"inLanguage\":\"pl-PL\",\"@id\":\"https:\/\/zyciebrzeska.pl\/#\/schema\/person\/image\/\",\"url\":\"https:\/\/secure.gravatar.com\/avatar\/9564c163e08185c7e0f7d0141ae3914237cf629898e8534b3dd06bb95817ae0b?s=96&d=mm&r=g\",\"contentUrl\":\"https:\/\/secure.gravatar.com\/avatar\/9564c163e08185c7e0f7d0141ae3914237cf629898e8534b3dd06bb95817ae0b?s=96&d=mm&r=g\",\"caption\":\"Redaktor\"},\"sameAs\":[\"http:\/\/zyciebrzeska.pl\"],\"url\":\"https:\/\/zyciebrzeska.pl\/?author=1\"}]}<\/script>\n<!-- \/ Yoast SEO plugin. -->","yoast_head_json":{"title":"PANI JANINA W\u0104S SKO\u0143CZY\u0141A 100 LAT - \u017bycie Brzeska","robots":{"index":"index","follow":"follow","max-snippet":"max-snippet:-1","max-image-preview":"max-image-preview:large","max-video-preview":"max-video-preview:-1"},"canonical":"https:\/\/zyciebrzeska.pl\/?p=3142","og_locale":"pl_PL","og_type":"article","og_title":"PANI JANINA W\u0104S SKO\u0143CZY\u0141A 100 LAT - \u017bycie Brzeska","og_description":"Burmistrz Brzeska Tomasz Latocha wraz z kierowniczk\u0105 Urz\u0119du Stanu Cywilnego, Aleksandr\u0105 Fija\u0142kowsk\u0105 odwiedzili Janin\u0119 W\u0105s, kt\u00f3ra \u015bwi\u0119towa\u0142a swoje&nbsp;setne urodziny. By\u0142o moc \u017cycze\u0144, kwiaty, prezenty i wspomnienia. Ciesz\u0105ca si\u0119 dobrym zdrowiem Jubilatka \u017cyje otoczona mi\u0142o\u015bci\u0105 i czu\u0142\u0105 opiek\u0105 rodziny oraz szacunkiem s\u0105siad\u00f3w. Janina W\u0105s, z domu Janisz urodzi\u0142a si\u0119 27 maja 1919 roku w Nowym S\u0105czu. [&hellip;]","og_url":"https:\/\/zyciebrzeska.pl\/?p=3142","og_site_name":"\u017bycie Brzeska","article_publisher":"https:\/\/www.facebook.com\/brzeskoinfo","article_published_time":"2019-05-29T07:11:00+00:00","og_image":[{"width":1200,"height":867,"url":"https:\/\/zyciebrzeska.pl\/wp-content\/uploads\/2019\/05\/DSC_0232.jpg","type":"image\/jpeg"}],"author":"Redaktor","twitter_card":"summary_large_image","twitter_misc":{"Napisane przez":"Redaktor","Szacowany czas czytania":"2 minuty"},"schema":{"@context":"https:\/\/schema.org","@graph":[{"@type":"Article","@id":"https:\/\/zyciebrzeska.pl\/?p=3142#article","isPartOf":{"@id":"https:\/\/zyciebrzeska.pl\/?p=3142"},"author":{"name":"Redaktor","@id":"https:\/\/zyciebrzeska.pl\/#\/schema\/person\/4da1e536b1da05972f13052ec6594aff"},"headline":"PANI JANINA W\u0104S SKO\u0143CZY\u0141A 100 LAT","datePublished":"2019-05-29T07:11:00+00:00","dateModified":"2019-05-29T07:11:00+00:00","mainEntityOfPage":{"@id":"https:\/\/zyciebrzeska.pl\/?p=3142"},"wordCount":401,"commentCount":0,"publisher":{"@id":"https:\/\/zyciebrzeska.pl\/#organization"},"image":{"@id":"https:\/\/zyciebrzeska.pl\/?p=3142#primaryimage"},"thumbnailUrl":"https:\/\/zyciebrzeska.pl\/wp-content\/uploads\/2019\/05\/DSC_0232.jpg","articleSection":["Wydarzenia"],"inLanguage":"pl-PL","potentialAction":[{"@type":"CommentAction","name":"Comment","target":["https:\/\/zyciebrzeska.pl\/?p=3142#respond"]}]},{"@type":"WebPage","@id":"https:\/\/zyciebrzeska.pl\/?p=3142","url":"https:\/\/zyciebrzeska.pl\/?p=3142","name":"PANI JANINA W\u0104S SKO\u0143CZY\u0141A 100 LAT - \u017bycie Brzeska","isPartOf":{"@id":"https:\/\/zyciebrzeska.pl\/#website"},"primaryImageOfPage":{"@id":"https:\/\/zyciebrzeska.pl\/?p=3142#primaryimage"},"image":{"@id":"https:\/\/zyciebrzeska.pl\/?p=3142#primaryimage"},"thumbnailUrl":"https:\/\/zyciebrzeska.pl\/wp-content\/uploads\/2019\/05\/DSC_0232.jpg","datePublished":"2019-05-29T07:11:00+00:00","dateModified":"2019-05-29T07:11:00+00:00","breadcrumb":{"@id":"https:\/\/zyciebrzeska.pl\/?p=3142#breadcrumb"},"inLanguage":"pl-PL","potentialAction":[{"@type":"ReadAction","target":["https:\/\/zyciebrzeska.pl\/?p=3142"]}]},{"@type":"ImageObject","inLanguage":"pl-PL","@id":"https:\/\/zyciebrzeska.pl\/?p=3142#primaryimage","url":"https:\/\/zyciebrzeska.pl\/wp-content\/uploads\/2019\/05\/DSC_0232.jpg","contentUrl":"https:\/\/zyciebrzeska.pl\/wp-content\/uploads\/2019\/05\/DSC_0232.jpg","width":1200,"height":867},{"@type":"BreadcrumbList","@id":"https:\/\/zyciebrzeska.pl\/?p=3142#breadcrumb","itemListElement":[{"@type":"ListItem","position":1,"name":"Home","item":"https:\/\/zyciebrzeska.pl\/"},{"@type":"ListItem","position":2,"name":"PANI JANINA W\u0104S SKO\u0143CZY\u0141A 100 LAT"}]},{"@type":"WebSite","@id":"https:\/\/zyciebrzeska.pl\/#website","url":"https:\/\/zyciebrzeska.pl\/","name":"\u017bycie Brzeska","description":"Portal Ludzi Aktywnych","publisher":{"@id":"https:\/\/zyciebrzeska.pl\/#organization"},"potentialAction":[{"@type":"SearchAction","target":{"@type":"EntryPoint","urlTemplate":"https:\/\/zyciebrzeska.pl\/?s={search_term_string}"},"query-input":"required name=search_term_string"}],"inLanguage":"pl-PL"},{"@type":"Organization","@id":"https:\/\/zyciebrzeska.pl\/#organization","name":"\u017bycie Brzeska","url":"https:\/\/zyciebrzeska.pl\/","logo":{"@type":"ImageObject","inLanguage":"pl-PL","@id":"https:\/\/zyciebrzeska.pl\/#\/schema\/logo\/image\/","url":"https:\/\/server818677.nazwa.pl\/wordpress\/wpn_pierwszainstalacja\/wp-content\/uploads\/2023\/06\/admin-ajax.php-2.png","contentUrl":"https:\/\/server818677.nazwa.pl\/wordpress\/wpn_pierwszainstalacja\/wp-content\/uploads\/2023\/06\/admin-ajax.php-2.png","width":400,"height":133,"caption":"\u017bycie Brzeska"},"image":{"@id":"https:\/\/zyciebrzeska.pl\/#\/schema\/logo\/image\/"},"sameAs":["https:\/\/www.facebook.com\/brzeskoinfo"]},{"@type":"Person","@id":"https:\/\/zyciebrzeska.pl\/#\/schema\/person\/4da1e536b1da05972f13052ec6594aff","name":"Redaktor","image":{"@type":"ImageObject","inLanguage":"pl-PL","@id":"https:\/\/zyciebrzeska.pl\/#\/schema\/person\/image\/","url":"https:\/\/secure.gravatar.com\/avatar\/9564c163e08185c7e0f7d0141ae3914237cf629898e8534b3dd06bb95817ae0b?s=96&d=mm&r=g","contentUrl":"https:\/\/secure.gravatar.com\/avatar\/9564c163e08185c7e0f7d0141ae3914237cf629898e8534b3dd06bb95817ae0b?s=96&d=mm&r=g","caption":"Redaktor"},"sameAs":["http:\/\/zyciebrzeska.pl"],"url":"https:\/\/zyciebrzeska.pl\/?author=1"}]}},"_links":{"self":[{"href":"https:\/\/zyciebrzeska.pl\/index.php?rest_route=\/wp\/v2\/posts\/3142","targetHints":{"allow":["GET"]}}],"collection":[{"href":"https:\/\/zyciebrzeska.pl\/index.php?rest_route=\/wp\/v2\/posts"}],"about":[{"href":"https:\/\/zyciebrzeska.pl\/index.php?rest_route=\/wp\/v2\/types\/post"}],"author":[{"embeddable":true,"href":"https:\/\/zyciebrzeska.pl\/index.php?rest_route=\/wp\/v2\/users\/1"}],"replies":[{"embeddable":true,"href":"https:\/\/zyciebrzeska.pl\/index.php?rest_route=%2Fwp%2Fv2%2Fcomments&post=3142"}],"version-history":[{"count":0,"href":"https:\/\/zyciebrzeska.pl\/index.php?rest_route=\/wp\/v2\/posts\/3142\/revisions"}],"wp:featuredmedia":[{"embeddable":true,"href":"https:\/\/zyciebrzeska.pl\/index.php?rest_route=\/wp\/v2\/media\/3143"}],"wp:attachment":[{"href":"https:\/\/zyciebrzeska.pl\/index.php?rest_route=%2Fwp%2Fv2%2Fmedia&parent=3142"}],"wp:term":[{"taxonomy":"category","embeddable":true,"href":"https:\/\/zyciebrzeska.pl\/index.php?rest_route=%2Fwp%2Fv2%2Fcategories&post=3142"},{"taxonomy":"post_tag","embeddable":true,"href":"https:\/\/zyciebrzeska.pl\/index.php?rest_route=%2Fwp%2Fv2%2Ftags&post=3142"}],"curies":[{"name":"wp","href":"https:\/\/api.w.org\/{rel}","templated":true}]}}