{"id":3139,"date":"2019-05-29T07:08:59","date_gmt":"2019-05-29T07:08:59","guid":{"rendered":"https:\/\/zyciebrzeska.pl\/?p=3139"},"modified":"2019-05-29T07:08:59","modified_gmt":"2019-05-29T07:08:59","slug":"porebianie-nagrodzeni","status":"publish","type":"post","link":"https:\/\/zyciebrzeska.pl\/?p=3139","title":{"rendered":"&#8222;POR\u0118BIANIE&#8221; NAGRODZENI"},"content":{"rendered":"\n<p>Zesp\u00f3\u0142 Pie\u015bni i Ta\u0144ca \u201ePor\u0119bianie\u201d wywalczy\u0142 pierwsze miejsce w kategorii m\u0142odzie\u017cowy zesp\u00f3\u0142 prezentuj\u0105cy folklor w formie artystycznie opracowanej oraz\u00a0drug\u0105 lokat\u0119 dla kobiecej grupy \u015bpiewaczej dzia\u0142aj\u0105cej przy zespole podczas 37. Przegl\u0105du Zespo\u0142\u00f3w Regionalnych, Kapel, Instrumentalist\u00f3w, Grup \u015apiewaczych i \u015apiewak\u00f3w Ludowych \u201eKrakowski wianek\u201d. Konkurs odbywa\u0142 si\u0119 w Szczurowej w dniach od 24 do 26 maja. \u201eKrakowski wianek\u201d jest presti\u017cowym konkursem, kt\u00f3ry bezdyskusyjnie potwierdza zgodno\u015b\u0107 z autentyczno\u015bci\u0105 i poprawno\u015b\u0107 wykonania ta\u0144c\u00f3w i przy\u015bpiewek Krakowiak\u00f3w Wschodnich. Jest r\u00f3wnie\u017c docenieniem systematycznej i ci\u0119\u017ckiej pracy tancerzy.<\/p>\n\n\n\n<p>Zesp\u00f3\u0142 Pie\u015bni i Ta\u0144ca \u201ePor\u0119bianie\u201d dzia\u0142a nieprzerwanie od 1991 roku, w \u015bwietlicy wiejskiej w Por\u0119bie Spytkowskiej. Zosta\u0142 za\u0142o\u017cony z inicjatywy pa\u0144 z ko\u0142a gospody\u0144 wiejskich, kt\u00f3re obok wielu innych czynno\u015bci, zbiera\u0142y si\u0119 na wsp\u00f3lne \u015bpiewanie. A \u017ce wychodzi\u0142o im to dobrze i \u0142adnie, zainteresowa\u0142o to \u00f3wczesnego dyrektora MOK w Brzesku i tak do grupy do\u0142\u0105czy\u0142a kapela, zakupiono stroje, a do grupy zacz\u0119li do\u0142\u0105cza\u0107 m\u0142odzi ludzie. I tak z grupy \u015bpiewaj\u0105cych pa\u0144 zacz\u0105\u0142 formowa\u0107 si\u0119 Zesp\u00f3\u0142 Pie\u015bni i Ta\u0144ca \u201ePor\u0119bianie\u201d z opracowanym programem scenicznym, kapel\u0105, strojami.<\/p>\n\n\n\n<p>Przez 28 lat wiele dziesi\u0105tek os\u00f3b ta\u0144czy\u0142o i \u015bpiewa\u0142o wsp\u00f3lnie polskie ta\u0144ce i pie\u015bni ludowe, a tym samym przekazywa\u0142o tradycj\u0119 swoich przodk\u00f3w wsp\u00f3\u0142czesnym. Ta\u0144czyli i \u015bpiewali starsi i m\u0142odsi, z Por\u0119by Spytkowskiej i z okolic, obecnie w sk\u0142ad zespo\u0142u wchodz\u0105 ta\u0144cz\u0105ca grupa m\u0142odzie\u017cy, m\u0119ska i kobieca grupa \u015bpiewacza oraz grupa dzieci. Zesp\u00f3\u0142 Pie\u015bni i Ta\u0144ca \u201ePor\u0119bianie\u201d prezentuje zar\u00f3wno ta\u0144ce i przy\u015bpiewki swojego regionu, czyli Krakowiak\u00f3w Wschodnich, ale r\u00f3wnie\u017c ta\u0144ce i przy\u015bpiewki regionu rzeszowskiego, \u0142owickiego, \u015bl\u0105skiego, Lach\u00f3w S\u0105deckich oraz G\u00f3rali \u017bywieckich.<\/p>\n\n\n\n<p>Grupa \u015bpiewacza ma w swoim repertuarze przy\u015bpiewki i stare pie\u015bni, pie\u015bni patriotyczne oraz bogaty program kol\u0119d i pastora\u0142ek. Zesp\u00f3\u0142 \u201ePor\u0119bianie\u201d niezmordowanie poznaje i przekazuje tradycje regionu brzeskiego prezentuj\u0105c programy obrz\u0119dowe zwi\u0105zane z wa\u017cnymi \u015bwi\u0119tami i momentami dyktowanymi porami roku, takimi jak \u201eWyskubek\u201d, \u201ePlewienie lnu\u201d, \u201e Wy\u017cynek, czyli zako\u0144czenie \u017cniw\u201d, \u201eDr\u00f3\u017cbacka\u201d, \u201eKiszenie kapusty\u201d.<\/p>\n\n\n\n<p>W \u201ePor\u0119bianach\u201d ta\u0144cz\u0105 ju\u017c dzieci artyst\u00f3w, kt\u00f3rzy zesp\u00f3\u0142 formowali, na scenie cz\u0119sto staj\u0105 obok siebie trzy pokolenia ludzi z pasj\u0105 do ta\u0144ca i \u015bpiewu.<br> \u201ePor\u0119bianie\u201d zdobywaj\u0105 liczne nagrody, bierze udzia\u0142 w konkursach i przegl\u0105dach, zar\u00f3wno w kraju jak i zagranic\u0105. Najwa\u017cniejszym jest \u201eKrakowski wianek\u201d, kt\u00f3ry bezdyskusyjnie potwierdza zgodno\u015b\u0107 z autentyczno\u015bci\u0105 i poprawno\u015b\u0107 wykonania ta\u0144c\u00f3w i przy\u015bpiewek Krakowiak\u00f3w Wschodnich. Zesp\u00f3\u0142 z Por\u0119by Spytkowskiej od lat wygrywa na nim nagrody i wyr\u00f3\u017cnienia. Zesp\u00f3\u0142 promuje Polsk\u0119 i polsk\u0105 kultur\u0119 r\u00f3wnie\u017c poza granicami, arty\u015bci odwiedzili W\u0119gry, Niemcy, Chorwacj\u0119, Belgi\u0119, Francj\u0119, Bu\u0142gari\u0119 i Macedoni\u0119.<\/p>\n\n\n\n<p>Brzesko.pl<\/p>\n","protected":false},"excerpt":{"rendered":"<p>Zesp\u00f3\u0142 Pie\u015bni i Ta\u0144ca \u201ePor\u0119bianie\u201d wywalczy\u0142 pierwsze miejsce w kategorii m\u0142odzie\u017cowy zesp\u00f3\u0142 prezentuj\u0105cy folklor w formie artystycznie opracowanej oraz\u00a0drug\u0105 lokat\u0119 dla kobiecej grupy \u015bpiewaczej dzia\u0142aj\u0105cej przy zespole podczas 37. Przegl\u0105du Zespo\u0142\u00f3w Regionalnych, Kapel, Instrumentalist\u00f3w, Grup \u015apiewaczych i \u015apiewak\u00f3w Ludowych \u201eKrakowski wianek\u201d. Konkurs odbywa\u0142 si\u0119 w Szczurowej w dniach od 24 do 26 maja. \u201eKrakowski wianek\u201d [&hellip;]<\/p>\n","protected":false},"author":1,"featured_media":3140,"comment_status":"open","ping_status":"open","sticky":false,"template":"","format":"standard","meta":{"tdm_status":"","tdm_grid_status":"","footnotes":""},"categories":[10],"tags":[],"class_list":{"0":"post-3139","1":"post","2":"type-post","3":"status-publish","4":"format-standard","5":"has-post-thumbnail","7":"category-wydarzenia"},"yoast_head":"<!-- This site is optimized with the Yoast SEO plugin v22.2 - https:\/\/yoast.com\/wordpress\/plugins\/seo\/ -->\n<title>&quot;POR\u0118BIANIE&quot; NAGRODZENI - \u017bycie Brzeska<\/title>\n<meta name=\"robots\" content=\"index, follow, max-snippet:-1, max-image-preview:large, max-video-preview:-1\" \/>\n<link rel=\"canonical\" href=\"https:\/\/zyciebrzeska.pl\/?p=3139\" \/>\n<meta property=\"og:locale\" content=\"pl_PL\" \/>\n<meta property=\"og:type\" content=\"article\" \/>\n<meta property=\"og:title\" content=\"&quot;POR\u0118BIANIE&quot; NAGRODZENI - \u017bycie Brzeska\" \/>\n<meta property=\"og:description\" content=\"Zesp\u00f3\u0142 Pie\u015bni i Ta\u0144ca \u201ePor\u0119bianie\u201d wywalczy\u0142 pierwsze miejsce w kategorii m\u0142odzie\u017cowy zesp\u00f3\u0142 prezentuj\u0105cy folklor w formie artystycznie opracowanej oraz\u00a0drug\u0105 lokat\u0119 dla kobiecej grupy \u015bpiewaczej dzia\u0142aj\u0105cej przy zespole podczas 37. Przegl\u0105du Zespo\u0142\u00f3w Regionalnych, Kapel, Instrumentalist\u00f3w, Grup \u015apiewaczych i \u015apiewak\u00f3w Ludowych \u201eKrakowski wianek\u201d. Konkurs odbywa\u0142 si\u0119 w Szczurowej w dniach od 24 do 26 maja. \u201eKrakowski wianek\u201d [&hellip;]\" \/>\n<meta property=\"og:url\" content=\"https:\/\/zyciebrzeska.pl\/?p=3139\" \/>\n<meta property=\"og:site_name\" content=\"\u017bycie Brzeska\" \/>\n<meta property=\"article:publisher\" content=\"https:\/\/www.facebook.com\/brzeskoinfo\" \/>\n<meta property=\"article:published_time\" content=\"2019-05-29T07:08:59+00:00\" \/>\n<meta property=\"og:image\" content=\"https:\/\/zyciebrzeska.pl\/wp-content\/uploads\/2019\/05\/1-5.jpg\" \/>\n\t<meta property=\"og:image:width\" content=\"1024\" \/>\n\t<meta property=\"og:image:height\" content=\"768\" \/>\n\t<meta property=\"og:image:type\" content=\"image\/jpeg\" \/>\n<meta name=\"author\" content=\"Redaktor\" \/>\n<meta name=\"twitter:card\" content=\"summary_large_image\" \/>\n<meta name=\"twitter:label1\" content=\"Napisane przez\" \/>\n\t<meta name=\"twitter:data1\" content=\"Redaktor\" \/>\n\t<meta name=\"twitter:label2\" content=\"Szacowany czas czytania\" \/>\n\t<meta name=\"twitter:data2\" content=\"2 minuty\" \/>\n<script type=\"application\/ld+json\" class=\"yoast-schema-graph\">{\"@context\":\"https:\/\/schema.org\",\"@graph\":[{\"@type\":\"Article\",\"@id\":\"https:\/\/zyciebrzeska.pl\/?p=3139#article\",\"isPartOf\":{\"@id\":\"https:\/\/zyciebrzeska.pl\/?p=3139\"},\"author\":{\"name\":\"Redaktor\",\"@id\":\"https:\/\/zyciebrzeska.pl\/#\/schema\/person\/4da1e536b1da05972f13052ec6594aff\"},\"headline\":\"&#8222;POR\u0118BIANIE&#8221; NAGRODZENI\",\"datePublished\":\"2019-05-29T07:08:59+00:00\",\"dateModified\":\"2019-05-29T07:08:59+00:00\",\"mainEntityOfPage\":{\"@id\":\"https:\/\/zyciebrzeska.pl\/?p=3139\"},\"wordCount\":501,\"commentCount\":0,\"publisher\":{\"@id\":\"https:\/\/zyciebrzeska.pl\/#organization\"},\"image\":{\"@id\":\"https:\/\/zyciebrzeska.pl\/?p=3139#primaryimage\"},\"thumbnailUrl\":\"https:\/\/zyciebrzeska.pl\/wp-content\/uploads\/2019\/05\/1-5.jpg\",\"articleSection\":[\"Wydarzenia\"],\"inLanguage\":\"pl-PL\",\"potentialAction\":[{\"@type\":\"CommentAction\",\"name\":\"Comment\",\"target\":[\"https:\/\/zyciebrzeska.pl\/?p=3139#respond\"]}]},{\"@type\":\"WebPage\",\"@id\":\"https:\/\/zyciebrzeska.pl\/?p=3139\",\"url\":\"https:\/\/zyciebrzeska.pl\/?p=3139\",\"name\":\"\\\"POR\u0118BIANIE\\\" NAGRODZENI - \u017bycie Brzeska\",\"isPartOf\":{\"@id\":\"https:\/\/zyciebrzeska.pl\/#website\"},\"primaryImageOfPage\":{\"@id\":\"https:\/\/zyciebrzeska.pl\/?p=3139#primaryimage\"},\"image\":{\"@id\":\"https:\/\/zyciebrzeska.pl\/?p=3139#primaryimage\"},\"thumbnailUrl\":\"https:\/\/zyciebrzeska.pl\/wp-content\/uploads\/2019\/05\/1-5.jpg\",\"datePublished\":\"2019-05-29T07:08:59+00:00\",\"dateModified\":\"2019-05-29T07:08:59+00:00\",\"breadcrumb\":{\"@id\":\"https:\/\/zyciebrzeska.pl\/?p=3139#breadcrumb\"},\"inLanguage\":\"pl-PL\",\"potentialAction\":[{\"@type\":\"ReadAction\",\"target\":[\"https:\/\/zyciebrzeska.pl\/?p=3139\"]}]},{\"@type\":\"ImageObject\",\"inLanguage\":\"pl-PL\",\"@id\":\"https:\/\/zyciebrzeska.pl\/?p=3139#primaryimage\",\"url\":\"https:\/\/zyciebrzeska.pl\/wp-content\/uploads\/2019\/05\/1-5.jpg\",\"contentUrl\":\"https:\/\/zyciebrzeska.pl\/wp-content\/uploads\/2019\/05\/1-5.jpg\",\"width\":1024,\"height\":768},{\"@type\":\"BreadcrumbList\",\"@id\":\"https:\/\/zyciebrzeska.pl\/?p=3139#breadcrumb\",\"itemListElement\":[{\"@type\":\"ListItem\",\"position\":1,\"name\":\"Home\",\"item\":\"https:\/\/zyciebrzeska.pl\/\"},{\"@type\":\"ListItem\",\"position\":2,\"name\":\"&#8222;POR\u0118BIANIE&#8221; NAGRODZENI\"}]},{\"@type\":\"WebSite\",\"@id\":\"https:\/\/zyciebrzeska.pl\/#website\",\"url\":\"https:\/\/zyciebrzeska.pl\/\",\"name\":\"\u017bycie Brzeska\",\"description\":\"Portal Ludzi Aktywnych\",\"publisher\":{\"@id\":\"https:\/\/zyciebrzeska.pl\/#organization\"},\"potentialAction\":[{\"@type\":\"SearchAction\",\"target\":{\"@type\":\"EntryPoint\",\"urlTemplate\":\"https:\/\/zyciebrzeska.pl\/?s={search_term_string}\"},\"query-input\":\"required name=search_term_string\"}],\"inLanguage\":\"pl-PL\"},{\"@type\":\"Organization\",\"@id\":\"https:\/\/zyciebrzeska.pl\/#organization\",\"name\":\"\u017bycie Brzeska\",\"url\":\"https:\/\/zyciebrzeska.pl\/\",\"logo\":{\"@type\":\"ImageObject\",\"inLanguage\":\"pl-PL\",\"@id\":\"https:\/\/zyciebrzeska.pl\/#\/schema\/logo\/image\/\",\"url\":\"https:\/\/server818677.nazwa.pl\/wordpress\/wpn_pierwszainstalacja\/wp-content\/uploads\/2023\/06\/admin-ajax.php-2.png\",\"contentUrl\":\"https:\/\/server818677.nazwa.pl\/wordpress\/wpn_pierwszainstalacja\/wp-content\/uploads\/2023\/06\/admin-ajax.php-2.png\",\"width\":400,\"height\":133,\"caption\":\"\u017bycie Brzeska\"},\"image\":{\"@id\":\"https:\/\/zyciebrzeska.pl\/#\/schema\/logo\/image\/\"},\"sameAs\":[\"https:\/\/www.facebook.com\/brzeskoinfo\"]},{\"@type\":\"Person\",\"@id\":\"https:\/\/zyciebrzeska.pl\/#\/schema\/person\/4da1e536b1da05972f13052ec6594aff\",\"name\":\"Redaktor\",\"image\":{\"@type\":\"ImageObject\",\"inLanguage\":\"pl-PL\",\"@id\":\"https:\/\/zyciebrzeska.pl\/#\/schema\/person\/image\/\",\"url\":\"https:\/\/secure.gravatar.com\/avatar\/9564c163e08185c7e0f7d0141ae3914237cf629898e8534b3dd06bb95817ae0b?s=96&d=mm&r=g\",\"contentUrl\":\"https:\/\/secure.gravatar.com\/avatar\/9564c163e08185c7e0f7d0141ae3914237cf629898e8534b3dd06bb95817ae0b?s=96&d=mm&r=g\",\"caption\":\"Redaktor\"},\"sameAs\":[\"http:\/\/zyciebrzeska.pl\"],\"url\":\"https:\/\/zyciebrzeska.pl\/?author=1\"}]}<\/script>\n<!-- \/ Yoast SEO plugin. -->","yoast_head_json":{"title":"\"POR\u0118BIANIE\" NAGRODZENI - \u017bycie Brzeska","robots":{"index":"index","follow":"follow","max-snippet":"max-snippet:-1","max-image-preview":"max-image-preview:large","max-video-preview":"max-video-preview:-1"},"canonical":"https:\/\/zyciebrzeska.pl\/?p=3139","og_locale":"pl_PL","og_type":"article","og_title":"\"POR\u0118BIANIE\" NAGRODZENI - \u017bycie Brzeska","og_description":"Zesp\u00f3\u0142 Pie\u015bni i Ta\u0144ca \u201ePor\u0119bianie\u201d wywalczy\u0142 pierwsze miejsce w kategorii m\u0142odzie\u017cowy zesp\u00f3\u0142 prezentuj\u0105cy folklor w formie artystycznie opracowanej oraz\u00a0drug\u0105 lokat\u0119 dla kobiecej grupy \u015bpiewaczej dzia\u0142aj\u0105cej przy zespole podczas 37. Przegl\u0105du Zespo\u0142\u00f3w Regionalnych, Kapel, Instrumentalist\u00f3w, Grup \u015apiewaczych i \u015apiewak\u00f3w Ludowych \u201eKrakowski wianek\u201d. Konkurs odbywa\u0142 si\u0119 w Szczurowej w dniach od 24 do 26 maja. \u201eKrakowski wianek\u201d [&hellip;]","og_url":"https:\/\/zyciebrzeska.pl\/?p=3139","og_site_name":"\u017bycie Brzeska","article_publisher":"https:\/\/www.facebook.com\/brzeskoinfo","article_published_time":"2019-05-29T07:08:59+00:00","og_image":[{"width":1024,"height":768,"url":"https:\/\/zyciebrzeska.pl\/wp-content\/uploads\/2019\/05\/1-5.jpg","type":"image\/jpeg"}],"author":"Redaktor","twitter_card":"summary_large_image","twitter_misc":{"Napisane przez":"Redaktor","Szacowany czas czytania":"2 minuty"},"schema":{"@context":"https:\/\/schema.org","@graph":[{"@type":"Article","@id":"https:\/\/zyciebrzeska.pl\/?p=3139#article","isPartOf":{"@id":"https:\/\/zyciebrzeska.pl\/?p=3139"},"author":{"name":"Redaktor","@id":"https:\/\/zyciebrzeska.pl\/#\/schema\/person\/4da1e536b1da05972f13052ec6594aff"},"headline":"&#8222;POR\u0118BIANIE&#8221; NAGRODZENI","datePublished":"2019-05-29T07:08:59+00:00","dateModified":"2019-05-29T07:08:59+00:00","mainEntityOfPage":{"@id":"https:\/\/zyciebrzeska.pl\/?p=3139"},"wordCount":501,"commentCount":0,"publisher":{"@id":"https:\/\/zyciebrzeska.pl\/#organization"},"image":{"@id":"https:\/\/zyciebrzeska.pl\/?p=3139#primaryimage"},"thumbnailUrl":"https:\/\/zyciebrzeska.pl\/wp-content\/uploads\/2019\/05\/1-5.jpg","articleSection":["Wydarzenia"],"inLanguage":"pl-PL","potentialAction":[{"@type":"CommentAction","name":"Comment","target":["https:\/\/zyciebrzeska.pl\/?p=3139#respond"]}]},{"@type":"WebPage","@id":"https:\/\/zyciebrzeska.pl\/?p=3139","url":"https:\/\/zyciebrzeska.pl\/?p=3139","name":"\"POR\u0118BIANIE\" NAGRODZENI - \u017bycie Brzeska","isPartOf":{"@id":"https:\/\/zyciebrzeska.pl\/#website"},"primaryImageOfPage":{"@id":"https:\/\/zyciebrzeska.pl\/?p=3139#primaryimage"},"image":{"@id":"https:\/\/zyciebrzeska.pl\/?p=3139#primaryimage"},"thumbnailUrl":"https:\/\/zyciebrzeska.pl\/wp-content\/uploads\/2019\/05\/1-5.jpg","datePublished":"2019-05-29T07:08:59+00:00","dateModified":"2019-05-29T07:08:59+00:00","breadcrumb":{"@id":"https:\/\/zyciebrzeska.pl\/?p=3139#breadcrumb"},"inLanguage":"pl-PL","potentialAction":[{"@type":"ReadAction","target":["https:\/\/zyciebrzeska.pl\/?p=3139"]}]},{"@type":"ImageObject","inLanguage":"pl-PL","@id":"https:\/\/zyciebrzeska.pl\/?p=3139#primaryimage","url":"https:\/\/zyciebrzeska.pl\/wp-content\/uploads\/2019\/05\/1-5.jpg","contentUrl":"https:\/\/zyciebrzeska.pl\/wp-content\/uploads\/2019\/05\/1-5.jpg","width":1024,"height":768},{"@type":"BreadcrumbList","@id":"https:\/\/zyciebrzeska.pl\/?p=3139#breadcrumb","itemListElement":[{"@type":"ListItem","position":1,"name":"Home","item":"https:\/\/zyciebrzeska.pl\/"},{"@type":"ListItem","position":2,"name":"&#8222;POR\u0118BIANIE&#8221; NAGRODZENI"}]},{"@type":"WebSite","@id":"https:\/\/zyciebrzeska.pl\/#website","url":"https:\/\/zyciebrzeska.pl\/","name":"\u017bycie Brzeska","description":"Portal Ludzi Aktywnych","publisher":{"@id":"https:\/\/zyciebrzeska.pl\/#organization"},"potentialAction":[{"@type":"SearchAction","target":{"@type":"EntryPoint","urlTemplate":"https:\/\/zyciebrzeska.pl\/?s={search_term_string}"},"query-input":"required name=search_term_string"}],"inLanguage":"pl-PL"},{"@type":"Organization","@id":"https:\/\/zyciebrzeska.pl\/#organization","name":"\u017bycie Brzeska","url":"https:\/\/zyciebrzeska.pl\/","logo":{"@type":"ImageObject","inLanguage":"pl-PL","@id":"https:\/\/zyciebrzeska.pl\/#\/schema\/logo\/image\/","url":"https:\/\/server818677.nazwa.pl\/wordpress\/wpn_pierwszainstalacja\/wp-content\/uploads\/2023\/06\/admin-ajax.php-2.png","contentUrl":"https:\/\/server818677.nazwa.pl\/wordpress\/wpn_pierwszainstalacja\/wp-content\/uploads\/2023\/06\/admin-ajax.php-2.png","width":400,"height":133,"caption":"\u017bycie Brzeska"},"image":{"@id":"https:\/\/zyciebrzeska.pl\/#\/schema\/logo\/image\/"},"sameAs":["https:\/\/www.facebook.com\/brzeskoinfo"]},{"@type":"Person","@id":"https:\/\/zyciebrzeska.pl\/#\/schema\/person\/4da1e536b1da05972f13052ec6594aff","name":"Redaktor","image":{"@type":"ImageObject","inLanguage":"pl-PL","@id":"https:\/\/zyciebrzeska.pl\/#\/schema\/person\/image\/","url":"https:\/\/secure.gravatar.com\/avatar\/9564c163e08185c7e0f7d0141ae3914237cf629898e8534b3dd06bb95817ae0b?s=96&d=mm&r=g","contentUrl":"https:\/\/secure.gravatar.com\/avatar\/9564c163e08185c7e0f7d0141ae3914237cf629898e8534b3dd06bb95817ae0b?s=96&d=mm&r=g","caption":"Redaktor"},"sameAs":["http:\/\/zyciebrzeska.pl"],"url":"https:\/\/zyciebrzeska.pl\/?author=1"}]}},"_links":{"self":[{"href":"https:\/\/zyciebrzeska.pl\/index.php?rest_route=\/wp\/v2\/posts\/3139","targetHints":{"allow":["GET"]}}],"collection":[{"href":"https:\/\/zyciebrzeska.pl\/index.php?rest_route=\/wp\/v2\/posts"}],"about":[{"href":"https:\/\/zyciebrzeska.pl\/index.php?rest_route=\/wp\/v2\/types\/post"}],"author":[{"embeddable":true,"href":"https:\/\/zyciebrzeska.pl\/index.php?rest_route=\/wp\/v2\/users\/1"}],"replies":[{"embeddable":true,"href":"https:\/\/zyciebrzeska.pl\/index.php?rest_route=%2Fwp%2Fv2%2Fcomments&post=3139"}],"version-history":[{"count":0,"href":"https:\/\/zyciebrzeska.pl\/index.php?rest_route=\/wp\/v2\/posts\/3139\/revisions"}],"wp:featuredmedia":[{"embeddable":true,"href":"https:\/\/zyciebrzeska.pl\/index.php?rest_route=\/wp\/v2\/media\/3140"}],"wp:attachment":[{"href":"https:\/\/zyciebrzeska.pl\/index.php?rest_route=%2Fwp%2Fv2%2Fmedia&parent=3139"}],"wp:term":[{"taxonomy":"category","embeddable":true,"href":"https:\/\/zyciebrzeska.pl\/index.php?rest_route=%2Fwp%2Fv2%2Fcategories&post=3139"},{"taxonomy":"post_tag","embeddable":true,"href":"https:\/\/zyciebrzeska.pl\/index.php?rest_route=%2Fwp%2Fv2%2Ftags&post=3139"}],"curies":[{"name":"wp","href":"https:\/\/api.w.org\/{rel}","templated":true}]}}