{"id":3126,"date":"2019-05-27T21:09:12","date_gmt":"2019-05-27T21:09:12","guid":{"rendered":"https:\/\/zyciebrzeska.pl\/?p=3126"},"modified":"2019-05-27T21:09:12","modified_gmt":"2019-05-27T21:09:12","slug":"policjanci-odzyskali-przywlaszczony-samochod","status":"publish","type":"post","link":"https:\/\/zyciebrzeska.pl\/?p=3126","title":{"rendered":"Policjanci odzyskali przyw\u0142aszczony samoch\u00f3d"},"content":{"rendered":"\n<p>55-letni mieszkaniec Brzeska us\u0142ysza\u0142 zarzut przyw\u0142aszczenia forda mondeo, kt\u00f3rego wynaj\u0105\u0142 w jednej z wypo\u017cyczalni samochodowej na terenie powiatu brzeskiego. Przez kilkana\u015bcie miesi\u0119cy zbywa\u0142 w\u0142a\u015bciciela auta, \u017ce samoch\u00f3d zwr\u00f3ci. Zniecierpliwiony postaw\u0105 55-latka w\u0142a\u015bciciel wypo\u017cyczalni zg\u0142osi\u0142 spraw\u0119 na Policj\u0119. Funkcjonariusze odzyskali przyw\u0142aszczony samoch\u00f3d a m\u0119\u017cczyzna, kt\u00f3ry \u201ezwleka\u0142\u201d z jego oddaniem us\u0142ysza\u0142 zarzuty.<\/p>\n\n\n\n<p>9 maja br. do Komendy Powiatowej Policji w Brzesku zg\u0142osi\u0142 si\u0119 w\u0142a\u015bciciel wypo\u017cyczalni samochodowej sk\u0142adaj\u0105c zawiadomienie o przyw\u0142aszczeniu jednego z pojazd\u00f3w. Opowiedzia\u0142 \u015bledczym, \u017ce w ubieg\u0142ym roku wynaj\u0105\u0142 forda mondeo mieszka\u0144cowi Brzeska, kt\u00f3ry do tej pory nie zwr\u00f3ci\u0142 pojazdu. Kilkukrotnie kontaktowa\u0142 si\u0119 telefonicznie z najemc\u0105, jednak ten za ka\u017cdym razem przekonywa\u0142 go, \u017ce pojawi si\u0119 w firmie i zwr\u00f3ci pojazd. Przez kolejne miesi\u0105ce zwodzi\u0142 w\u0142a\u015bciciela, \u017ce odkupi samoch\u00f3d i ureguluje nale\u017cno\u015bci za niego. W ostateczno\u015bci ca\u0142kowicie zerwa\u0142 kontakt telefoniczny. Zirytowany ca\u0142\u0105 sytuacj\u0105 w\u0142a\u015bciciel firmy chc\u0105c odzyska\u0107 sw\u00f3j samoch\u00f3d zg\u0142osi si\u0119 do brzeskiej jednostki. 21 maja br. policjanci dotarli do 55-latka dysponuj\u0105cego pojazdem. W rozmowie z nim ustalili, \u017ce ford znajduje si\u0119 na terenie \u015al\u0105ska. Policjanci z Brzeska skontaktowali si\u0119 z funkcjonariuszami wojew\u00f3dztwa \u015bl\u0105skiego w efekcie czego zabezpieczono pojazd, kt\u00f3ry wr\u00f3ci\u0142 ju\u017c w r\u0119ce prawowitego w\u0142a\u015bciciela. M\u0119\u017cczyzna, kt\u00f3ry \u201ezwleka\u0142\u201d z oddaniem samochodu us\u0142ysza\u0142 zarzut przyw\u0142aszczenia powierzonego mienia. Przest\u0119pstwo to jest zagro\u017cone kar\u0105 pozbawienia wolno\u015bci do lat 5.<\/p>\n\n\n\n<p>Brzesko.policja.gov.pl<\/p>\n","protected":false},"excerpt":{"rendered":"<p>55-letni mieszkaniec Brzeska us\u0142ysza\u0142 zarzut przyw\u0142aszczenia forda mondeo, kt\u00f3rego wynaj\u0105\u0142 w jednej z wypo\u017cyczalni samochodowej na terenie powiatu brzeskiego. Przez kilkana\u015bcie miesi\u0119cy zbywa\u0142 w\u0142a\u015bciciela auta, \u017ce samoch\u00f3d zwr\u00f3ci. Zniecierpliwiony postaw\u0105 55-latka w\u0142a\u015bciciel wypo\u017cyczalni zg\u0142osi\u0142 spraw\u0119 na Policj\u0119. Funkcjonariusze odzyskali przyw\u0142aszczony samoch\u00f3d a m\u0119\u017cczyzna, kt\u00f3ry \u201ezwleka\u0142\u201d z jego oddaniem us\u0142ysza\u0142 zarzuty. 9 maja br. do Komendy [&hellip;]<\/p>\n","protected":false},"author":1,"featured_media":3127,"comment_status":"open","ping_status":"open","sticky":false,"template":"","format":"standard","meta":{"tdm_status":"","tdm_grid_status":"","footnotes":""},"categories":[10],"tags":[],"class_list":{"0":"post-3126","1":"post","2":"type-post","3":"status-publish","4":"format-standard","5":"has-post-thumbnail","7":"category-wydarzenia"},"yoast_head":"<!-- This site is optimized with the Yoast SEO plugin v22.2 - https:\/\/yoast.com\/wordpress\/plugins\/seo\/ -->\n<title>Policjanci odzyskali przyw\u0142aszczony samoch\u00f3d - \u017bycie Brzeska<\/title>\n<meta name=\"robots\" content=\"index, follow, max-snippet:-1, max-image-preview:large, max-video-preview:-1\" \/>\n<link rel=\"canonical\" href=\"https:\/\/zyciebrzeska.pl\/?p=3126\" \/>\n<meta property=\"og:locale\" content=\"pl_PL\" \/>\n<meta property=\"og:type\" content=\"article\" \/>\n<meta property=\"og:title\" content=\"Policjanci odzyskali przyw\u0142aszczony samoch\u00f3d - \u017bycie Brzeska\" \/>\n<meta property=\"og:description\" content=\"55-letni mieszkaniec Brzeska us\u0142ysza\u0142 zarzut przyw\u0142aszczenia forda mondeo, kt\u00f3rego wynaj\u0105\u0142 w jednej z wypo\u017cyczalni samochodowej na terenie powiatu brzeskiego. Przez kilkana\u015bcie miesi\u0119cy zbywa\u0142 w\u0142a\u015bciciela auta, \u017ce samoch\u00f3d zwr\u00f3ci. Zniecierpliwiony postaw\u0105 55-latka w\u0142a\u015bciciel wypo\u017cyczalni zg\u0142osi\u0142 spraw\u0119 na Policj\u0119. Funkcjonariusze odzyskali przyw\u0142aszczony samoch\u00f3d a m\u0119\u017cczyzna, kt\u00f3ry \u201ezwleka\u0142\u201d z jego oddaniem us\u0142ysza\u0142 zarzuty. 9 maja br. do Komendy [&hellip;]\" \/>\n<meta property=\"og:url\" content=\"https:\/\/zyciebrzeska.pl\/?p=3126\" \/>\n<meta property=\"og:site_name\" content=\"\u017bycie Brzeska\" \/>\n<meta property=\"article:publisher\" content=\"https:\/\/www.facebook.com\/brzeskoinfo\" \/>\n<meta property=\"article:published_time\" content=\"2019-05-27T21:09:12+00:00\" \/>\n<meta property=\"og:image\" content=\"https:\/\/zyciebrzeska.pl\/wp-content\/uploads\/2019\/05\/img-20190524-wa0002_2_0.jpg\" \/>\n\t<meta property=\"og:image:width\" content=\"220\" \/>\n\t<meta property=\"og:image:height\" content=\"179\" \/>\n\t<meta property=\"og:image:type\" content=\"image\/jpeg\" \/>\n<meta name=\"author\" content=\"Redaktor\" \/>\n<meta name=\"twitter:card\" content=\"summary_large_image\" \/>\n<meta name=\"twitter:label1\" content=\"Napisane przez\" \/>\n\t<meta name=\"twitter:data1\" content=\"Redaktor\" \/>\n\t<meta name=\"twitter:label2\" content=\"Szacowany czas czytania\" \/>\n\t<meta name=\"twitter:data2\" content=\"1 minuta\" \/>\n<script type=\"application\/ld+json\" class=\"yoast-schema-graph\">{\"@context\":\"https:\/\/schema.org\",\"@graph\":[{\"@type\":\"Article\",\"@id\":\"https:\/\/zyciebrzeska.pl\/?p=3126#article\",\"isPartOf\":{\"@id\":\"https:\/\/zyciebrzeska.pl\/?p=3126\"},\"author\":{\"name\":\"Redaktor\",\"@id\":\"https:\/\/zyciebrzeska.pl\/#\/schema\/person\/4da1e536b1da05972f13052ec6594aff\"},\"headline\":\"Policjanci odzyskali przyw\u0142aszczony samoch\u00f3d\",\"datePublished\":\"2019-05-27T21:09:12+00:00\",\"dateModified\":\"2019-05-27T21:09:12+00:00\",\"mainEntityOfPage\":{\"@id\":\"https:\/\/zyciebrzeska.pl\/?p=3126\"},\"wordCount\":276,\"commentCount\":0,\"publisher\":{\"@id\":\"https:\/\/zyciebrzeska.pl\/#organization\"},\"image\":{\"@id\":\"https:\/\/zyciebrzeska.pl\/?p=3126#primaryimage\"},\"thumbnailUrl\":\"https:\/\/zyciebrzeska.pl\/wp-content\/uploads\/2019\/05\/img-20190524-wa0002_2_0.jpg\",\"articleSection\":[\"Wydarzenia\"],\"inLanguage\":\"pl-PL\",\"potentialAction\":[{\"@type\":\"CommentAction\",\"name\":\"Comment\",\"target\":[\"https:\/\/zyciebrzeska.pl\/?p=3126#respond\"]}]},{\"@type\":\"WebPage\",\"@id\":\"https:\/\/zyciebrzeska.pl\/?p=3126\",\"url\":\"https:\/\/zyciebrzeska.pl\/?p=3126\",\"name\":\"Policjanci odzyskali przyw\u0142aszczony samoch\u00f3d - \u017bycie Brzeska\",\"isPartOf\":{\"@id\":\"https:\/\/zyciebrzeska.pl\/#website\"},\"primaryImageOfPage\":{\"@id\":\"https:\/\/zyciebrzeska.pl\/?p=3126#primaryimage\"},\"image\":{\"@id\":\"https:\/\/zyciebrzeska.pl\/?p=3126#primaryimage\"},\"thumbnailUrl\":\"https:\/\/zyciebrzeska.pl\/wp-content\/uploads\/2019\/05\/img-20190524-wa0002_2_0.jpg\",\"datePublished\":\"2019-05-27T21:09:12+00:00\",\"dateModified\":\"2019-05-27T21:09:12+00:00\",\"breadcrumb\":{\"@id\":\"https:\/\/zyciebrzeska.pl\/?p=3126#breadcrumb\"},\"inLanguage\":\"pl-PL\",\"potentialAction\":[{\"@type\":\"ReadAction\",\"target\":[\"https:\/\/zyciebrzeska.pl\/?p=3126\"]}]},{\"@type\":\"ImageObject\",\"inLanguage\":\"pl-PL\",\"@id\":\"https:\/\/zyciebrzeska.pl\/?p=3126#primaryimage\",\"url\":\"https:\/\/zyciebrzeska.pl\/wp-content\/uploads\/2019\/05\/img-20190524-wa0002_2_0.jpg\",\"contentUrl\":\"https:\/\/zyciebrzeska.pl\/wp-content\/uploads\/2019\/05\/img-20190524-wa0002_2_0.jpg\",\"width\":220,\"height\":179},{\"@type\":\"BreadcrumbList\",\"@id\":\"https:\/\/zyciebrzeska.pl\/?p=3126#breadcrumb\",\"itemListElement\":[{\"@type\":\"ListItem\",\"position\":1,\"name\":\"Home\",\"item\":\"https:\/\/zyciebrzeska.pl\/\"},{\"@type\":\"ListItem\",\"position\":2,\"name\":\"Policjanci odzyskali przyw\u0142aszczony samoch\u00f3d\"}]},{\"@type\":\"WebSite\",\"@id\":\"https:\/\/zyciebrzeska.pl\/#website\",\"url\":\"https:\/\/zyciebrzeska.pl\/\",\"name\":\"\u017bycie Brzeska\",\"description\":\"Portal Ludzi Aktywnych\",\"publisher\":{\"@id\":\"https:\/\/zyciebrzeska.pl\/#organization\"},\"potentialAction\":[{\"@type\":\"SearchAction\",\"target\":{\"@type\":\"EntryPoint\",\"urlTemplate\":\"https:\/\/zyciebrzeska.pl\/?s={search_term_string}\"},\"query-input\":\"required name=search_term_string\"}],\"inLanguage\":\"pl-PL\"},{\"@type\":\"Organization\",\"@id\":\"https:\/\/zyciebrzeska.pl\/#organization\",\"name\":\"\u017bycie Brzeska\",\"url\":\"https:\/\/zyciebrzeska.pl\/\",\"logo\":{\"@type\":\"ImageObject\",\"inLanguage\":\"pl-PL\",\"@id\":\"https:\/\/zyciebrzeska.pl\/#\/schema\/logo\/image\/\",\"url\":\"https:\/\/server818677.nazwa.pl\/wordpress\/wpn_pierwszainstalacja\/wp-content\/uploads\/2023\/06\/admin-ajax.php-2.png\",\"contentUrl\":\"https:\/\/server818677.nazwa.pl\/wordpress\/wpn_pierwszainstalacja\/wp-content\/uploads\/2023\/06\/admin-ajax.php-2.png\",\"width\":400,\"height\":133,\"caption\":\"\u017bycie Brzeska\"},\"image\":{\"@id\":\"https:\/\/zyciebrzeska.pl\/#\/schema\/logo\/image\/\"},\"sameAs\":[\"https:\/\/www.facebook.com\/brzeskoinfo\"]},{\"@type\":\"Person\",\"@id\":\"https:\/\/zyciebrzeska.pl\/#\/schema\/person\/4da1e536b1da05972f13052ec6594aff\",\"name\":\"Redaktor\",\"image\":{\"@type\":\"ImageObject\",\"inLanguage\":\"pl-PL\",\"@id\":\"https:\/\/zyciebrzeska.pl\/#\/schema\/person\/image\/\",\"url\":\"https:\/\/secure.gravatar.com\/avatar\/9564c163e08185c7e0f7d0141ae3914237cf629898e8534b3dd06bb95817ae0b?s=96&d=mm&r=g\",\"contentUrl\":\"https:\/\/secure.gravatar.com\/avatar\/9564c163e08185c7e0f7d0141ae3914237cf629898e8534b3dd06bb95817ae0b?s=96&d=mm&r=g\",\"caption\":\"Redaktor\"},\"sameAs\":[\"http:\/\/zyciebrzeska.pl\"],\"url\":\"https:\/\/zyciebrzeska.pl\/?author=1\"}]}<\/script>\n<!-- \/ Yoast SEO plugin. -->","yoast_head_json":{"title":"Policjanci odzyskali przyw\u0142aszczony samoch\u00f3d - \u017bycie Brzeska","robots":{"index":"index","follow":"follow","max-snippet":"max-snippet:-1","max-image-preview":"max-image-preview:large","max-video-preview":"max-video-preview:-1"},"canonical":"https:\/\/zyciebrzeska.pl\/?p=3126","og_locale":"pl_PL","og_type":"article","og_title":"Policjanci odzyskali przyw\u0142aszczony samoch\u00f3d - \u017bycie Brzeska","og_description":"55-letni mieszkaniec Brzeska us\u0142ysza\u0142 zarzut przyw\u0142aszczenia forda mondeo, kt\u00f3rego wynaj\u0105\u0142 w jednej z wypo\u017cyczalni samochodowej na terenie powiatu brzeskiego. Przez kilkana\u015bcie miesi\u0119cy zbywa\u0142 w\u0142a\u015bciciela auta, \u017ce samoch\u00f3d zwr\u00f3ci. Zniecierpliwiony postaw\u0105 55-latka w\u0142a\u015bciciel wypo\u017cyczalni zg\u0142osi\u0142 spraw\u0119 na Policj\u0119. Funkcjonariusze odzyskali przyw\u0142aszczony samoch\u00f3d a m\u0119\u017cczyzna, kt\u00f3ry \u201ezwleka\u0142\u201d z jego oddaniem us\u0142ysza\u0142 zarzuty. 9 maja br. do Komendy [&hellip;]","og_url":"https:\/\/zyciebrzeska.pl\/?p=3126","og_site_name":"\u017bycie Brzeska","article_publisher":"https:\/\/www.facebook.com\/brzeskoinfo","article_published_time":"2019-05-27T21:09:12+00:00","og_image":[{"width":220,"height":179,"url":"https:\/\/zyciebrzeska.pl\/wp-content\/uploads\/2019\/05\/img-20190524-wa0002_2_0.jpg","type":"image\/jpeg"}],"author":"Redaktor","twitter_card":"summary_large_image","twitter_misc":{"Napisane przez":"Redaktor","Szacowany czas czytania":"1 minuta"},"schema":{"@context":"https:\/\/schema.org","@graph":[{"@type":"Article","@id":"https:\/\/zyciebrzeska.pl\/?p=3126#article","isPartOf":{"@id":"https:\/\/zyciebrzeska.pl\/?p=3126"},"author":{"name":"Redaktor","@id":"https:\/\/zyciebrzeska.pl\/#\/schema\/person\/4da1e536b1da05972f13052ec6594aff"},"headline":"Policjanci odzyskali przyw\u0142aszczony samoch\u00f3d","datePublished":"2019-05-27T21:09:12+00:00","dateModified":"2019-05-27T21:09:12+00:00","mainEntityOfPage":{"@id":"https:\/\/zyciebrzeska.pl\/?p=3126"},"wordCount":276,"commentCount":0,"publisher":{"@id":"https:\/\/zyciebrzeska.pl\/#organization"},"image":{"@id":"https:\/\/zyciebrzeska.pl\/?p=3126#primaryimage"},"thumbnailUrl":"https:\/\/zyciebrzeska.pl\/wp-content\/uploads\/2019\/05\/img-20190524-wa0002_2_0.jpg","articleSection":["Wydarzenia"],"inLanguage":"pl-PL","potentialAction":[{"@type":"CommentAction","name":"Comment","target":["https:\/\/zyciebrzeska.pl\/?p=3126#respond"]}]},{"@type":"WebPage","@id":"https:\/\/zyciebrzeska.pl\/?p=3126","url":"https:\/\/zyciebrzeska.pl\/?p=3126","name":"Policjanci odzyskali przyw\u0142aszczony samoch\u00f3d - \u017bycie Brzeska","isPartOf":{"@id":"https:\/\/zyciebrzeska.pl\/#website"},"primaryImageOfPage":{"@id":"https:\/\/zyciebrzeska.pl\/?p=3126#primaryimage"},"image":{"@id":"https:\/\/zyciebrzeska.pl\/?p=3126#primaryimage"},"thumbnailUrl":"https:\/\/zyciebrzeska.pl\/wp-content\/uploads\/2019\/05\/img-20190524-wa0002_2_0.jpg","datePublished":"2019-05-27T21:09:12+00:00","dateModified":"2019-05-27T21:09:12+00:00","breadcrumb":{"@id":"https:\/\/zyciebrzeska.pl\/?p=3126#breadcrumb"},"inLanguage":"pl-PL","potentialAction":[{"@type":"ReadAction","target":["https:\/\/zyciebrzeska.pl\/?p=3126"]}]},{"@type":"ImageObject","inLanguage":"pl-PL","@id":"https:\/\/zyciebrzeska.pl\/?p=3126#primaryimage","url":"https:\/\/zyciebrzeska.pl\/wp-content\/uploads\/2019\/05\/img-20190524-wa0002_2_0.jpg","contentUrl":"https:\/\/zyciebrzeska.pl\/wp-content\/uploads\/2019\/05\/img-20190524-wa0002_2_0.jpg","width":220,"height":179},{"@type":"BreadcrumbList","@id":"https:\/\/zyciebrzeska.pl\/?p=3126#breadcrumb","itemListElement":[{"@type":"ListItem","position":1,"name":"Home","item":"https:\/\/zyciebrzeska.pl\/"},{"@type":"ListItem","position":2,"name":"Policjanci odzyskali przyw\u0142aszczony samoch\u00f3d"}]},{"@type":"WebSite","@id":"https:\/\/zyciebrzeska.pl\/#website","url":"https:\/\/zyciebrzeska.pl\/","name":"\u017bycie Brzeska","description":"Portal Ludzi Aktywnych","publisher":{"@id":"https:\/\/zyciebrzeska.pl\/#organization"},"potentialAction":[{"@type":"SearchAction","target":{"@type":"EntryPoint","urlTemplate":"https:\/\/zyciebrzeska.pl\/?s={search_term_string}"},"query-input":"required name=search_term_string"}],"inLanguage":"pl-PL"},{"@type":"Organization","@id":"https:\/\/zyciebrzeska.pl\/#organization","name":"\u017bycie Brzeska","url":"https:\/\/zyciebrzeska.pl\/","logo":{"@type":"ImageObject","inLanguage":"pl-PL","@id":"https:\/\/zyciebrzeska.pl\/#\/schema\/logo\/image\/","url":"https:\/\/server818677.nazwa.pl\/wordpress\/wpn_pierwszainstalacja\/wp-content\/uploads\/2023\/06\/admin-ajax.php-2.png","contentUrl":"https:\/\/server818677.nazwa.pl\/wordpress\/wpn_pierwszainstalacja\/wp-content\/uploads\/2023\/06\/admin-ajax.php-2.png","width":400,"height":133,"caption":"\u017bycie Brzeska"},"image":{"@id":"https:\/\/zyciebrzeska.pl\/#\/schema\/logo\/image\/"},"sameAs":["https:\/\/www.facebook.com\/brzeskoinfo"]},{"@type":"Person","@id":"https:\/\/zyciebrzeska.pl\/#\/schema\/person\/4da1e536b1da05972f13052ec6594aff","name":"Redaktor","image":{"@type":"ImageObject","inLanguage":"pl-PL","@id":"https:\/\/zyciebrzeska.pl\/#\/schema\/person\/image\/","url":"https:\/\/secure.gravatar.com\/avatar\/9564c163e08185c7e0f7d0141ae3914237cf629898e8534b3dd06bb95817ae0b?s=96&d=mm&r=g","contentUrl":"https:\/\/secure.gravatar.com\/avatar\/9564c163e08185c7e0f7d0141ae3914237cf629898e8534b3dd06bb95817ae0b?s=96&d=mm&r=g","caption":"Redaktor"},"sameAs":["http:\/\/zyciebrzeska.pl"],"url":"https:\/\/zyciebrzeska.pl\/?author=1"}]}},"_links":{"self":[{"href":"https:\/\/zyciebrzeska.pl\/index.php?rest_route=\/wp\/v2\/posts\/3126","targetHints":{"allow":["GET"]}}],"collection":[{"href":"https:\/\/zyciebrzeska.pl\/index.php?rest_route=\/wp\/v2\/posts"}],"about":[{"href":"https:\/\/zyciebrzeska.pl\/index.php?rest_route=\/wp\/v2\/types\/post"}],"author":[{"embeddable":true,"href":"https:\/\/zyciebrzeska.pl\/index.php?rest_route=\/wp\/v2\/users\/1"}],"replies":[{"embeddable":true,"href":"https:\/\/zyciebrzeska.pl\/index.php?rest_route=%2Fwp%2Fv2%2Fcomments&post=3126"}],"version-history":[{"count":0,"href":"https:\/\/zyciebrzeska.pl\/index.php?rest_route=\/wp\/v2\/posts\/3126\/revisions"}],"wp:featuredmedia":[{"embeddable":true,"href":"https:\/\/zyciebrzeska.pl\/index.php?rest_route=\/wp\/v2\/media\/3127"}],"wp:attachment":[{"href":"https:\/\/zyciebrzeska.pl\/index.php?rest_route=%2Fwp%2Fv2%2Fmedia&parent=3126"}],"wp:term":[{"taxonomy":"category","embeddable":true,"href":"https:\/\/zyciebrzeska.pl\/index.php?rest_route=%2Fwp%2Fv2%2Fcategories&post=3126"},{"taxonomy":"post_tag","embeddable":true,"href":"https:\/\/zyciebrzeska.pl\/index.php?rest_route=%2Fwp%2Fv2%2Ftags&post=3126"}],"curies":[{"name":"wp","href":"https:\/\/api.w.org\/{rel}","templated":true}]}}