{"id":3114,"date":"2019-05-27T20:57:26","date_gmt":"2019-05-27T20:57:26","guid":{"rendered":"https:\/\/zyciebrzeska.pl\/?p=3114"},"modified":"2019-05-27T20:57:26","modified_gmt":"2019-05-27T20:57:26","slug":"pojechali-do-starego-sacza","status":"publish","type":"post","link":"https:\/\/zyciebrzeska.pl\/?p=3114","title":{"rendered":"POJECHALI DO STAREGO S\u0104CZA"},"content":{"rendered":"\n<p>Blisko 50 mieszka\u0144c\u00f3w Okocimia pojecha\u0142o do Starego S\u0105cza, gdzie wzi\u0119li udzia\u0142 w uroczysto\u015bciach rozpoczynaj\u0105cych peregrynacj\u0119 relikwii obrazu \u015bwi\u0119tego&nbsp;Jana Paw\u0142a II. Organizatorem wyjazdu by\u0142 oddzia\u0142 Akcji Katolickiej dzia\u0142aj\u0105cy przy parafii Tr\u00f3jcy Przenaj\u015bwi\u0119tszej w Okocimiu.<\/p>\n\n\n\n<p>Organizatorzy wyjazdu twierdz\u0105, \u017ce przygotowywany by\u0142 on z my\u015bl\u0105 o tym, aby bior\u0105ce w nim udzia\u0142 rodziny mia\u0142y mo\u017cliwo\u015b\u0107 umocnienia jedno\u015bci, utwierdzenie w nadziei, szczeg\u00f3lnie w sytuacjach kryzysowych zwi\u0105zanych z zagro\u017ceniem uzale\u017cnieniami.<\/p>\n\n\n\n<p>Wyjazd do Starego S\u0105cza wspar\u0142 burmistrz Brzeska, Tomasz Latocha.<\/p>\n\n\n\n<p>Brzesko.pl<\/p>\n","protected":false},"excerpt":{"rendered":"<p>Blisko 50 mieszka\u0144c\u00f3w Okocimia pojecha\u0142o do Starego S\u0105cza, gdzie wzi\u0119li udzia\u0142 w uroczysto\u015bciach rozpoczynaj\u0105cych peregrynacj\u0119 relikwii obrazu \u015bwi\u0119tego&nbsp;Jana Paw\u0142a II. Organizatorem wyjazdu by\u0142 oddzia\u0142 Akcji Katolickiej dzia\u0142aj\u0105cy przy parafii Tr\u00f3jcy Przenaj\u015bwi\u0119tszej w Okocimiu. Organizatorzy wyjazdu twierdz\u0105, \u017ce przygotowywany by\u0142 on z my\u015bl\u0105 o tym, aby bior\u0105ce w nim udzia\u0142 rodziny mia\u0142y mo\u017cliwo\u015b\u0107 umocnienia jedno\u015bci, utwierdzenie [&hellip;]<\/p>\n","protected":false},"author":1,"featured_media":3115,"comment_status":"open","ping_status":"open","sticky":false,"template":"","format":"standard","meta":{"tdm_status":"","tdm_grid_status":"","footnotes":""},"categories":[10],"tags":[],"class_list":{"0":"post-3114","1":"post","2":"type-post","3":"status-publish","4":"format-standard","5":"has-post-thumbnail","7":"category-wydarzenia"},"yoast_head":"<!-- This site is optimized with the Yoast SEO plugin v22.2 - https:\/\/yoast.com\/wordpress\/plugins\/seo\/ -->\n<title>POJECHALI DO STAREGO S\u0104CZA - \u017bycie Brzeska<\/title>\n<meta name=\"robots\" content=\"index, follow, max-snippet:-1, max-image-preview:large, max-video-preview:-1\" \/>\n<link rel=\"canonical\" href=\"https:\/\/zyciebrzeska.pl\/?p=3114\" \/>\n<meta property=\"og:locale\" content=\"pl_PL\" \/>\n<meta property=\"og:type\" content=\"article\" \/>\n<meta property=\"og:title\" content=\"POJECHALI DO STAREGO S\u0104CZA - \u017bycie Brzeska\" \/>\n<meta property=\"og:description\" content=\"Blisko 50 mieszka\u0144c\u00f3w Okocimia pojecha\u0142o do Starego S\u0105cza, gdzie wzi\u0119li udzia\u0142 w uroczysto\u015bciach rozpoczynaj\u0105cych peregrynacj\u0119 relikwii obrazu \u015bwi\u0119tego&nbsp;Jana Paw\u0142a II. Organizatorem wyjazdu by\u0142 oddzia\u0142 Akcji Katolickiej dzia\u0142aj\u0105cy przy parafii Tr\u00f3jcy Przenaj\u015bwi\u0119tszej w Okocimiu. Organizatorzy wyjazdu twierdz\u0105, \u017ce przygotowywany by\u0142 on z my\u015bl\u0105 o tym, aby bior\u0105ce w nim udzia\u0142 rodziny mia\u0142y mo\u017cliwo\u015b\u0107 umocnienia jedno\u015bci, utwierdzenie [&hellip;]\" \/>\n<meta property=\"og:url\" content=\"https:\/\/zyciebrzeska.pl\/?p=3114\" \/>\n<meta property=\"og:site_name\" content=\"\u017bycie Brzeska\" \/>\n<meta property=\"article:publisher\" content=\"https:\/\/www.facebook.com\/brzeskoinfo\" \/>\n<meta property=\"article:published_time\" content=\"2019-05-27T20:57:26+00:00\" \/>\n<meta property=\"og:image\" content=\"https:\/\/zyciebrzeska.pl\/wp-content\/uploads\/2019\/05\/received_955940521280602.jpeg.jpg\" \/>\n\t<meta property=\"og:image:width\" content=\"1600\" \/>\n\t<meta property=\"og:image:height\" content=\"1200\" \/>\n\t<meta property=\"og:image:type\" content=\"image\/jpeg\" \/>\n<meta name=\"author\" content=\"Redaktor\" \/>\n<meta name=\"twitter:card\" content=\"summary_large_image\" \/>\n<meta name=\"twitter:label1\" content=\"Napisane przez\" \/>\n\t<meta name=\"twitter:data1\" content=\"Redaktor\" \/>\n\t<meta name=\"twitter:label2\" content=\"Szacowany czas czytania\" \/>\n\t<meta name=\"twitter:data2\" content=\"1 minuta\" \/>\n<script type=\"application\/ld+json\" class=\"yoast-schema-graph\">{\"@context\":\"https:\/\/schema.org\",\"@graph\":[{\"@type\":\"Article\",\"@id\":\"https:\/\/zyciebrzeska.pl\/?p=3114#article\",\"isPartOf\":{\"@id\":\"https:\/\/zyciebrzeska.pl\/?p=3114\"},\"author\":{\"name\":\"Redaktor\",\"@id\":\"https:\/\/zyciebrzeska.pl\/#\/schema\/person\/4da1e536b1da05972f13052ec6594aff\"},\"headline\":\"POJECHALI DO STAREGO S\u0104CZA\",\"datePublished\":\"2019-05-27T20:57:26+00:00\",\"dateModified\":\"2019-05-27T20:57:26+00:00\",\"mainEntityOfPage\":{\"@id\":\"https:\/\/zyciebrzeska.pl\/?p=3114\"},\"wordCount\":106,\"commentCount\":0,\"publisher\":{\"@id\":\"https:\/\/zyciebrzeska.pl\/#organization\"},\"image\":{\"@id\":\"https:\/\/zyciebrzeska.pl\/?p=3114#primaryimage\"},\"thumbnailUrl\":\"https:\/\/zyciebrzeska.pl\/wp-content\/uploads\/2019\/05\/received_955940521280602.jpeg.jpg\",\"articleSection\":[\"Wydarzenia\"],\"inLanguage\":\"pl-PL\",\"potentialAction\":[{\"@type\":\"CommentAction\",\"name\":\"Comment\",\"target\":[\"https:\/\/zyciebrzeska.pl\/?p=3114#respond\"]}]},{\"@type\":\"WebPage\",\"@id\":\"https:\/\/zyciebrzeska.pl\/?p=3114\",\"url\":\"https:\/\/zyciebrzeska.pl\/?p=3114\",\"name\":\"POJECHALI DO STAREGO S\u0104CZA - \u017bycie Brzeska\",\"isPartOf\":{\"@id\":\"https:\/\/zyciebrzeska.pl\/#website\"},\"primaryImageOfPage\":{\"@id\":\"https:\/\/zyciebrzeska.pl\/?p=3114#primaryimage\"},\"image\":{\"@id\":\"https:\/\/zyciebrzeska.pl\/?p=3114#primaryimage\"},\"thumbnailUrl\":\"https:\/\/zyciebrzeska.pl\/wp-content\/uploads\/2019\/05\/received_955940521280602.jpeg.jpg\",\"datePublished\":\"2019-05-27T20:57:26+00:00\",\"dateModified\":\"2019-05-27T20:57:26+00:00\",\"breadcrumb\":{\"@id\":\"https:\/\/zyciebrzeska.pl\/?p=3114#breadcrumb\"},\"inLanguage\":\"pl-PL\",\"potentialAction\":[{\"@type\":\"ReadAction\",\"target\":[\"https:\/\/zyciebrzeska.pl\/?p=3114\"]}]},{\"@type\":\"ImageObject\",\"inLanguage\":\"pl-PL\",\"@id\":\"https:\/\/zyciebrzeska.pl\/?p=3114#primaryimage\",\"url\":\"https:\/\/zyciebrzeska.pl\/wp-content\/uploads\/2019\/05\/received_955940521280602.jpeg.jpg\",\"contentUrl\":\"https:\/\/zyciebrzeska.pl\/wp-content\/uploads\/2019\/05\/received_955940521280602.jpeg.jpg\",\"width\":1600,\"height\":1200},{\"@type\":\"BreadcrumbList\",\"@id\":\"https:\/\/zyciebrzeska.pl\/?p=3114#breadcrumb\",\"itemListElement\":[{\"@type\":\"ListItem\",\"position\":1,\"name\":\"Home\",\"item\":\"https:\/\/zyciebrzeska.pl\/\"},{\"@type\":\"ListItem\",\"position\":2,\"name\":\"POJECHALI DO STAREGO S\u0104CZA\"}]},{\"@type\":\"WebSite\",\"@id\":\"https:\/\/zyciebrzeska.pl\/#website\",\"url\":\"https:\/\/zyciebrzeska.pl\/\",\"name\":\"\u017bycie Brzeska\",\"description\":\"Portal Ludzi Aktywnych\",\"publisher\":{\"@id\":\"https:\/\/zyciebrzeska.pl\/#organization\"},\"potentialAction\":[{\"@type\":\"SearchAction\",\"target\":{\"@type\":\"EntryPoint\",\"urlTemplate\":\"https:\/\/zyciebrzeska.pl\/?s={search_term_string}\"},\"query-input\":\"required name=search_term_string\"}],\"inLanguage\":\"pl-PL\"},{\"@type\":\"Organization\",\"@id\":\"https:\/\/zyciebrzeska.pl\/#organization\",\"name\":\"\u017bycie Brzeska\",\"url\":\"https:\/\/zyciebrzeska.pl\/\",\"logo\":{\"@type\":\"ImageObject\",\"inLanguage\":\"pl-PL\",\"@id\":\"https:\/\/zyciebrzeska.pl\/#\/schema\/logo\/image\/\",\"url\":\"https:\/\/server818677.nazwa.pl\/wordpress\/wpn_pierwszainstalacja\/wp-content\/uploads\/2023\/06\/admin-ajax.php-2.png\",\"contentUrl\":\"https:\/\/server818677.nazwa.pl\/wordpress\/wpn_pierwszainstalacja\/wp-content\/uploads\/2023\/06\/admin-ajax.php-2.png\",\"width\":400,\"height\":133,\"caption\":\"\u017bycie Brzeska\"},\"image\":{\"@id\":\"https:\/\/zyciebrzeska.pl\/#\/schema\/logo\/image\/\"},\"sameAs\":[\"https:\/\/www.facebook.com\/brzeskoinfo\"]},{\"@type\":\"Person\",\"@id\":\"https:\/\/zyciebrzeska.pl\/#\/schema\/person\/4da1e536b1da05972f13052ec6594aff\",\"name\":\"Redaktor\",\"image\":{\"@type\":\"ImageObject\",\"inLanguage\":\"pl-PL\",\"@id\":\"https:\/\/zyciebrzeska.pl\/#\/schema\/person\/image\/\",\"url\":\"https:\/\/secure.gravatar.com\/avatar\/9564c163e08185c7e0f7d0141ae3914237cf629898e8534b3dd06bb95817ae0b?s=96&d=mm&r=g\",\"contentUrl\":\"https:\/\/secure.gravatar.com\/avatar\/9564c163e08185c7e0f7d0141ae3914237cf629898e8534b3dd06bb95817ae0b?s=96&d=mm&r=g\",\"caption\":\"Redaktor\"},\"sameAs\":[\"http:\/\/zyciebrzeska.pl\"],\"url\":\"https:\/\/zyciebrzeska.pl\/?author=1\"}]}<\/script>\n<!-- \/ Yoast SEO plugin. -->","yoast_head_json":{"title":"POJECHALI DO STAREGO S\u0104CZA - \u017bycie Brzeska","robots":{"index":"index","follow":"follow","max-snippet":"max-snippet:-1","max-image-preview":"max-image-preview:large","max-video-preview":"max-video-preview:-1"},"canonical":"https:\/\/zyciebrzeska.pl\/?p=3114","og_locale":"pl_PL","og_type":"article","og_title":"POJECHALI DO STAREGO S\u0104CZA - \u017bycie Brzeska","og_description":"Blisko 50 mieszka\u0144c\u00f3w Okocimia pojecha\u0142o do Starego S\u0105cza, gdzie wzi\u0119li udzia\u0142 w uroczysto\u015bciach rozpoczynaj\u0105cych peregrynacj\u0119 relikwii obrazu \u015bwi\u0119tego&nbsp;Jana Paw\u0142a II. Organizatorem wyjazdu by\u0142 oddzia\u0142 Akcji Katolickiej dzia\u0142aj\u0105cy przy parafii Tr\u00f3jcy Przenaj\u015bwi\u0119tszej w Okocimiu. Organizatorzy wyjazdu twierdz\u0105, \u017ce przygotowywany by\u0142 on z my\u015bl\u0105 o tym, aby bior\u0105ce w nim udzia\u0142 rodziny mia\u0142y mo\u017cliwo\u015b\u0107 umocnienia jedno\u015bci, utwierdzenie [&hellip;]","og_url":"https:\/\/zyciebrzeska.pl\/?p=3114","og_site_name":"\u017bycie Brzeska","article_publisher":"https:\/\/www.facebook.com\/brzeskoinfo","article_published_time":"2019-05-27T20:57:26+00:00","og_image":[{"width":1600,"height":1200,"url":"https:\/\/zyciebrzeska.pl\/wp-content\/uploads\/2019\/05\/received_955940521280602.jpeg.jpg","type":"image\/jpeg"}],"author":"Redaktor","twitter_card":"summary_large_image","twitter_misc":{"Napisane przez":"Redaktor","Szacowany czas czytania":"1 minuta"},"schema":{"@context":"https:\/\/schema.org","@graph":[{"@type":"Article","@id":"https:\/\/zyciebrzeska.pl\/?p=3114#article","isPartOf":{"@id":"https:\/\/zyciebrzeska.pl\/?p=3114"},"author":{"name":"Redaktor","@id":"https:\/\/zyciebrzeska.pl\/#\/schema\/person\/4da1e536b1da05972f13052ec6594aff"},"headline":"POJECHALI DO STAREGO S\u0104CZA","datePublished":"2019-05-27T20:57:26+00:00","dateModified":"2019-05-27T20:57:26+00:00","mainEntityOfPage":{"@id":"https:\/\/zyciebrzeska.pl\/?p=3114"},"wordCount":106,"commentCount":0,"publisher":{"@id":"https:\/\/zyciebrzeska.pl\/#organization"},"image":{"@id":"https:\/\/zyciebrzeska.pl\/?p=3114#primaryimage"},"thumbnailUrl":"https:\/\/zyciebrzeska.pl\/wp-content\/uploads\/2019\/05\/received_955940521280602.jpeg.jpg","articleSection":["Wydarzenia"],"inLanguage":"pl-PL","potentialAction":[{"@type":"CommentAction","name":"Comment","target":["https:\/\/zyciebrzeska.pl\/?p=3114#respond"]}]},{"@type":"WebPage","@id":"https:\/\/zyciebrzeska.pl\/?p=3114","url":"https:\/\/zyciebrzeska.pl\/?p=3114","name":"POJECHALI DO STAREGO S\u0104CZA - \u017bycie Brzeska","isPartOf":{"@id":"https:\/\/zyciebrzeska.pl\/#website"},"primaryImageOfPage":{"@id":"https:\/\/zyciebrzeska.pl\/?p=3114#primaryimage"},"image":{"@id":"https:\/\/zyciebrzeska.pl\/?p=3114#primaryimage"},"thumbnailUrl":"https:\/\/zyciebrzeska.pl\/wp-content\/uploads\/2019\/05\/received_955940521280602.jpeg.jpg","datePublished":"2019-05-27T20:57:26+00:00","dateModified":"2019-05-27T20:57:26+00:00","breadcrumb":{"@id":"https:\/\/zyciebrzeska.pl\/?p=3114#breadcrumb"},"inLanguage":"pl-PL","potentialAction":[{"@type":"ReadAction","target":["https:\/\/zyciebrzeska.pl\/?p=3114"]}]},{"@type":"ImageObject","inLanguage":"pl-PL","@id":"https:\/\/zyciebrzeska.pl\/?p=3114#primaryimage","url":"https:\/\/zyciebrzeska.pl\/wp-content\/uploads\/2019\/05\/received_955940521280602.jpeg.jpg","contentUrl":"https:\/\/zyciebrzeska.pl\/wp-content\/uploads\/2019\/05\/received_955940521280602.jpeg.jpg","width":1600,"height":1200},{"@type":"BreadcrumbList","@id":"https:\/\/zyciebrzeska.pl\/?p=3114#breadcrumb","itemListElement":[{"@type":"ListItem","position":1,"name":"Home","item":"https:\/\/zyciebrzeska.pl\/"},{"@type":"ListItem","position":2,"name":"POJECHALI DO STAREGO S\u0104CZA"}]},{"@type":"WebSite","@id":"https:\/\/zyciebrzeska.pl\/#website","url":"https:\/\/zyciebrzeska.pl\/","name":"\u017bycie Brzeska","description":"Portal Ludzi Aktywnych","publisher":{"@id":"https:\/\/zyciebrzeska.pl\/#organization"},"potentialAction":[{"@type":"SearchAction","target":{"@type":"EntryPoint","urlTemplate":"https:\/\/zyciebrzeska.pl\/?s={search_term_string}"},"query-input":"required name=search_term_string"}],"inLanguage":"pl-PL"},{"@type":"Organization","@id":"https:\/\/zyciebrzeska.pl\/#organization","name":"\u017bycie Brzeska","url":"https:\/\/zyciebrzeska.pl\/","logo":{"@type":"ImageObject","inLanguage":"pl-PL","@id":"https:\/\/zyciebrzeska.pl\/#\/schema\/logo\/image\/","url":"https:\/\/server818677.nazwa.pl\/wordpress\/wpn_pierwszainstalacja\/wp-content\/uploads\/2023\/06\/admin-ajax.php-2.png","contentUrl":"https:\/\/server818677.nazwa.pl\/wordpress\/wpn_pierwszainstalacja\/wp-content\/uploads\/2023\/06\/admin-ajax.php-2.png","width":400,"height":133,"caption":"\u017bycie Brzeska"},"image":{"@id":"https:\/\/zyciebrzeska.pl\/#\/schema\/logo\/image\/"},"sameAs":["https:\/\/www.facebook.com\/brzeskoinfo"]},{"@type":"Person","@id":"https:\/\/zyciebrzeska.pl\/#\/schema\/person\/4da1e536b1da05972f13052ec6594aff","name":"Redaktor","image":{"@type":"ImageObject","inLanguage":"pl-PL","@id":"https:\/\/zyciebrzeska.pl\/#\/schema\/person\/image\/","url":"https:\/\/secure.gravatar.com\/avatar\/9564c163e08185c7e0f7d0141ae3914237cf629898e8534b3dd06bb95817ae0b?s=96&d=mm&r=g","contentUrl":"https:\/\/secure.gravatar.com\/avatar\/9564c163e08185c7e0f7d0141ae3914237cf629898e8534b3dd06bb95817ae0b?s=96&d=mm&r=g","caption":"Redaktor"},"sameAs":["http:\/\/zyciebrzeska.pl"],"url":"https:\/\/zyciebrzeska.pl\/?author=1"}]}},"_links":{"self":[{"href":"https:\/\/zyciebrzeska.pl\/index.php?rest_route=\/wp\/v2\/posts\/3114","targetHints":{"allow":["GET"]}}],"collection":[{"href":"https:\/\/zyciebrzeska.pl\/index.php?rest_route=\/wp\/v2\/posts"}],"about":[{"href":"https:\/\/zyciebrzeska.pl\/index.php?rest_route=\/wp\/v2\/types\/post"}],"author":[{"embeddable":true,"href":"https:\/\/zyciebrzeska.pl\/index.php?rest_route=\/wp\/v2\/users\/1"}],"replies":[{"embeddable":true,"href":"https:\/\/zyciebrzeska.pl\/index.php?rest_route=%2Fwp%2Fv2%2Fcomments&post=3114"}],"version-history":[{"count":0,"href":"https:\/\/zyciebrzeska.pl\/index.php?rest_route=\/wp\/v2\/posts\/3114\/revisions"}],"wp:featuredmedia":[{"embeddable":true,"href":"https:\/\/zyciebrzeska.pl\/index.php?rest_route=\/wp\/v2\/media\/3115"}],"wp:attachment":[{"href":"https:\/\/zyciebrzeska.pl\/index.php?rest_route=%2Fwp%2Fv2%2Fmedia&parent=3114"}],"wp:term":[{"taxonomy":"category","embeddable":true,"href":"https:\/\/zyciebrzeska.pl\/index.php?rest_route=%2Fwp%2Fv2%2Fcategories&post=3114"},{"taxonomy":"post_tag","embeddable":true,"href":"https:\/\/zyciebrzeska.pl\/index.php?rest_route=%2Fwp%2Fv2%2Ftags&post=3114"}],"curies":[{"name":"wp","href":"https:\/\/api.w.org\/{rel}","templated":true}]}}