{"id":3094,"date":"2019-05-24T07:43:20","date_gmt":"2019-05-24T07:43:20","guid":{"rendered":"https:\/\/zyciebrzeska.pl\/?p=3094"},"modified":"2019-05-24T07:43:20","modified_gmt":"2019-05-24T07:43:20","slug":"zapraszamy-na-aukcje-prac-uczestnikow-wtz","status":"publish","type":"post","link":"https:\/\/zyciebrzeska.pl\/?p=3094","title":{"rendered":"ZAPRASZAMY NA AUKCJ\u0118 PRAC UCZESTNIK\u00d3W WTZ"},"content":{"rendered":"\n<p>29 maja 2019 r., o godz. 17.30 w Regionalnym Centrum Kulturalno-Bibliotecznym odb\u0119dzie si\u0119 XVII aukcja prac&nbsp;uczestnik\u00f3w&nbsp; Warsztatu Terapii Zaj\u0119ciowej w Brzesku. Stowarzyszenie Os\u00f3b Niepe\u0142nosprawnych, Opiekun\u00f3w i Wolontariuszy \u201eOstoja\u201d, Warsztat Terapii Zaj\u0119ciowej w Brzesku, Miejski O\u015brodek Kultury oraz Powiatowa i Miejska Biblioteka publiczna w Brzesku jak co roku serdecznie zapraszaj\u0105 do uczestnictwa w&nbsp; tym wydarzeniu.<\/p>\n\n\n\n<p>Aukcj\u0119 rozpocznie spektakl pt. \u201eBo \u015bwiat to my\u201d, w wykonaniu grupy teatralnej \u201eSza\u0142 dzika\u201d. Poza aukcj\u0105 i licytacj\u0105 prac, wiele wspania\u0142ych wyrob\u00f3w uczestnik\u00f3w WTZ b\u0119dzie mo\u017cna zakupi\u0107 w wolnej sprzeda\u017cy.<\/p>\n\n\n\n<p>Od 22 maja trwa przedaukcyjna wystawa prac w RCKB w Brzesku, znajduje si\u0119 na niej ponad 300 prac wykonanych podczas zaj\u0119\u0107 terapeutycznych w siedmiu pracowniach \u2013 plastycznej, ceramicznej, r\u0119kodzie\u0142a artystycznego, rysunku na szkle i witra\u017cu, krawieckiej, metaloplastyki oraz stolarskiej. W\u015br\u00f3d autor\u00f3w prac znajduj\u0105 si\u0119 osoby nagradzane za szczeg\u00f3lne osi\u0105gni\u0119cia w tw\u00f3rczo\u015bci artystycznej, niejednokrotnie zajmuj\u0105ce czo\u0142owe miejsca w konkursach PFRON, na etapach ma\u0142opolskich i og\u00f3lnopolskich oraz innych konkursach artystycznych.<\/p>\n\n\n\n<p>Prezentowane obrazy wykonane s\u0105 w r\u00f3\u017cnych technikach i wymiarach, malowane farbami akrylowymi i witra\u017cowymi, wyszywane haftem krzy\u017cykowym, wst\u0105\u017ceczkowym i florenckim Wszystkie prace wykonane s\u0105 z du\u017c\u0105 staranno\u015bci\u0105 i dok\u0142adno\u015bci\u0105, dba\u0142o\u015bci\u0105 o szczeg\u00f3\u0142y, ale jednocze\u015bnie lekkim, \u015bwie\u017cym i swobodnym stylem, jaki cechuje praca os\u00f3b niepe\u0142nosprawnych.&nbsp; Podziwia\u0107 mo\u017cna pi\u0119kn\u0105 i oryginaln\u0105 ceramik\u0119, a w\u015br\u00f3d niej misy, patery, wazony, p\u0142askorze\u017aby oraz r\u0119cznie lepione figurki przedstawiaj\u0105ce m. in. anio\u0142y, postaci \u015bwi\u0119tych \u2013 wszystko to dekorowane szkliwem, farbami akrylowymi i angobami. Na wystawie znajduj\u0105 si\u0119 tak\u017ce przedmioty dekoracyjno-u\u017cytkowe z metalu tj. \u015bwieczniki, kwietniki, zestawy kominkowe oraz drewniane szkatu\u0142ki na drobiazgi. Wszystkie obrazy prezentowane na wystawie zosta\u0142y oprawione w pracowni stolarskiej warsztatu.<\/p>\n\n\n\n<p>Coroczna aukcja prac to szczeg\u00f3lny dzie\u0144 dla uczestnik\u00f3w brzeskiego warsztatu. Mo\u017cliwo\u015b\u0107 pokazania swoich umiej\u0119tno\u015bci i zdolno\u015bci szerszej publiczno\u015bci, jest dla podopiecznych powodem do wielkiej dumy, satysfakcji i rado\u015bci oraz stanowi motywacj\u0119 do dalszych tw\u00f3rczych dzia\u0142a\u0144. Zebrane \u015brodki materialne zostan\u0105 wykorzystane na rehabilitacje spo\u0142eczn\u0105 uczestnik\u00f3w.<\/p>\n\n\n\n<figure class=\"wp-block-image\"><img loading=\"lazy\" decoding=\"async\" width=\"719\" height=\"1024\" src=\"https:\/\/server818677.nazwa.pl\/wordpress\/wpn_pierwszainstalacja\/wp-content\/uploads\/2019\/05\/2-2-719x1024.jpg\" alt=\"\" class=\"wp-image-3095\" srcset=\"https:\/\/zyciebrzeska.pl\/wp-content\/uploads\/2019\/05\/2-2-719x1024.jpg 719w, https:\/\/zyciebrzeska.pl\/wp-content\/uploads\/2019\/05\/2-2-211x300.jpg 211w, https:\/\/zyciebrzeska.pl\/wp-content\/uploads\/2019\/05\/2-2-768x1094.jpg 768w, https:\/\/zyciebrzeska.pl\/wp-content\/uploads\/2019\/05\/2-2-1079x1536.jpg 1079w, https:\/\/zyciebrzeska.pl\/wp-content\/uploads\/2019\/05\/2-2.jpg 1240w\" sizes=\"auto, (max-width: 719px) 100vw, 719px\" \/><\/figure>\n","protected":false},"excerpt":{"rendered":"<p>29 maja 2019 r., o godz. 17.30 w Regionalnym Centrum Kulturalno-Bibliotecznym odb\u0119dzie si\u0119 XVII aukcja prac&nbsp;uczestnik\u00f3w&nbsp; Warsztatu Terapii Zaj\u0119ciowej w Brzesku. Stowarzyszenie Os\u00f3b Niepe\u0142nosprawnych, Opiekun\u00f3w i Wolontariuszy \u201eOstoja\u201d, Warsztat Terapii Zaj\u0119ciowej w Brzesku, Miejski O\u015brodek Kultury oraz Powiatowa i Miejska Biblioteka publiczna w Brzesku jak co roku serdecznie zapraszaj\u0105 do uczestnictwa w&nbsp; tym wydarzeniu. Aukcj\u0119 [&hellip;]<\/p>\n","protected":false},"author":1,"featured_media":3095,"comment_status":"open","ping_status":"open","sticky":false,"template":"","format":"standard","meta":{"tdm_status":"","tdm_grid_status":"","footnotes":""},"categories":[10],"tags":[],"class_list":{"0":"post-3094","1":"post","2":"type-post","3":"status-publish","4":"format-standard","5":"has-post-thumbnail","7":"category-wydarzenia"},"yoast_head":"<!-- This site is optimized with the Yoast SEO plugin v22.2 - https:\/\/yoast.com\/wordpress\/plugins\/seo\/ -->\n<title>ZAPRASZAMY NA AUKCJ\u0118 PRAC UCZESTNIK\u00d3W WTZ - \u017bycie Brzeska<\/title>\n<meta name=\"robots\" content=\"index, follow, max-snippet:-1, max-image-preview:large, max-video-preview:-1\" \/>\n<link rel=\"canonical\" href=\"https:\/\/zyciebrzeska.pl\/?p=3094\" \/>\n<meta property=\"og:locale\" content=\"pl_PL\" \/>\n<meta property=\"og:type\" content=\"article\" \/>\n<meta property=\"og:title\" content=\"ZAPRASZAMY NA AUKCJ\u0118 PRAC UCZESTNIK\u00d3W WTZ - \u017bycie Brzeska\" \/>\n<meta property=\"og:description\" content=\"29 maja 2019 r., o godz. 17.30 w Regionalnym Centrum Kulturalno-Bibliotecznym odb\u0119dzie si\u0119 XVII aukcja prac&nbsp;uczestnik\u00f3w&nbsp; Warsztatu Terapii Zaj\u0119ciowej w Brzesku. Stowarzyszenie Os\u00f3b Niepe\u0142nosprawnych, Opiekun\u00f3w i Wolontariuszy \u201eOstoja\u201d, Warsztat Terapii Zaj\u0119ciowej w Brzesku, Miejski O\u015brodek Kultury oraz Powiatowa i Miejska Biblioteka publiczna w Brzesku jak co roku serdecznie zapraszaj\u0105 do uczestnictwa w&nbsp; tym wydarzeniu. Aukcj\u0119 [&hellip;]\" \/>\n<meta property=\"og:url\" content=\"https:\/\/zyciebrzeska.pl\/?p=3094\" \/>\n<meta property=\"og:site_name\" content=\"\u017bycie Brzeska\" \/>\n<meta property=\"article:publisher\" content=\"https:\/\/www.facebook.com\/brzeskoinfo\" \/>\n<meta property=\"article:published_time\" content=\"2019-05-24T07:43:20+00:00\" \/>\n<meta property=\"og:image\" content=\"https:\/\/zyciebrzeska.pl\/wp-content\/uploads\/2019\/05\/2-2.jpg\" \/>\n\t<meta property=\"og:image:width\" content=\"1240\" \/>\n\t<meta property=\"og:image:height\" content=\"1766\" \/>\n\t<meta property=\"og:image:type\" content=\"image\/jpeg\" \/>\n<meta name=\"author\" content=\"Redaktor\" \/>\n<meta name=\"twitter:card\" content=\"summary_large_image\" \/>\n<meta name=\"twitter:label1\" content=\"Napisane przez\" \/>\n\t<meta name=\"twitter:data1\" content=\"Redaktor\" \/>\n\t<meta name=\"twitter:label2\" content=\"Szacowany czas czytania\" \/>\n\t<meta name=\"twitter:data2\" content=\"2 minuty\" \/>\n<script type=\"application\/ld+json\" class=\"yoast-schema-graph\">{\"@context\":\"https:\/\/schema.org\",\"@graph\":[{\"@type\":\"Article\",\"@id\":\"https:\/\/zyciebrzeska.pl\/?p=3094#article\",\"isPartOf\":{\"@id\":\"https:\/\/zyciebrzeska.pl\/?p=3094\"},\"author\":{\"name\":\"Redaktor\",\"@id\":\"https:\/\/zyciebrzeska.pl\/#\/schema\/person\/4da1e536b1da05972f13052ec6594aff\"},\"headline\":\"ZAPRASZAMY NA AUKCJ\u0118 PRAC UCZESTNIK\u00d3W WTZ\",\"datePublished\":\"2019-05-24T07:43:20+00:00\",\"dateModified\":\"2019-05-24T07:43:20+00:00\",\"mainEntityOfPage\":{\"@id\":\"https:\/\/zyciebrzeska.pl\/?p=3094\"},\"wordCount\":376,\"commentCount\":0,\"publisher\":{\"@id\":\"https:\/\/zyciebrzeska.pl\/#organization\"},\"image\":{\"@id\":\"https:\/\/zyciebrzeska.pl\/?p=3094#primaryimage\"},\"thumbnailUrl\":\"https:\/\/zyciebrzeska.pl\/wp-content\/uploads\/2019\/05\/2-2.jpg\",\"articleSection\":[\"Wydarzenia\"],\"inLanguage\":\"pl-PL\",\"potentialAction\":[{\"@type\":\"CommentAction\",\"name\":\"Comment\",\"target\":[\"https:\/\/zyciebrzeska.pl\/?p=3094#respond\"]}]},{\"@type\":\"WebPage\",\"@id\":\"https:\/\/zyciebrzeska.pl\/?p=3094\",\"url\":\"https:\/\/zyciebrzeska.pl\/?p=3094\",\"name\":\"ZAPRASZAMY NA AUKCJ\u0118 PRAC UCZESTNIK\u00d3W WTZ - \u017bycie Brzeska\",\"isPartOf\":{\"@id\":\"https:\/\/zyciebrzeska.pl\/#website\"},\"primaryImageOfPage\":{\"@id\":\"https:\/\/zyciebrzeska.pl\/?p=3094#primaryimage\"},\"image\":{\"@id\":\"https:\/\/zyciebrzeska.pl\/?p=3094#primaryimage\"},\"thumbnailUrl\":\"https:\/\/zyciebrzeska.pl\/wp-content\/uploads\/2019\/05\/2-2.jpg\",\"datePublished\":\"2019-05-24T07:43:20+00:00\",\"dateModified\":\"2019-05-24T07:43:20+00:00\",\"breadcrumb\":{\"@id\":\"https:\/\/zyciebrzeska.pl\/?p=3094#breadcrumb\"},\"inLanguage\":\"pl-PL\",\"potentialAction\":[{\"@type\":\"ReadAction\",\"target\":[\"https:\/\/zyciebrzeska.pl\/?p=3094\"]}]},{\"@type\":\"ImageObject\",\"inLanguage\":\"pl-PL\",\"@id\":\"https:\/\/zyciebrzeska.pl\/?p=3094#primaryimage\",\"url\":\"https:\/\/zyciebrzeska.pl\/wp-content\/uploads\/2019\/05\/2-2.jpg\",\"contentUrl\":\"https:\/\/zyciebrzeska.pl\/wp-content\/uploads\/2019\/05\/2-2.jpg\",\"width\":1240,\"height\":1766},{\"@type\":\"BreadcrumbList\",\"@id\":\"https:\/\/zyciebrzeska.pl\/?p=3094#breadcrumb\",\"itemListElement\":[{\"@type\":\"ListItem\",\"position\":1,\"name\":\"Home\",\"item\":\"https:\/\/zyciebrzeska.pl\/\"},{\"@type\":\"ListItem\",\"position\":2,\"name\":\"ZAPRASZAMY NA AUKCJ\u0118 PRAC UCZESTNIK\u00d3W WTZ\"}]},{\"@type\":\"WebSite\",\"@id\":\"https:\/\/zyciebrzeska.pl\/#website\",\"url\":\"https:\/\/zyciebrzeska.pl\/\",\"name\":\"\u017bycie Brzeska\",\"description\":\"Portal Ludzi Aktywnych\",\"publisher\":{\"@id\":\"https:\/\/zyciebrzeska.pl\/#organization\"},\"potentialAction\":[{\"@type\":\"SearchAction\",\"target\":{\"@type\":\"EntryPoint\",\"urlTemplate\":\"https:\/\/zyciebrzeska.pl\/?s={search_term_string}\"},\"query-input\":\"required name=search_term_string\"}],\"inLanguage\":\"pl-PL\"},{\"@type\":\"Organization\",\"@id\":\"https:\/\/zyciebrzeska.pl\/#organization\",\"name\":\"\u017bycie Brzeska\",\"url\":\"https:\/\/zyciebrzeska.pl\/\",\"logo\":{\"@type\":\"ImageObject\",\"inLanguage\":\"pl-PL\",\"@id\":\"https:\/\/zyciebrzeska.pl\/#\/schema\/logo\/image\/\",\"url\":\"https:\/\/server818677.nazwa.pl\/wordpress\/wpn_pierwszainstalacja\/wp-content\/uploads\/2023\/06\/admin-ajax.php-2.png\",\"contentUrl\":\"https:\/\/server818677.nazwa.pl\/wordpress\/wpn_pierwszainstalacja\/wp-content\/uploads\/2023\/06\/admin-ajax.php-2.png\",\"width\":400,\"height\":133,\"caption\":\"\u017bycie Brzeska\"},\"image\":{\"@id\":\"https:\/\/zyciebrzeska.pl\/#\/schema\/logo\/image\/\"},\"sameAs\":[\"https:\/\/www.facebook.com\/brzeskoinfo\"]},{\"@type\":\"Person\",\"@id\":\"https:\/\/zyciebrzeska.pl\/#\/schema\/person\/4da1e536b1da05972f13052ec6594aff\",\"name\":\"Redaktor\",\"image\":{\"@type\":\"ImageObject\",\"inLanguage\":\"pl-PL\",\"@id\":\"https:\/\/zyciebrzeska.pl\/#\/schema\/person\/image\/\",\"url\":\"https:\/\/secure.gravatar.com\/avatar\/9564c163e08185c7e0f7d0141ae3914237cf629898e8534b3dd06bb95817ae0b?s=96&d=mm&r=g\",\"contentUrl\":\"https:\/\/secure.gravatar.com\/avatar\/9564c163e08185c7e0f7d0141ae3914237cf629898e8534b3dd06bb95817ae0b?s=96&d=mm&r=g\",\"caption\":\"Redaktor\"},\"sameAs\":[\"http:\/\/zyciebrzeska.pl\"],\"url\":\"https:\/\/zyciebrzeska.pl\/?author=1\"}]}<\/script>\n<!-- \/ Yoast SEO plugin. -->","yoast_head_json":{"title":"ZAPRASZAMY NA AUKCJ\u0118 PRAC UCZESTNIK\u00d3W WTZ - \u017bycie Brzeska","robots":{"index":"index","follow":"follow","max-snippet":"max-snippet:-1","max-image-preview":"max-image-preview:large","max-video-preview":"max-video-preview:-1"},"canonical":"https:\/\/zyciebrzeska.pl\/?p=3094","og_locale":"pl_PL","og_type":"article","og_title":"ZAPRASZAMY NA AUKCJ\u0118 PRAC UCZESTNIK\u00d3W WTZ - \u017bycie Brzeska","og_description":"29 maja 2019 r., o godz. 17.30 w Regionalnym Centrum Kulturalno-Bibliotecznym odb\u0119dzie si\u0119 XVII aukcja prac&nbsp;uczestnik\u00f3w&nbsp; Warsztatu Terapii Zaj\u0119ciowej w Brzesku. Stowarzyszenie Os\u00f3b Niepe\u0142nosprawnych, Opiekun\u00f3w i Wolontariuszy \u201eOstoja\u201d, Warsztat Terapii Zaj\u0119ciowej w Brzesku, Miejski O\u015brodek Kultury oraz Powiatowa i Miejska Biblioteka publiczna w Brzesku jak co roku serdecznie zapraszaj\u0105 do uczestnictwa w&nbsp; tym wydarzeniu. Aukcj\u0119 [&hellip;]","og_url":"https:\/\/zyciebrzeska.pl\/?p=3094","og_site_name":"\u017bycie Brzeska","article_publisher":"https:\/\/www.facebook.com\/brzeskoinfo","article_published_time":"2019-05-24T07:43:20+00:00","og_image":[{"width":1240,"height":1766,"url":"https:\/\/zyciebrzeska.pl\/wp-content\/uploads\/2019\/05\/2-2.jpg","type":"image\/jpeg"}],"author":"Redaktor","twitter_card":"summary_large_image","twitter_misc":{"Napisane przez":"Redaktor","Szacowany czas czytania":"2 minuty"},"schema":{"@context":"https:\/\/schema.org","@graph":[{"@type":"Article","@id":"https:\/\/zyciebrzeska.pl\/?p=3094#article","isPartOf":{"@id":"https:\/\/zyciebrzeska.pl\/?p=3094"},"author":{"name":"Redaktor","@id":"https:\/\/zyciebrzeska.pl\/#\/schema\/person\/4da1e536b1da05972f13052ec6594aff"},"headline":"ZAPRASZAMY NA AUKCJ\u0118 PRAC UCZESTNIK\u00d3W WTZ","datePublished":"2019-05-24T07:43:20+00:00","dateModified":"2019-05-24T07:43:20+00:00","mainEntityOfPage":{"@id":"https:\/\/zyciebrzeska.pl\/?p=3094"},"wordCount":376,"commentCount":0,"publisher":{"@id":"https:\/\/zyciebrzeska.pl\/#organization"},"image":{"@id":"https:\/\/zyciebrzeska.pl\/?p=3094#primaryimage"},"thumbnailUrl":"https:\/\/zyciebrzeska.pl\/wp-content\/uploads\/2019\/05\/2-2.jpg","articleSection":["Wydarzenia"],"inLanguage":"pl-PL","potentialAction":[{"@type":"CommentAction","name":"Comment","target":["https:\/\/zyciebrzeska.pl\/?p=3094#respond"]}]},{"@type":"WebPage","@id":"https:\/\/zyciebrzeska.pl\/?p=3094","url":"https:\/\/zyciebrzeska.pl\/?p=3094","name":"ZAPRASZAMY NA AUKCJ\u0118 PRAC UCZESTNIK\u00d3W WTZ - \u017bycie Brzeska","isPartOf":{"@id":"https:\/\/zyciebrzeska.pl\/#website"},"primaryImageOfPage":{"@id":"https:\/\/zyciebrzeska.pl\/?p=3094#primaryimage"},"image":{"@id":"https:\/\/zyciebrzeska.pl\/?p=3094#primaryimage"},"thumbnailUrl":"https:\/\/zyciebrzeska.pl\/wp-content\/uploads\/2019\/05\/2-2.jpg","datePublished":"2019-05-24T07:43:20+00:00","dateModified":"2019-05-24T07:43:20+00:00","breadcrumb":{"@id":"https:\/\/zyciebrzeska.pl\/?p=3094#breadcrumb"},"inLanguage":"pl-PL","potentialAction":[{"@type":"ReadAction","target":["https:\/\/zyciebrzeska.pl\/?p=3094"]}]},{"@type":"ImageObject","inLanguage":"pl-PL","@id":"https:\/\/zyciebrzeska.pl\/?p=3094#primaryimage","url":"https:\/\/zyciebrzeska.pl\/wp-content\/uploads\/2019\/05\/2-2.jpg","contentUrl":"https:\/\/zyciebrzeska.pl\/wp-content\/uploads\/2019\/05\/2-2.jpg","width":1240,"height":1766},{"@type":"BreadcrumbList","@id":"https:\/\/zyciebrzeska.pl\/?p=3094#breadcrumb","itemListElement":[{"@type":"ListItem","position":1,"name":"Home","item":"https:\/\/zyciebrzeska.pl\/"},{"@type":"ListItem","position":2,"name":"ZAPRASZAMY NA AUKCJ\u0118 PRAC UCZESTNIK\u00d3W WTZ"}]},{"@type":"WebSite","@id":"https:\/\/zyciebrzeska.pl\/#website","url":"https:\/\/zyciebrzeska.pl\/","name":"\u017bycie Brzeska","description":"Portal Ludzi Aktywnych","publisher":{"@id":"https:\/\/zyciebrzeska.pl\/#organization"},"potentialAction":[{"@type":"SearchAction","target":{"@type":"EntryPoint","urlTemplate":"https:\/\/zyciebrzeska.pl\/?s={search_term_string}"},"query-input":"required name=search_term_string"}],"inLanguage":"pl-PL"},{"@type":"Organization","@id":"https:\/\/zyciebrzeska.pl\/#organization","name":"\u017bycie Brzeska","url":"https:\/\/zyciebrzeska.pl\/","logo":{"@type":"ImageObject","inLanguage":"pl-PL","@id":"https:\/\/zyciebrzeska.pl\/#\/schema\/logo\/image\/","url":"https:\/\/server818677.nazwa.pl\/wordpress\/wpn_pierwszainstalacja\/wp-content\/uploads\/2023\/06\/admin-ajax.php-2.png","contentUrl":"https:\/\/server818677.nazwa.pl\/wordpress\/wpn_pierwszainstalacja\/wp-content\/uploads\/2023\/06\/admin-ajax.php-2.png","width":400,"height":133,"caption":"\u017bycie Brzeska"},"image":{"@id":"https:\/\/zyciebrzeska.pl\/#\/schema\/logo\/image\/"},"sameAs":["https:\/\/www.facebook.com\/brzeskoinfo"]},{"@type":"Person","@id":"https:\/\/zyciebrzeska.pl\/#\/schema\/person\/4da1e536b1da05972f13052ec6594aff","name":"Redaktor","image":{"@type":"ImageObject","inLanguage":"pl-PL","@id":"https:\/\/zyciebrzeska.pl\/#\/schema\/person\/image\/","url":"https:\/\/secure.gravatar.com\/avatar\/9564c163e08185c7e0f7d0141ae3914237cf629898e8534b3dd06bb95817ae0b?s=96&d=mm&r=g","contentUrl":"https:\/\/secure.gravatar.com\/avatar\/9564c163e08185c7e0f7d0141ae3914237cf629898e8534b3dd06bb95817ae0b?s=96&d=mm&r=g","caption":"Redaktor"},"sameAs":["http:\/\/zyciebrzeska.pl"],"url":"https:\/\/zyciebrzeska.pl\/?author=1"}]}},"_links":{"self":[{"href":"https:\/\/zyciebrzeska.pl\/index.php?rest_route=\/wp\/v2\/posts\/3094","targetHints":{"allow":["GET"]}}],"collection":[{"href":"https:\/\/zyciebrzeska.pl\/index.php?rest_route=\/wp\/v2\/posts"}],"about":[{"href":"https:\/\/zyciebrzeska.pl\/index.php?rest_route=\/wp\/v2\/types\/post"}],"author":[{"embeddable":true,"href":"https:\/\/zyciebrzeska.pl\/index.php?rest_route=\/wp\/v2\/users\/1"}],"replies":[{"embeddable":true,"href":"https:\/\/zyciebrzeska.pl\/index.php?rest_route=%2Fwp%2Fv2%2Fcomments&post=3094"}],"version-history":[{"count":0,"href":"https:\/\/zyciebrzeska.pl\/index.php?rest_route=\/wp\/v2\/posts\/3094\/revisions"}],"wp:featuredmedia":[{"embeddable":true,"href":"https:\/\/zyciebrzeska.pl\/index.php?rest_route=\/wp\/v2\/media\/3095"}],"wp:attachment":[{"href":"https:\/\/zyciebrzeska.pl\/index.php?rest_route=%2Fwp%2Fv2%2Fmedia&parent=3094"}],"wp:term":[{"taxonomy":"category","embeddable":true,"href":"https:\/\/zyciebrzeska.pl\/index.php?rest_route=%2Fwp%2Fv2%2Fcategories&post=3094"},{"taxonomy":"post_tag","embeddable":true,"href":"https:\/\/zyciebrzeska.pl\/index.php?rest_route=%2Fwp%2Fv2%2Ftags&post=3094"}],"curies":[{"name":"wp","href":"https:\/\/api.w.org\/{rel}","templated":true}]}}