{"id":3081,"date":"2019-05-22T10:16:53","date_gmt":"2019-05-22T10:16:53","guid":{"rendered":"https:\/\/zyciebrzeska.pl\/?p=3081"},"modified":"2019-05-22T10:16:53","modified_gmt":"2019-05-22T10:16:53","slug":"bajkowy-korowod-przeszedl-ulicami-brzeska","status":"publish","type":"post","link":"https:\/\/zyciebrzeska.pl\/?p=3081","title":{"rendered":"BAJKOWY KOROW\u00d3D PRZESZED\u0141 ULICAMI BRZESKA"},"content":{"rendered":"\n<p>Pracownicy oddzia\u0142u dla dzieci z Powiatowej i Miejskiej Biblioteki Publicznej byli organizatorami dni ksi\u0105\u017cki, kt\u00f3re zako\u0144czy\u0142y si\u0119 bajkowym przemarszem ulicami miasta.&nbsp;<br>\n-W czasie dni ksi\u0105\u017cki dzieci mia\u0142y mo\u017cliwo\u015b\u0107 wzi\u0119cia udzia\u0142u w wielu atrakcyjnych przedsi\u0119wzi\u0119ciach maj\u0105cych na celu rozbudzanie zainteresowa\u0144 literackich oraz propagowanie czytelnictwa i kultury \u2013 wyja\u015bnia kierownik oddzia\u0142u dla dzieci, Bernadetta Klimek.<\/p>\n\n\n\n<p>W bajkowym korowodzie wzi\u0119\u0142y udzia\u0142 dzieci z Publicznego Przedszkola nr 10, po wizycie w bibliotece przesz\u0142y na Plac Kazimierza Wielkiego, a stamt\u0105d ulicami Puszkina i G\u0142owackiego przesz\u0142y do urz\u0119du miejskiego. Tam przyj\u0105\u0142 ich burmistrz Brzeska, Tomasz Latocha, kt\u00f3ry t\u0142umaczy\u0142 maluchom na czym polega praca rady miejskiej i ugo\u015bci\u0142 ich s\u0142odyczami. Dzieci tak\u017ce przynios\u0142y burmistrzowi upominek \u2013 w\u0142asnor\u0119cznie wykonane prace plastyczne.<\/p>\n\n\n\n<p>Warto podkre\u015bli\u0107, \u017ce dzieci przebrane by\u0142y w znakomite kostiumy przedstawiaj\u0105ce postacie z popularnych bajek.<\/p>\n\n\n\n<p>Brzesko.pl<\/p>\n","protected":false},"excerpt":{"rendered":"<p>Pracownicy oddzia\u0142u dla dzieci z Powiatowej i Miejskiej Biblioteki Publicznej byli organizatorami dni ksi\u0105\u017cki, kt\u00f3re zako\u0144czy\u0142y si\u0119 bajkowym przemarszem ulicami miasta.&nbsp; -W czasie dni ksi\u0105\u017cki dzieci mia\u0142y mo\u017cliwo\u015b\u0107 wzi\u0119cia udzia\u0142u w wielu atrakcyjnych przedsi\u0119wzi\u0119ciach maj\u0105cych na celu rozbudzanie zainteresowa\u0144 literackich oraz propagowanie czytelnictwa i kultury \u2013 wyja\u015bnia kierownik oddzia\u0142u dla dzieci, Bernadetta Klimek. W bajkowym [&hellip;]<\/p>\n","protected":false},"author":1,"featured_media":3083,"comment_status":"open","ping_status":"open","sticky":false,"template":"","format":"standard","meta":{"tdm_status":"","tdm_grid_status":"","footnotes":""},"categories":[10],"tags":[],"class_list":{"0":"post-3081","1":"post","2":"type-post","3":"status-publish","4":"format-standard","5":"has-post-thumbnail","7":"category-wydarzenia"},"yoast_head":"<!-- This site is optimized with the Yoast SEO plugin v22.2 - https:\/\/yoast.com\/wordpress\/plugins\/seo\/ -->\n<title>BAJKOWY KOROW\u00d3D PRZESZED\u0141 ULICAMI BRZESKA - \u017bycie Brzeska<\/title>\n<meta name=\"robots\" content=\"index, follow, max-snippet:-1, max-image-preview:large, max-video-preview:-1\" \/>\n<link rel=\"canonical\" href=\"https:\/\/zyciebrzeska.pl\/?p=3081\" \/>\n<meta property=\"og:locale\" content=\"pl_PL\" \/>\n<meta property=\"og:type\" content=\"article\" \/>\n<meta property=\"og:title\" content=\"BAJKOWY KOROW\u00d3D PRZESZED\u0141 ULICAMI BRZESKA - \u017bycie Brzeska\" \/>\n<meta property=\"og:description\" content=\"Pracownicy oddzia\u0142u dla dzieci z Powiatowej i Miejskiej Biblioteki Publicznej byli organizatorami dni ksi\u0105\u017cki, kt\u00f3re zako\u0144czy\u0142y si\u0119 bajkowym przemarszem ulicami miasta.&nbsp; -W czasie dni ksi\u0105\u017cki dzieci mia\u0142y mo\u017cliwo\u015b\u0107 wzi\u0119cia udzia\u0142u w wielu atrakcyjnych przedsi\u0119wzi\u0119ciach maj\u0105cych na celu rozbudzanie zainteresowa\u0144 literackich oraz propagowanie czytelnictwa i kultury \u2013 wyja\u015bnia kierownik oddzia\u0142u dla dzieci, Bernadetta Klimek. W bajkowym [&hellip;]\" \/>\n<meta property=\"og:url\" content=\"https:\/\/zyciebrzeska.pl\/?p=3081\" \/>\n<meta property=\"og:site_name\" content=\"\u017bycie Brzeska\" \/>\n<meta property=\"article:publisher\" content=\"https:\/\/www.facebook.com\/brzeskoinfo\" \/>\n<meta property=\"article:published_time\" content=\"2019-05-22T10:16:53+00:00\" \/>\n<meta property=\"og:image\" content=\"https:\/\/zyciebrzeska.pl\/wp-content\/uploads\/2019\/05\/DSC_0014.jpg\" \/>\n\t<meta property=\"og:image:width\" content=\"600\" \/>\n\t<meta property=\"og:image:height\" content=\"900\" \/>\n\t<meta property=\"og:image:type\" content=\"image\/jpeg\" \/>\n<meta name=\"author\" content=\"Redaktor\" \/>\n<meta name=\"twitter:card\" content=\"summary_large_image\" \/>\n<meta name=\"twitter:label1\" content=\"Napisane przez\" \/>\n\t<meta name=\"twitter:data1\" content=\"Redaktor\" \/>\n\t<meta name=\"twitter:label2\" content=\"Szacowany czas czytania\" \/>\n\t<meta name=\"twitter:data2\" content=\"1 minuta\" \/>\n<script type=\"application\/ld+json\" class=\"yoast-schema-graph\">{\"@context\":\"https:\/\/schema.org\",\"@graph\":[{\"@type\":\"Article\",\"@id\":\"https:\/\/zyciebrzeska.pl\/?p=3081#article\",\"isPartOf\":{\"@id\":\"https:\/\/zyciebrzeska.pl\/?p=3081\"},\"author\":{\"name\":\"Redaktor\",\"@id\":\"https:\/\/zyciebrzeska.pl\/#\/schema\/person\/4da1e536b1da05972f13052ec6594aff\"},\"headline\":\"BAJKOWY KOROW\u00d3D PRZESZED\u0141 ULICAMI BRZESKA\",\"datePublished\":\"2019-05-22T10:16:53+00:00\",\"dateModified\":\"2019-05-22T10:16:53+00:00\",\"mainEntityOfPage\":{\"@id\":\"https:\/\/zyciebrzeska.pl\/?p=3081\"},\"wordCount\":165,\"commentCount\":0,\"publisher\":{\"@id\":\"https:\/\/zyciebrzeska.pl\/#organization\"},\"image\":{\"@id\":\"https:\/\/zyciebrzeska.pl\/?p=3081#primaryimage\"},\"thumbnailUrl\":\"https:\/\/zyciebrzeska.pl\/wp-content\/uploads\/2019\/05\/DSC_0014.jpg\",\"articleSection\":[\"Wydarzenia\"],\"inLanguage\":\"pl-PL\",\"potentialAction\":[{\"@type\":\"CommentAction\",\"name\":\"Comment\",\"target\":[\"https:\/\/zyciebrzeska.pl\/?p=3081#respond\"]}]},{\"@type\":\"WebPage\",\"@id\":\"https:\/\/zyciebrzeska.pl\/?p=3081\",\"url\":\"https:\/\/zyciebrzeska.pl\/?p=3081\",\"name\":\"BAJKOWY KOROW\u00d3D PRZESZED\u0141 ULICAMI BRZESKA - \u017bycie Brzeska\",\"isPartOf\":{\"@id\":\"https:\/\/zyciebrzeska.pl\/#website\"},\"primaryImageOfPage\":{\"@id\":\"https:\/\/zyciebrzeska.pl\/?p=3081#primaryimage\"},\"image\":{\"@id\":\"https:\/\/zyciebrzeska.pl\/?p=3081#primaryimage\"},\"thumbnailUrl\":\"https:\/\/zyciebrzeska.pl\/wp-content\/uploads\/2019\/05\/DSC_0014.jpg\",\"datePublished\":\"2019-05-22T10:16:53+00:00\",\"dateModified\":\"2019-05-22T10:16:53+00:00\",\"breadcrumb\":{\"@id\":\"https:\/\/zyciebrzeska.pl\/?p=3081#breadcrumb\"},\"inLanguage\":\"pl-PL\",\"potentialAction\":[{\"@type\":\"ReadAction\",\"target\":[\"https:\/\/zyciebrzeska.pl\/?p=3081\"]}]},{\"@type\":\"ImageObject\",\"inLanguage\":\"pl-PL\",\"@id\":\"https:\/\/zyciebrzeska.pl\/?p=3081#primaryimage\",\"url\":\"https:\/\/zyciebrzeska.pl\/wp-content\/uploads\/2019\/05\/DSC_0014.jpg\",\"contentUrl\":\"https:\/\/zyciebrzeska.pl\/wp-content\/uploads\/2019\/05\/DSC_0014.jpg\",\"width\":600,\"height\":900},{\"@type\":\"BreadcrumbList\",\"@id\":\"https:\/\/zyciebrzeska.pl\/?p=3081#breadcrumb\",\"itemListElement\":[{\"@type\":\"ListItem\",\"position\":1,\"name\":\"Home\",\"item\":\"https:\/\/zyciebrzeska.pl\/\"},{\"@type\":\"ListItem\",\"position\":2,\"name\":\"BAJKOWY KOROW\u00d3D PRZESZED\u0141 ULICAMI BRZESKA\"}]},{\"@type\":\"WebSite\",\"@id\":\"https:\/\/zyciebrzeska.pl\/#website\",\"url\":\"https:\/\/zyciebrzeska.pl\/\",\"name\":\"\u017bycie Brzeska\",\"description\":\"Portal Ludzi Aktywnych\",\"publisher\":{\"@id\":\"https:\/\/zyciebrzeska.pl\/#organization\"},\"potentialAction\":[{\"@type\":\"SearchAction\",\"target\":{\"@type\":\"EntryPoint\",\"urlTemplate\":\"https:\/\/zyciebrzeska.pl\/?s={search_term_string}\"},\"query-input\":\"required name=search_term_string\"}],\"inLanguage\":\"pl-PL\"},{\"@type\":\"Organization\",\"@id\":\"https:\/\/zyciebrzeska.pl\/#organization\",\"name\":\"\u017bycie Brzeska\",\"url\":\"https:\/\/zyciebrzeska.pl\/\",\"logo\":{\"@type\":\"ImageObject\",\"inLanguage\":\"pl-PL\",\"@id\":\"https:\/\/zyciebrzeska.pl\/#\/schema\/logo\/image\/\",\"url\":\"https:\/\/server818677.nazwa.pl\/wordpress\/wpn_pierwszainstalacja\/wp-content\/uploads\/2023\/06\/admin-ajax.php-2.png\",\"contentUrl\":\"https:\/\/server818677.nazwa.pl\/wordpress\/wpn_pierwszainstalacja\/wp-content\/uploads\/2023\/06\/admin-ajax.php-2.png\",\"width\":400,\"height\":133,\"caption\":\"\u017bycie Brzeska\"},\"image\":{\"@id\":\"https:\/\/zyciebrzeska.pl\/#\/schema\/logo\/image\/\"},\"sameAs\":[\"https:\/\/www.facebook.com\/brzeskoinfo\"]},{\"@type\":\"Person\",\"@id\":\"https:\/\/zyciebrzeska.pl\/#\/schema\/person\/4da1e536b1da05972f13052ec6594aff\",\"name\":\"Redaktor\",\"image\":{\"@type\":\"ImageObject\",\"inLanguage\":\"pl-PL\",\"@id\":\"https:\/\/zyciebrzeska.pl\/#\/schema\/person\/image\/\",\"url\":\"https:\/\/secure.gravatar.com\/avatar\/9564c163e08185c7e0f7d0141ae3914237cf629898e8534b3dd06bb95817ae0b?s=96&d=mm&r=g\",\"contentUrl\":\"https:\/\/secure.gravatar.com\/avatar\/9564c163e08185c7e0f7d0141ae3914237cf629898e8534b3dd06bb95817ae0b?s=96&d=mm&r=g\",\"caption\":\"Redaktor\"},\"sameAs\":[\"http:\/\/zyciebrzeska.pl\"],\"url\":\"https:\/\/zyciebrzeska.pl\/?author=1\"}]}<\/script>\n<!-- \/ Yoast SEO plugin. -->","yoast_head_json":{"title":"BAJKOWY KOROW\u00d3D PRZESZED\u0141 ULICAMI BRZESKA - \u017bycie Brzeska","robots":{"index":"index","follow":"follow","max-snippet":"max-snippet:-1","max-image-preview":"max-image-preview:large","max-video-preview":"max-video-preview:-1"},"canonical":"https:\/\/zyciebrzeska.pl\/?p=3081","og_locale":"pl_PL","og_type":"article","og_title":"BAJKOWY KOROW\u00d3D PRZESZED\u0141 ULICAMI BRZESKA - \u017bycie Brzeska","og_description":"Pracownicy oddzia\u0142u dla dzieci z Powiatowej i Miejskiej Biblioteki Publicznej byli organizatorami dni ksi\u0105\u017cki, kt\u00f3re zako\u0144czy\u0142y si\u0119 bajkowym przemarszem ulicami miasta.&nbsp; -W czasie dni ksi\u0105\u017cki dzieci mia\u0142y mo\u017cliwo\u015b\u0107 wzi\u0119cia udzia\u0142u w wielu atrakcyjnych przedsi\u0119wzi\u0119ciach maj\u0105cych na celu rozbudzanie zainteresowa\u0144 literackich oraz propagowanie czytelnictwa i kultury \u2013 wyja\u015bnia kierownik oddzia\u0142u dla dzieci, Bernadetta Klimek. W bajkowym [&hellip;]","og_url":"https:\/\/zyciebrzeska.pl\/?p=3081","og_site_name":"\u017bycie Brzeska","article_publisher":"https:\/\/www.facebook.com\/brzeskoinfo","article_published_time":"2019-05-22T10:16:53+00:00","og_image":[{"width":600,"height":900,"url":"https:\/\/zyciebrzeska.pl\/wp-content\/uploads\/2019\/05\/DSC_0014.jpg","type":"image\/jpeg"}],"author":"Redaktor","twitter_card":"summary_large_image","twitter_misc":{"Napisane przez":"Redaktor","Szacowany czas czytania":"1 minuta"},"schema":{"@context":"https:\/\/schema.org","@graph":[{"@type":"Article","@id":"https:\/\/zyciebrzeska.pl\/?p=3081#article","isPartOf":{"@id":"https:\/\/zyciebrzeska.pl\/?p=3081"},"author":{"name":"Redaktor","@id":"https:\/\/zyciebrzeska.pl\/#\/schema\/person\/4da1e536b1da05972f13052ec6594aff"},"headline":"BAJKOWY KOROW\u00d3D PRZESZED\u0141 ULICAMI BRZESKA","datePublished":"2019-05-22T10:16:53+00:00","dateModified":"2019-05-22T10:16:53+00:00","mainEntityOfPage":{"@id":"https:\/\/zyciebrzeska.pl\/?p=3081"},"wordCount":165,"commentCount":0,"publisher":{"@id":"https:\/\/zyciebrzeska.pl\/#organization"},"image":{"@id":"https:\/\/zyciebrzeska.pl\/?p=3081#primaryimage"},"thumbnailUrl":"https:\/\/zyciebrzeska.pl\/wp-content\/uploads\/2019\/05\/DSC_0014.jpg","articleSection":["Wydarzenia"],"inLanguage":"pl-PL","potentialAction":[{"@type":"CommentAction","name":"Comment","target":["https:\/\/zyciebrzeska.pl\/?p=3081#respond"]}]},{"@type":"WebPage","@id":"https:\/\/zyciebrzeska.pl\/?p=3081","url":"https:\/\/zyciebrzeska.pl\/?p=3081","name":"BAJKOWY KOROW\u00d3D PRZESZED\u0141 ULICAMI BRZESKA - \u017bycie Brzeska","isPartOf":{"@id":"https:\/\/zyciebrzeska.pl\/#website"},"primaryImageOfPage":{"@id":"https:\/\/zyciebrzeska.pl\/?p=3081#primaryimage"},"image":{"@id":"https:\/\/zyciebrzeska.pl\/?p=3081#primaryimage"},"thumbnailUrl":"https:\/\/zyciebrzeska.pl\/wp-content\/uploads\/2019\/05\/DSC_0014.jpg","datePublished":"2019-05-22T10:16:53+00:00","dateModified":"2019-05-22T10:16:53+00:00","breadcrumb":{"@id":"https:\/\/zyciebrzeska.pl\/?p=3081#breadcrumb"},"inLanguage":"pl-PL","potentialAction":[{"@type":"ReadAction","target":["https:\/\/zyciebrzeska.pl\/?p=3081"]}]},{"@type":"ImageObject","inLanguage":"pl-PL","@id":"https:\/\/zyciebrzeska.pl\/?p=3081#primaryimage","url":"https:\/\/zyciebrzeska.pl\/wp-content\/uploads\/2019\/05\/DSC_0014.jpg","contentUrl":"https:\/\/zyciebrzeska.pl\/wp-content\/uploads\/2019\/05\/DSC_0014.jpg","width":600,"height":900},{"@type":"BreadcrumbList","@id":"https:\/\/zyciebrzeska.pl\/?p=3081#breadcrumb","itemListElement":[{"@type":"ListItem","position":1,"name":"Home","item":"https:\/\/zyciebrzeska.pl\/"},{"@type":"ListItem","position":2,"name":"BAJKOWY KOROW\u00d3D PRZESZED\u0141 ULICAMI BRZESKA"}]},{"@type":"WebSite","@id":"https:\/\/zyciebrzeska.pl\/#website","url":"https:\/\/zyciebrzeska.pl\/","name":"\u017bycie Brzeska","description":"Portal Ludzi Aktywnych","publisher":{"@id":"https:\/\/zyciebrzeska.pl\/#organization"},"potentialAction":[{"@type":"SearchAction","target":{"@type":"EntryPoint","urlTemplate":"https:\/\/zyciebrzeska.pl\/?s={search_term_string}"},"query-input":"required name=search_term_string"}],"inLanguage":"pl-PL"},{"@type":"Organization","@id":"https:\/\/zyciebrzeska.pl\/#organization","name":"\u017bycie Brzeska","url":"https:\/\/zyciebrzeska.pl\/","logo":{"@type":"ImageObject","inLanguage":"pl-PL","@id":"https:\/\/zyciebrzeska.pl\/#\/schema\/logo\/image\/","url":"https:\/\/server818677.nazwa.pl\/wordpress\/wpn_pierwszainstalacja\/wp-content\/uploads\/2023\/06\/admin-ajax.php-2.png","contentUrl":"https:\/\/server818677.nazwa.pl\/wordpress\/wpn_pierwszainstalacja\/wp-content\/uploads\/2023\/06\/admin-ajax.php-2.png","width":400,"height":133,"caption":"\u017bycie Brzeska"},"image":{"@id":"https:\/\/zyciebrzeska.pl\/#\/schema\/logo\/image\/"},"sameAs":["https:\/\/www.facebook.com\/brzeskoinfo"]},{"@type":"Person","@id":"https:\/\/zyciebrzeska.pl\/#\/schema\/person\/4da1e536b1da05972f13052ec6594aff","name":"Redaktor","image":{"@type":"ImageObject","inLanguage":"pl-PL","@id":"https:\/\/zyciebrzeska.pl\/#\/schema\/person\/image\/","url":"https:\/\/secure.gravatar.com\/avatar\/9564c163e08185c7e0f7d0141ae3914237cf629898e8534b3dd06bb95817ae0b?s=96&d=mm&r=g","contentUrl":"https:\/\/secure.gravatar.com\/avatar\/9564c163e08185c7e0f7d0141ae3914237cf629898e8534b3dd06bb95817ae0b?s=96&d=mm&r=g","caption":"Redaktor"},"sameAs":["http:\/\/zyciebrzeska.pl"],"url":"https:\/\/zyciebrzeska.pl\/?author=1"}]}},"_links":{"self":[{"href":"https:\/\/zyciebrzeska.pl\/index.php?rest_route=\/wp\/v2\/posts\/3081","targetHints":{"allow":["GET"]}}],"collection":[{"href":"https:\/\/zyciebrzeska.pl\/index.php?rest_route=\/wp\/v2\/posts"}],"about":[{"href":"https:\/\/zyciebrzeska.pl\/index.php?rest_route=\/wp\/v2\/types\/post"}],"author":[{"embeddable":true,"href":"https:\/\/zyciebrzeska.pl\/index.php?rest_route=\/wp\/v2\/users\/1"}],"replies":[{"embeddable":true,"href":"https:\/\/zyciebrzeska.pl\/index.php?rest_route=%2Fwp%2Fv2%2Fcomments&post=3081"}],"version-history":[{"count":0,"href":"https:\/\/zyciebrzeska.pl\/index.php?rest_route=\/wp\/v2\/posts\/3081\/revisions"}],"wp:featuredmedia":[{"embeddable":true,"href":"https:\/\/zyciebrzeska.pl\/index.php?rest_route=\/wp\/v2\/media\/3083"}],"wp:attachment":[{"href":"https:\/\/zyciebrzeska.pl\/index.php?rest_route=%2Fwp%2Fv2%2Fmedia&parent=3081"}],"wp:term":[{"taxonomy":"category","embeddable":true,"href":"https:\/\/zyciebrzeska.pl\/index.php?rest_route=%2Fwp%2Fv2%2Fcategories&post=3081"},{"taxonomy":"post_tag","embeddable":true,"href":"https:\/\/zyciebrzeska.pl\/index.php?rest_route=%2Fwp%2Fv2%2Ftags&post=3081"}],"curies":[{"name":"wp","href":"https:\/\/api.w.org\/{rel}","templated":true}]}}