{"id":3078,"date":"2019-05-22T10:12:51","date_gmt":"2019-05-22T10:12:51","guid":{"rendered":"https:\/\/zyciebrzeska.pl\/?p=3078"},"modified":"2019-05-22T10:12:51","modified_gmt":"2019-05-22T10:12:51","slug":"2-czerwca-2019-dzien-dziecka-w-brzesku","status":"publish","type":"post","link":"https:\/\/zyciebrzeska.pl\/?p=3078","title":{"rendered":"2 CZERWCA 2019 \u2013 DZIE\u0143 DZIECKA W BRZESKU"},"content":{"rendered":"\n<p>Burmistrz Brzeska Tomasz Latocha zaprasza na piknik rodzinny z okazji Dnia Dziecka, kt\u00f3ry odb\u0119dzie si\u0119 2 czerwca na terenie obok krytej p\u0142ywalni, przy ulicy Wiejskiej 12.<\/p>\n\n\n\n<p>Atrakcje przygotowane dla dzieci<\/p>\n\n\n\n<p>\u00b7 turnieje pi\u0142ki no\u017cnej ch\u0142opc\u00f3w i dziewcz\u0105t oraz koszyk\u00f3wki dziewcz\u0105t<br> \u00b7 warsztaty j\u0119zyka angielskiego (Helen Doron)<br> \u00b7 warsztaty kulinarne (Paszczaki gotuj\u0105)<br> \u00b7 warsztaty rze\u017abiarskie (Wojciech Siek)<br> \u00b7 warsztaty artystyczne, plener malarski (MOK Brzesko)<br> \u00b7 warsztaty uk\u0142adania kwiat\u00f3w (salon kwiatowy Bazzar)<br> \u00b7 dzieci\u0119cy pokaz mody \u2013 godz. 12.00 (dzieci z Publicznego Przedszkola nr 4)<br> \u00b7 wyst\u0119py przedszkolak\u00f3w \u2013 godz. 12.20<br> \u00b7 fitness dla dzieci i rodzic\u00f3w \u2013 godz. 13.00 (Akademia Ruchu Libra)<br> \u00b7 pokaz ta\u0144ca hip-hop \u2013 godz. 13.30<br> \u00b7 pokaz ta\u0144ca towarzyskiego w wykonaniu dzieci ze szko\u0142y Thomas Dance \u2013 godz. 14.00<br> \u00b7 pokaz akcji ratowniczej w wykonaniu Pa\u0144stwowej Stra\u017cy Po\u017carnej z Brzeska \u2013 godz. 15.00<br> \u00b7 pokaz strongmen\u00f3w z udzia\u0142em publiczno\u015bci, konkursy dla dzieci \u2013 godz. 16.00<br> \u00b7 inne atrakcje: foot darts, malowanie twarzy, przeja\u017cd\u017cki na kucyku, instrukta\u017c pierwszej pomocy, symulatory gry, konkursy i zabawy z chust\u0105 animacyjn\u0105, dmuchane zje\u017cd\u017calnie, radiowozy i motocykle policyjne, zabawy i konkursy profilaktyczne dla dzieci, porady zdrowotne, akcja profilaktyczna \u201ejab\u0142ko zamiast papierosa\u201d, wyst\u0119py ma\u0142ych artyst\u00f3w, baloniki z helem, grill, lody, popcorn, wata cukrowa \u2026 i \u015bwietna atmosfera.<\/p>\n\n\n\n<figure class=\"wp-block-image\"><img loading=\"lazy\" decoding=\"async\" width=\"630\" height=\"885\" src=\"https:\/\/server818677.nazwa.pl\/wordpress\/wpn_pierwszainstalacja\/wp-content\/uploads\/2019\/05\/dzien-dziecka-2019-e1558436100286.jpg\" alt=\"\" class=\"wp-image-3079\" srcset=\"https:\/\/zyciebrzeska.pl\/wp-content\/uploads\/2019\/05\/dzien-dziecka-2019-e1558436100286.jpg 630w, https:\/\/zyciebrzeska.pl\/wp-content\/uploads\/2019\/05\/dzien-dziecka-2019-e1558436100286-214x300.jpg 214w\" sizes=\"auto, (max-width: 630px) 100vw, 630px\" \/><\/figure>\n","protected":false},"excerpt":{"rendered":"<p>Burmistrz Brzeska Tomasz Latocha zaprasza na piknik rodzinny z okazji Dnia Dziecka, kt\u00f3ry odb\u0119dzie si\u0119 2 czerwca na terenie obok krytej p\u0142ywalni, przy ulicy Wiejskiej 12. Atrakcje przygotowane dla dzieci \u00b7 turnieje pi\u0142ki no\u017cnej ch\u0142opc\u00f3w i dziewcz\u0105t oraz koszyk\u00f3wki dziewcz\u0105t \u00b7 warsztaty j\u0119zyka angielskiego (Helen Doron) \u00b7 warsztaty kulinarne (Paszczaki gotuj\u0105) \u00b7 warsztaty rze\u017abiarskie (Wojciech [&hellip;]<\/p>\n","protected":false},"author":1,"featured_media":3079,"comment_status":"open","ping_status":"open","sticky":false,"template":"","format":"standard","meta":{"tdm_status":"","tdm_grid_status":"","footnotes":""},"categories":[10],"tags":[],"class_list":{"0":"post-3078","1":"post","2":"type-post","3":"status-publish","4":"format-standard","5":"has-post-thumbnail","7":"category-wydarzenia"},"yoast_head":"<!-- This site is optimized with the Yoast SEO plugin v22.2 - https:\/\/yoast.com\/wordpress\/plugins\/seo\/ -->\n<title>2 CZERWCA 2019 \u2013 DZIE\u0143 DZIECKA W BRZESKU - \u017bycie Brzeska<\/title>\n<meta name=\"robots\" content=\"index, follow, max-snippet:-1, max-image-preview:large, max-video-preview:-1\" \/>\n<link rel=\"canonical\" href=\"https:\/\/zyciebrzeska.pl\/?p=3078\" \/>\n<meta property=\"og:locale\" content=\"pl_PL\" \/>\n<meta property=\"og:type\" content=\"article\" \/>\n<meta property=\"og:title\" content=\"2 CZERWCA 2019 \u2013 DZIE\u0143 DZIECKA W BRZESKU - \u017bycie Brzeska\" \/>\n<meta property=\"og:description\" content=\"Burmistrz Brzeska Tomasz Latocha zaprasza na piknik rodzinny z okazji Dnia Dziecka, kt\u00f3ry odb\u0119dzie si\u0119 2 czerwca na terenie obok krytej p\u0142ywalni, przy ulicy Wiejskiej 12. Atrakcje przygotowane dla dzieci \u00b7 turnieje pi\u0142ki no\u017cnej ch\u0142opc\u00f3w i dziewcz\u0105t oraz koszyk\u00f3wki dziewcz\u0105t \u00b7 warsztaty j\u0119zyka angielskiego (Helen Doron) \u00b7 warsztaty kulinarne (Paszczaki gotuj\u0105) \u00b7 warsztaty rze\u017abiarskie (Wojciech [&hellip;]\" \/>\n<meta property=\"og:url\" content=\"https:\/\/zyciebrzeska.pl\/?p=3078\" \/>\n<meta property=\"og:site_name\" content=\"\u017bycie Brzeska\" \/>\n<meta property=\"article:publisher\" content=\"https:\/\/www.facebook.com\/brzeskoinfo\" \/>\n<meta property=\"article:published_time\" content=\"2019-05-22T10:12:51+00:00\" \/>\n<meta property=\"og:image\" content=\"https:\/\/zyciebrzeska.pl\/wp-content\/uploads\/2019\/05\/dzien-dziecka-2019-e1558436100286.jpg\" \/>\n\t<meta property=\"og:image:width\" content=\"630\" \/>\n\t<meta property=\"og:image:height\" content=\"885\" \/>\n\t<meta property=\"og:image:type\" content=\"image\/jpeg\" \/>\n<meta name=\"author\" content=\"Redaktor\" \/>\n<meta name=\"twitter:card\" content=\"summary_large_image\" \/>\n<meta name=\"twitter:label1\" content=\"Napisane przez\" \/>\n\t<meta name=\"twitter:data1\" content=\"Redaktor\" \/>\n\t<meta name=\"twitter:label2\" content=\"Szacowany czas czytania\" \/>\n\t<meta name=\"twitter:data2\" content=\"1 minuta\" \/>\n<script type=\"application\/ld+json\" class=\"yoast-schema-graph\">{\"@context\":\"https:\/\/schema.org\",\"@graph\":[{\"@type\":\"Article\",\"@id\":\"https:\/\/zyciebrzeska.pl\/?p=3078#article\",\"isPartOf\":{\"@id\":\"https:\/\/zyciebrzeska.pl\/?p=3078\"},\"author\":{\"name\":\"Redaktor\",\"@id\":\"https:\/\/zyciebrzeska.pl\/#\/schema\/person\/4da1e536b1da05972f13052ec6594aff\"},\"headline\":\"2 CZERWCA 2019 \u2013 DZIE\u0143 DZIECKA W BRZESKU\",\"datePublished\":\"2019-05-22T10:12:51+00:00\",\"dateModified\":\"2019-05-22T10:12:51+00:00\",\"mainEntityOfPage\":{\"@id\":\"https:\/\/zyciebrzeska.pl\/?p=3078\"},\"wordCount\":211,\"commentCount\":0,\"publisher\":{\"@id\":\"https:\/\/zyciebrzeska.pl\/#organization\"},\"image\":{\"@id\":\"https:\/\/zyciebrzeska.pl\/?p=3078#primaryimage\"},\"thumbnailUrl\":\"https:\/\/zyciebrzeska.pl\/wp-content\/uploads\/2019\/05\/dzien-dziecka-2019-e1558436100286.jpg\",\"articleSection\":[\"Wydarzenia\"],\"inLanguage\":\"pl-PL\",\"potentialAction\":[{\"@type\":\"CommentAction\",\"name\":\"Comment\",\"target\":[\"https:\/\/zyciebrzeska.pl\/?p=3078#respond\"]}]},{\"@type\":\"WebPage\",\"@id\":\"https:\/\/zyciebrzeska.pl\/?p=3078\",\"url\":\"https:\/\/zyciebrzeska.pl\/?p=3078\",\"name\":\"2 CZERWCA 2019 \u2013 DZIE\u0143 DZIECKA W BRZESKU - \u017bycie Brzeska\",\"isPartOf\":{\"@id\":\"https:\/\/zyciebrzeska.pl\/#website\"},\"primaryImageOfPage\":{\"@id\":\"https:\/\/zyciebrzeska.pl\/?p=3078#primaryimage\"},\"image\":{\"@id\":\"https:\/\/zyciebrzeska.pl\/?p=3078#primaryimage\"},\"thumbnailUrl\":\"https:\/\/zyciebrzeska.pl\/wp-content\/uploads\/2019\/05\/dzien-dziecka-2019-e1558436100286.jpg\",\"datePublished\":\"2019-05-22T10:12:51+00:00\",\"dateModified\":\"2019-05-22T10:12:51+00:00\",\"breadcrumb\":{\"@id\":\"https:\/\/zyciebrzeska.pl\/?p=3078#breadcrumb\"},\"inLanguage\":\"pl-PL\",\"potentialAction\":[{\"@type\":\"ReadAction\",\"target\":[\"https:\/\/zyciebrzeska.pl\/?p=3078\"]}]},{\"@type\":\"ImageObject\",\"inLanguage\":\"pl-PL\",\"@id\":\"https:\/\/zyciebrzeska.pl\/?p=3078#primaryimage\",\"url\":\"https:\/\/zyciebrzeska.pl\/wp-content\/uploads\/2019\/05\/dzien-dziecka-2019-e1558436100286.jpg\",\"contentUrl\":\"https:\/\/zyciebrzeska.pl\/wp-content\/uploads\/2019\/05\/dzien-dziecka-2019-e1558436100286.jpg\",\"width\":630,\"height\":885},{\"@type\":\"BreadcrumbList\",\"@id\":\"https:\/\/zyciebrzeska.pl\/?p=3078#breadcrumb\",\"itemListElement\":[{\"@type\":\"ListItem\",\"position\":1,\"name\":\"Home\",\"item\":\"https:\/\/zyciebrzeska.pl\/\"},{\"@type\":\"ListItem\",\"position\":2,\"name\":\"2 CZERWCA 2019 \u2013 DZIE\u0143 DZIECKA W BRZESKU\"}]},{\"@type\":\"WebSite\",\"@id\":\"https:\/\/zyciebrzeska.pl\/#website\",\"url\":\"https:\/\/zyciebrzeska.pl\/\",\"name\":\"\u017bycie Brzeska\",\"description\":\"Portal Ludzi Aktywnych\",\"publisher\":{\"@id\":\"https:\/\/zyciebrzeska.pl\/#organization\"},\"potentialAction\":[{\"@type\":\"SearchAction\",\"target\":{\"@type\":\"EntryPoint\",\"urlTemplate\":\"https:\/\/zyciebrzeska.pl\/?s={search_term_string}\"},\"query-input\":\"required name=search_term_string\"}],\"inLanguage\":\"pl-PL\"},{\"@type\":\"Organization\",\"@id\":\"https:\/\/zyciebrzeska.pl\/#organization\",\"name\":\"\u017bycie Brzeska\",\"url\":\"https:\/\/zyciebrzeska.pl\/\",\"logo\":{\"@type\":\"ImageObject\",\"inLanguage\":\"pl-PL\",\"@id\":\"https:\/\/zyciebrzeska.pl\/#\/schema\/logo\/image\/\",\"url\":\"https:\/\/server818677.nazwa.pl\/wordpress\/wpn_pierwszainstalacja\/wp-content\/uploads\/2023\/06\/admin-ajax.php-2.png\",\"contentUrl\":\"https:\/\/server818677.nazwa.pl\/wordpress\/wpn_pierwszainstalacja\/wp-content\/uploads\/2023\/06\/admin-ajax.php-2.png\",\"width\":400,\"height\":133,\"caption\":\"\u017bycie Brzeska\"},\"image\":{\"@id\":\"https:\/\/zyciebrzeska.pl\/#\/schema\/logo\/image\/\"},\"sameAs\":[\"https:\/\/www.facebook.com\/brzeskoinfo\"]},{\"@type\":\"Person\",\"@id\":\"https:\/\/zyciebrzeska.pl\/#\/schema\/person\/4da1e536b1da05972f13052ec6594aff\",\"name\":\"Redaktor\",\"image\":{\"@type\":\"ImageObject\",\"inLanguage\":\"pl-PL\",\"@id\":\"https:\/\/zyciebrzeska.pl\/#\/schema\/person\/image\/\",\"url\":\"https:\/\/secure.gravatar.com\/avatar\/9564c163e08185c7e0f7d0141ae3914237cf629898e8534b3dd06bb95817ae0b?s=96&d=mm&r=g\",\"contentUrl\":\"https:\/\/secure.gravatar.com\/avatar\/9564c163e08185c7e0f7d0141ae3914237cf629898e8534b3dd06bb95817ae0b?s=96&d=mm&r=g\",\"caption\":\"Redaktor\"},\"sameAs\":[\"http:\/\/zyciebrzeska.pl\"],\"url\":\"https:\/\/zyciebrzeska.pl\/?author=1\"}]}<\/script>\n<!-- \/ Yoast SEO plugin. -->","yoast_head_json":{"title":"2 CZERWCA 2019 \u2013 DZIE\u0143 DZIECKA W BRZESKU - \u017bycie Brzeska","robots":{"index":"index","follow":"follow","max-snippet":"max-snippet:-1","max-image-preview":"max-image-preview:large","max-video-preview":"max-video-preview:-1"},"canonical":"https:\/\/zyciebrzeska.pl\/?p=3078","og_locale":"pl_PL","og_type":"article","og_title":"2 CZERWCA 2019 \u2013 DZIE\u0143 DZIECKA W BRZESKU - \u017bycie Brzeska","og_description":"Burmistrz Brzeska Tomasz Latocha zaprasza na piknik rodzinny z okazji Dnia Dziecka, kt\u00f3ry odb\u0119dzie si\u0119 2 czerwca na terenie obok krytej p\u0142ywalni, przy ulicy Wiejskiej 12. Atrakcje przygotowane dla dzieci \u00b7 turnieje pi\u0142ki no\u017cnej ch\u0142opc\u00f3w i dziewcz\u0105t oraz koszyk\u00f3wki dziewcz\u0105t \u00b7 warsztaty j\u0119zyka angielskiego (Helen Doron) \u00b7 warsztaty kulinarne (Paszczaki gotuj\u0105) \u00b7 warsztaty rze\u017abiarskie (Wojciech [&hellip;]","og_url":"https:\/\/zyciebrzeska.pl\/?p=3078","og_site_name":"\u017bycie Brzeska","article_publisher":"https:\/\/www.facebook.com\/brzeskoinfo","article_published_time":"2019-05-22T10:12:51+00:00","og_image":[{"width":630,"height":885,"url":"https:\/\/zyciebrzeska.pl\/wp-content\/uploads\/2019\/05\/dzien-dziecka-2019-e1558436100286.jpg","type":"image\/jpeg"}],"author":"Redaktor","twitter_card":"summary_large_image","twitter_misc":{"Napisane przez":"Redaktor","Szacowany czas czytania":"1 minuta"},"schema":{"@context":"https:\/\/schema.org","@graph":[{"@type":"Article","@id":"https:\/\/zyciebrzeska.pl\/?p=3078#article","isPartOf":{"@id":"https:\/\/zyciebrzeska.pl\/?p=3078"},"author":{"name":"Redaktor","@id":"https:\/\/zyciebrzeska.pl\/#\/schema\/person\/4da1e536b1da05972f13052ec6594aff"},"headline":"2 CZERWCA 2019 \u2013 DZIE\u0143 DZIECKA W BRZESKU","datePublished":"2019-05-22T10:12:51+00:00","dateModified":"2019-05-22T10:12:51+00:00","mainEntityOfPage":{"@id":"https:\/\/zyciebrzeska.pl\/?p=3078"},"wordCount":211,"commentCount":0,"publisher":{"@id":"https:\/\/zyciebrzeska.pl\/#organization"},"image":{"@id":"https:\/\/zyciebrzeska.pl\/?p=3078#primaryimage"},"thumbnailUrl":"https:\/\/zyciebrzeska.pl\/wp-content\/uploads\/2019\/05\/dzien-dziecka-2019-e1558436100286.jpg","articleSection":["Wydarzenia"],"inLanguage":"pl-PL","potentialAction":[{"@type":"CommentAction","name":"Comment","target":["https:\/\/zyciebrzeska.pl\/?p=3078#respond"]}]},{"@type":"WebPage","@id":"https:\/\/zyciebrzeska.pl\/?p=3078","url":"https:\/\/zyciebrzeska.pl\/?p=3078","name":"2 CZERWCA 2019 \u2013 DZIE\u0143 DZIECKA W BRZESKU - \u017bycie Brzeska","isPartOf":{"@id":"https:\/\/zyciebrzeska.pl\/#website"},"primaryImageOfPage":{"@id":"https:\/\/zyciebrzeska.pl\/?p=3078#primaryimage"},"image":{"@id":"https:\/\/zyciebrzeska.pl\/?p=3078#primaryimage"},"thumbnailUrl":"https:\/\/zyciebrzeska.pl\/wp-content\/uploads\/2019\/05\/dzien-dziecka-2019-e1558436100286.jpg","datePublished":"2019-05-22T10:12:51+00:00","dateModified":"2019-05-22T10:12:51+00:00","breadcrumb":{"@id":"https:\/\/zyciebrzeska.pl\/?p=3078#breadcrumb"},"inLanguage":"pl-PL","potentialAction":[{"@type":"ReadAction","target":["https:\/\/zyciebrzeska.pl\/?p=3078"]}]},{"@type":"ImageObject","inLanguage":"pl-PL","@id":"https:\/\/zyciebrzeska.pl\/?p=3078#primaryimage","url":"https:\/\/zyciebrzeska.pl\/wp-content\/uploads\/2019\/05\/dzien-dziecka-2019-e1558436100286.jpg","contentUrl":"https:\/\/zyciebrzeska.pl\/wp-content\/uploads\/2019\/05\/dzien-dziecka-2019-e1558436100286.jpg","width":630,"height":885},{"@type":"BreadcrumbList","@id":"https:\/\/zyciebrzeska.pl\/?p=3078#breadcrumb","itemListElement":[{"@type":"ListItem","position":1,"name":"Home","item":"https:\/\/zyciebrzeska.pl\/"},{"@type":"ListItem","position":2,"name":"2 CZERWCA 2019 \u2013 DZIE\u0143 DZIECKA W BRZESKU"}]},{"@type":"WebSite","@id":"https:\/\/zyciebrzeska.pl\/#website","url":"https:\/\/zyciebrzeska.pl\/","name":"\u017bycie Brzeska","description":"Portal Ludzi Aktywnych","publisher":{"@id":"https:\/\/zyciebrzeska.pl\/#organization"},"potentialAction":[{"@type":"SearchAction","target":{"@type":"EntryPoint","urlTemplate":"https:\/\/zyciebrzeska.pl\/?s={search_term_string}"},"query-input":"required name=search_term_string"}],"inLanguage":"pl-PL"},{"@type":"Organization","@id":"https:\/\/zyciebrzeska.pl\/#organization","name":"\u017bycie Brzeska","url":"https:\/\/zyciebrzeska.pl\/","logo":{"@type":"ImageObject","inLanguage":"pl-PL","@id":"https:\/\/zyciebrzeska.pl\/#\/schema\/logo\/image\/","url":"https:\/\/server818677.nazwa.pl\/wordpress\/wpn_pierwszainstalacja\/wp-content\/uploads\/2023\/06\/admin-ajax.php-2.png","contentUrl":"https:\/\/server818677.nazwa.pl\/wordpress\/wpn_pierwszainstalacja\/wp-content\/uploads\/2023\/06\/admin-ajax.php-2.png","width":400,"height":133,"caption":"\u017bycie Brzeska"},"image":{"@id":"https:\/\/zyciebrzeska.pl\/#\/schema\/logo\/image\/"},"sameAs":["https:\/\/www.facebook.com\/brzeskoinfo"]},{"@type":"Person","@id":"https:\/\/zyciebrzeska.pl\/#\/schema\/person\/4da1e536b1da05972f13052ec6594aff","name":"Redaktor","image":{"@type":"ImageObject","inLanguage":"pl-PL","@id":"https:\/\/zyciebrzeska.pl\/#\/schema\/person\/image\/","url":"https:\/\/secure.gravatar.com\/avatar\/9564c163e08185c7e0f7d0141ae3914237cf629898e8534b3dd06bb95817ae0b?s=96&d=mm&r=g","contentUrl":"https:\/\/secure.gravatar.com\/avatar\/9564c163e08185c7e0f7d0141ae3914237cf629898e8534b3dd06bb95817ae0b?s=96&d=mm&r=g","caption":"Redaktor"},"sameAs":["http:\/\/zyciebrzeska.pl"],"url":"https:\/\/zyciebrzeska.pl\/?author=1"}]}},"_links":{"self":[{"href":"https:\/\/zyciebrzeska.pl\/index.php?rest_route=\/wp\/v2\/posts\/3078","targetHints":{"allow":["GET"]}}],"collection":[{"href":"https:\/\/zyciebrzeska.pl\/index.php?rest_route=\/wp\/v2\/posts"}],"about":[{"href":"https:\/\/zyciebrzeska.pl\/index.php?rest_route=\/wp\/v2\/types\/post"}],"author":[{"embeddable":true,"href":"https:\/\/zyciebrzeska.pl\/index.php?rest_route=\/wp\/v2\/users\/1"}],"replies":[{"embeddable":true,"href":"https:\/\/zyciebrzeska.pl\/index.php?rest_route=%2Fwp%2Fv2%2Fcomments&post=3078"}],"version-history":[{"count":0,"href":"https:\/\/zyciebrzeska.pl\/index.php?rest_route=\/wp\/v2\/posts\/3078\/revisions"}],"wp:featuredmedia":[{"embeddable":true,"href":"https:\/\/zyciebrzeska.pl\/index.php?rest_route=\/wp\/v2\/media\/3079"}],"wp:attachment":[{"href":"https:\/\/zyciebrzeska.pl\/index.php?rest_route=%2Fwp%2Fv2%2Fmedia&parent=3078"}],"wp:term":[{"taxonomy":"category","embeddable":true,"href":"https:\/\/zyciebrzeska.pl\/index.php?rest_route=%2Fwp%2Fv2%2Fcategories&post=3078"},{"taxonomy":"post_tag","embeddable":true,"href":"https:\/\/zyciebrzeska.pl\/index.php?rest_route=%2Fwp%2Fv2%2Ftags&post=3078"}],"curies":[{"name":"wp","href":"https:\/\/api.w.org\/{rel}","templated":true}]}}