{"id":3069,"date":"2019-05-20T06:27:07","date_gmt":"2019-05-20T06:27:07","guid":{"rendered":"https:\/\/zyciebrzeska.pl\/?p=3069"},"modified":"2019-05-20T06:27:07","modified_gmt":"2019-05-20T06:27:07","slug":"biblioteka-zaprasza","status":"publish","type":"post","link":"https:\/\/zyciebrzeska.pl\/?p=3069","title":{"rendered":"BIBLIOTEKA ZAPRASZA"},"content":{"rendered":"\n<p>Powiatowa i Miejska Biblioteka Publiczna zaprasza na spotkanie z podr\u00f3\u017cnikiem Romualdem Koperskim, kt\u00f3re odb\u0119dzie si\u0119 4 czerwca, o godz. 18.00 w RCK-B.&nbsp;<br>\nRomuald Koperski \u2013 podr\u00f3\u017cnik, pionier wypraw samochodowych po rozleg\u0142ych terenach Syberii, pilot samolotowy I klasy, pisarz, dziennikarz reporta\u017cysta, fotograf, nurek, my\u015bliwy, zawodowy muzyk pianista. Rekordzista Guinnessa w najd\u0142u\u017cszym koncercie fortepianowym na \u015bwiecie trwaj\u0105cym 103 godziny i 8 sekund. Organizator rajd\u00f3w samochodowych \u201eTranssyberia\u201d oraz \u201eYekaterina\u201d, odby\u0142 dziesi\u0105tki eksploracyjnych wypraw \u2013 Jakucja, Chakasja, A\u0142taj, Buriacja, Czukotka, Ko\u0142yma, G\u00f3ry Czerskiego, polarne rejony Syberii, Mongolia.<\/p>\n\n\n\n<p>Koperski jest zdobywc\u0105 presti\u017cowej nagrody \u201dKolosa\u201d oraz tytu\u0142u \u201ePodr\u00f3\u017cnika Roku 1999\u2033 za samotny sp\u0142yw gumowym pontonem najd\u0142u\u017csz\u0105 syberyjsk\u0105 rzek\u0105 Len\u0105.<\/p>\n\n\n\n<p>Autor ksi\u0105\u017cek: \u201ePojedynek z Syberi\u0105\u201d, \u201ePrzez Syberi\u0119 na gap\u0119\u201d, \u201e1001 obraz\u00f3w Syberii\u201d, \u201eSyberia. Zimowa odyseja\u201d, \u201eOcean niespokojny\u201d, \u201eNa wios\u0142ach przez Atlantyk\u201d.<\/p>\n\n\n\n<figure class=\"wp-block-image\"><img loading=\"lazy\" decoding=\"async\" width=\"1024\" height=\"724\" src=\"https:\/\/server818677.nazwa.pl\/wordpress\/wpn_pierwszainstalacja\/wp-content\/uploads\/2019\/05\/R.Koperski_plakat-1024x724.jpg\" alt=\"\" class=\"wp-image-3070\" srcset=\"https:\/\/zyciebrzeska.pl\/wp-content\/uploads\/2019\/05\/R.Koperski_plakat-1024x724.jpg 1024w, https:\/\/zyciebrzeska.pl\/wp-content\/uploads\/2019\/05\/R.Koperski_plakat-300x212.jpg 300w, https:\/\/zyciebrzeska.pl\/wp-content\/uploads\/2019\/05\/R.Koperski_plakat-768x543.jpg 768w, https:\/\/zyciebrzeska.pl\/wp-content\/uploads\/2019\/05\/R.Koperski_plakat-1536x1086.jpg 1536w, https:\/\/zyciebrzeska.pl\/wp-content\/uploads\/2019\/05\/R.Koperski_plakat-1568x1109.jpg 1568w, https:\/\/zyciebrzeska.pl\/wp-content\/uploads\/2019\/05\/R.Koperski_plakat.jpg 1920w\" sizes=\"auto, (max-width: 1024px) 100vw, 1024px\" \/><\/figure>\n","protected":false},"excerpt":{"rendered":"<p>Powiatowa i Miejska Biblioteka Publiczna zaprasza na spotkanie z podr\u00f3\u017cnikiem Romualdem Koperskim, kt\u00f3re odb\u0119dzie si\u0119 4 czerwca, o godz. 18.00 w RCK-B.&nbsp; Romuald Koperski \u2013 podr\u00f3\u017cnik, pionier wypraw samochodowych po rozleg\u0142ych terenach Syberii, pilot samolotowy I klasy, pisarz, dziennikarz reporta\u017cysta, fotograf, nurek, my\u015bliwy, zawodowy muzyk pianista. Rekordzista Guinnessa w najd\u0142u\u017cszym koncercie fortepianowym na \u015bwiecie trwaj\u0105cym [&hellip;]<\/p>\n","protected":false},"author":1,"featured_media":3070,"comment_status":"open","ping_status":"open","sticky":false,"template":"","format":"standard","meta":{"tdm_status":"","tdm_grid_status":"","footnotes":""},"categories":[10],"tags":[],"class_list":{"0":"post-3069","1":"post","2":"type-post","3":"status-publish","4":"format-standard","5":"has-post-thumbnail","7":"category-wydarzenia"},"yoast_head":"<!-- This site is optimized with the Yoast SEO plugin v22.2 - https:\/\/yoast.com\/wordpress\/plugins\/seo\/ -->\n<title>BIBLIOTEKA ZAPRASZA - \u017bycie Brzeska<\/title>\n<meta name=\"robots\" content=\"index, follow, max-snippet:-1, max-image-preview:large, max-video-preview:-1\" \/>\n<link rel=\"canonical\" href=\"https:\/\/zyciebrzeska.pl\/?p=3069\" \/>\n<meta property=\"og:locale\" content=\"pl_PL\" \/>\n<meta property=\"og:type\" content=\"article\" \/>\n<meta property=\"og:title\" content=\"BIBLIOTEKA ZAPRASZA - \u017bycie Brzeska\" \/>\n<meta property=\"og:description\" content=\"Powiatowa i Miejska Biblioteka Publiczna zaprasza na spotkanie z podr\u00f3\u017cnikiem Romualdem Koperskim, kt\u00f3re odb\u0119dzie si\u0119 4 czerwca, o godz. 18.00 w RCK-B.&nbsp; Romuald Koperski \u2013 podr\u00f3\u017cnik, pionier wypraw samochodowych po rozleg\u0142ych terenach Syberii, pilot samolotowy I klasy, pisarz, dziennikarz reporta\u017cysta, fotograf, nurek, my\u015bliwy, zawodowy muzyk pianista. Rekordzista Guinnessa w najd\u0142u\u017cszym koncercie fortepianowym na \u015bwiecie trwaj\u0105cym [&hellip;]\" \/>\n<meta property=\"og:url\" content=\"https:\/\/zyciebrzeska.pl\/?p=3069\" \/>\n<meta property=\"og:site_name\" content=\"\u017bycie Brzeska\" \/>\n<meta property=\"article:publisher\" content=\"https:\/\/www.facebook.com\/brzeskoinfo\" \/>\n<meta property=\"article:published_time\" content=\"2019-05-20T06:27:07+00:00\" \/>\n<meta property=\"og:image\" content=\"https:\/\/zyciebrzeska.pl\/wp-content\/uploads\/2019\/05\/R.Koperski_plakat.jpg\" \/>\n\t<meta property=\"og:image:width\" content=\"1920\" \/>\n\t<meta property=\"og:image:height\" content=\"1358\" \/>\n\t<meta property=\"og:image:type\" content=\"image\/jpeg\" \/>\n<meta name=\"author\" content=\"Redaktor\" \/>\n<meta name=\"twitter:card\" content=\"summary_large_image\" \/>\n<meta name=\"twitter:label1\" content=\"Napisane przez\" \/>\n\t<meta name=\"twitter:data1\" content=\"Redaktor\" \/>\n\t<meta name=\"twitter:label2\" content=\"Szacowany czas czytania\" \/>\n\t<meta name=\"twitter:data2\" content=\"1 minuta\" \/>\n<script type=\"application\/ld+json\" class=\"yoast-schema-graph\">{\"@context\":\"https:\/\/schema.org\",\"@graph\":[{\"@type\":\"Article\",\"@id\":\"https:\/\/zyciebrzeska.pl\/?p=3069#article\",\"isPartOf\":{\"@id\":\"https:\/\/zyciebrzeska.pl\/?p=3069\"},\"author\":{\"name\":\"Redaktor\",\"@id\":\"https:\/\/zyciebrzeska.pl\/#\/schema\/person\/4da1e536b1da05972f13052ec6594aff\"},\"headline\":\"BIBLIOTEKA ZAPRASZA\",\"datePublished\":\"2019-05-20T06:27:07+00:00\",\"dateModified\":\"2019-05-20T06:27:07+00:00\",\"mainEntityOfPage\":{\"@id\":\"https:\/\/zyciebrzeska.pl\/?p=3069\"},\"wordCount\":143,\"commentCount\":0,\"publisher\":{\"@id\":\"https:\/\/zyciebrzeska.pl\/#organization\"},\"image\":{\"@id\":\"https:\/\/zyciebrzeska.pl\/?p=3069#primaryimage\"},\"thumbnailUrl\":\"https:\/\/zyciebrzeska.pl\/wp-content\/uploads\/2019\/05\/R.Koperski_plakat.jpg\",\"articleSection\":[\"Wydarzenia\"],\"inLanguage\":\"pl-PL\",\"potentialAction\":[{\"@type\":\"CommentAction\",\"name\":\"Comment\",\"target\":[\"https:\/\/zyciebrzeska.pl\/?p=3069#respond\"]}]},{\"@type\":\"WebPage\",\"@id\":\"https:\/\/zyciebrzeska.pl\/?p=3069\",\"url\":\"https:\/\/zyciebrzeska.pl\/?p=3069\",\"name\":\"BIBLIOTEKA ZAPRASZA - \u017bycie Brzeska\",\"isPartOf\":{\"@id\":\"https:\/\/zyciebrzeska.pl\/#website\"},\"primaryImageOfPage\":{\"@id\":\"https:\/\/zyciebrzeska.pl\/?p=3069#primaryimage\"},\"image\":{\"@id\":\"https:\/\/zyciebrzeska.pl\/?p=3069#primaryimage\"},\"thumbnailUrl\":\"https:\/\/zyciebrzeska.pl\/wp-content\/uploads\/2019\/05\/R.Koperski_plakat.jpg\",\"datePublished\":\"2019-05-20T06:27:07+00:00\",\"dateModified\":\"2019-05-20T06:27:07+00:00\",\"breadcrumb\":{\"@id\":\"https:\/\/zyciebrzeska.pl\/?p=3069#breadcrumb\"},\"inLanguage\":\"pl-PL\",\"potentialAction\":[{\"@type\":\"ReadAction\",\"target\":[\"https:\/\/zyciebrzeska.pl\/?p=3069\"]}]},{\"@type\":\"ImageObject\",\"inLanguage\":\"pl-PL\",\"@id\":\"https:\/\/zyciebrzeska.pl\/?p=3069#primaryimage\",\"url\":\"https:\/\/zyciebrzeska.pl\/wp-content\/uploads\/2019\/05\/R.Koperski_plakat.jpg\",\"contentUrl\":\"https:\/\/zyciebrzeska.pl\/wp-content\/uploads\/2019\/05\/R.Koperski_plakat.jpg\",\"width\":1920,\"height\":1358},{\"@type\":\"BreadcrumbList\",\"@id\":\"https:\/\/zyciebrzeska.pl\/?p=3069#breadcrumb\",\"itemListElement\":[{\"@type\":\"ListItem\",\"position\":1,\"name\":\"Home\",\"item\":\"https:\/\/zyciebrzeska.pl\/\"},{\"@type\":\"ListItem\",\"position\":2,\"name\":\"BIBLIOTEKA ZAPRASZA\"}]},{\"@type\":\"WebSite\",\"@id\":\"https:\/\/zyciebrzeska.pl\/#website\",\"url\":\"https:\/\/zyciebrzeska.pl\/\",\"name\":\"\u017bycie Brzeska\",\"description\":\"Portal Ludzi Aktywnych\",\"publisher\":{\"@id\":\"https:\/\/zyciebrzeska.pl\/#organization\"},\"potentialAction\":[{\"@type\":\"SearchAction\",\"target\":{\"@type\":\"EntryPoint\",\"urlTemplate\":\"https:\/\/zyciebrzeska.pl\/?s={search_term_string}\"},\"query-input\":\"required name=search_term_string\"}],\"inLanguage\":\"pl-PL\"},{\"@type\":\"Organization\",\"@id\":\"https:\/\/zyciebrzeska.pl\/#organization\",\"name\":\"\u017bycie Brzeska\",\"url\":\"https:\/\/zyciebrzeska.pl\/\",\"logo\":{\"@type\":\"ImageObject\",\"inLanguage\":\"pl-PL\",\"@id\":\"https:\/\/zyciebrzeska.pl\/#\/schema\/logo\/image\/\",\"url\":\"https:\/\/server818677.nazwa.pl\/wordpress\/wpn_pierwszainstalacja\/wp-content\/uploads\/2023\/06\/admin-ajax.php-2.png\",\"contentUrl\":\"https:\/\/server818677.nazwa.pl\/wordpress\/wpn_pierwszainstalacja\/wp-content\/uploads\/2023\/06\/admin-ajax.php-2.png\",\"width\":400,\"height\":133,\"caption\":\"\u017bycie Brzeska\"},\"image\":{\"@id\":\"https:\/\/zyciebrzeska.pl\/#\/schema\/logo\/image\/\"},\"sameAs\":[\"https:\/\/www.facebook.com\/brzeskoinfo\"]},{\"@type\":\"Person\",\"@id\":\"https:\/\/zyciebrzeska.pl\/#\/schema\/person\/4da1e536b1da05972f13052ec6594aff\",\"name\":\"Redaktor\",\"image\":{\"@type\":\"ImageObject\",\"inLanguage\":\"pl-PL\",\"@id\":\"https:\/\/zyciebrzeska.pl\/#\/schema\/person\/image\/\",\"url\":\"https:\/\/secure.gravatar.com\/avatar\/9564c163e08185c7e0f7d0141ae3914237cf629898e8534b3dd06bb95817ae0b?s=96&d=mm&r=g\",\"contentUrl\":\"https:\/\/secure.gravatar.com\/avatar\/9564c163e08185c7e0f7d0141ae3914237cf629898e8534b3dd06bb95817ae0b?s=96&d=mm&r=g\",\"caption\":\"Redaktor\"},\"sameAs\":[\"http:\/\/zyciebrzeska.pl\"],\"url\":\"https:\/\/zyciebrzeska.pl\/?author=1\"}]}<\/script>\n<!-- \/ Yoast SEO plugin. -->","yoast_head_json":{"title":"BIBLIOTEKA ZAPRASZA - \u017bycie Brzeska","robots":{"index":"index","follow":"follow","max-snippet":"max-snippet:-1","max-image-preview":"max-image-preview:large","max-video-preview":"max-video-preview:-1"},"canonical":"https:\/\/zyciebrzeska.pl\/?p=3069","og_locale":"pl_PL","og_type":"article","og_title":"BIBLIOTEKA ZAPRASZA - \u017bycie Brzeska","og_description":"Powiatowa i Miejska Biblioteka Publiczna zaprasza na spotkanie z podr\u00f3\u017cnikiem Romualdem Koperskim, kt\u00f3re odb\u0119dzie si\u0119 4 czerwca, o godz. 18.00 w RCK-B.&nbsp; Romuald Koperski \u2013 podr\u00f3\u017cnik, pionier wypraw samochodowych po rozleg\u0142ych terenach Syberii, pilot samolotowy I klasy, pisarz, dziennikarz reporta\u017cysta, fotograf, nurek, my\u015bliwy, zawodowy muzyk pianista. Rekordzista Guinnessa w najd\u0142u\u017cszym koncercie fortepianowym na \u015bwiecie trwaj\u0105cym [&hellip;]","og_url":"https:\/\/zyciebrzeska.pl\/?p=3069","og_site_name":"\u017bycie Brzeska","article_publisher":"https:\/\/www.facebook.com\/brzeskoinfo","article_published_time":"2019-05-20T06:27:07+00:00","og_image":[{"width":1920,"height":1358,"url":"https:\/\/zyciebrzeska.pl\/wp-content\/uploads\/2019\/05\/R.Koperski_plakat.jpg","type":"image\/jpeg"}],"author":"Redaktor","twitter_card":"summary_large_image","twitter_misc":{"Napisane przez":"Redaktor","Szacowany czas czytania":"1 minuta"},"schema":{"@context":"https:\/\/schema.org","@graph":[{"@type":"Article","@id":"https:\/\/zyciebrzeska.pl\/?p=3069#article","isPartOf":{"@id":"https:\/\/zyciebrzeska.pl\/?p=3069"},"author":{"name":"Redaktor","@id":"https:\/\/zyciebrzeska.pl\/#\/schema\/person\/4da1e536b1da05972f13052ec6594aff"},"headline":"BIBLIOTEKA ZAPRASZA","datePublished":"2019-05-20T06:27:07+00:00","dateModified":"2019-05-20T06:27:07+00:00","mainEntityOfPage":{"@id":"https:\/\/zyciebrzeska.pl\/?p=3069"},"wordCount":143,"commentCount":0,"publisher":{"@id":"https:\/\/zyciebrzeska.pl\/#organization"},"image":{"@id":"https:\/\/zyciebrzeska.pl\/?p=3069#primaryimage"},"thumbnailUrl":"https:\/\/zyciebrzeska.pl\/wp-content\/uploads\/2019\/05\/R.Koperski_plakat.jpg","articleSection":["Wydarzenia"],"inLanguage":"pl-PL","potentialAction":[{"@type":"CommentAction","name":"Comment","target":["https:\/\/zyciebrzeska.pl\/?p=3069#respond"]}]},{"@type":"WebPage","@id":"https:\/\/zyciebrzeska.pl\/?p=3069","url":"https:\/\/zyciebrzeska.pl\/?p=3069","name":"BIBLIOTEKA ZAPRASZA - \u017bycie Brzeska","isPartOf":{"@id":"https:\/\/zyciebrzeska.pl\/#website"},"primaryImageOfPage":{"@id":"https:\/\/zyciebrzeska.pl\/?p=3069#primaryimage"},"image":{"@id":"https:\/\/zyciebrzeska.pl\/?p=3069#primaryimage"},"thumbnailUrl":"https:\/\/zyciebrzeska.pl\/wp-content\/uploads\/2019\/05\/R.Koperski_plakat.jpg","datePublished":"2019-05-20T06:27:07+00:00","dateModified":"2019-05-20T06:27:07+00:00","breadcrumb":{"@id":"https:\/\/zyciebrzeska.pl\/?p=3069#breadcrumb"},"inLanguage":"pl-PL","potentialAction":[{"@type":"ReadAction","target":["https:\/\/zyciebrzeska.pl\/?p=3069"]}]},{"@type":"ImageObject","inLanguage":"pl-PL","@id":"https:\/\/zyciebrzeska.pl\/?p=3069#primaryimage","url":"https:\/\/zyciebrzeska.pl\/wp-content\/uploads\/2019\/05\/R.Koperski_plakat.jpg","contentUrl":"https:\/\/zyciebrzeska.pl\/wp-content\/uploads\/2019\/05\/R.Koperski_plakat.jpg","width":1920,"height":1358},{"@type":"BreadcrumbList","@id":"https:\/\/zyciebrzeska.pl\/?p=3069#breadcrumb","itemListElement":[{"@type":"ListItem","position":1,"name":"Home","item":"https:\/\/zyciebrzeska.pl\/"},{"@type":"ListItem","position":2,"name":"BIBLIOTEKA ZAPRASZA"}]},{"@type":"WebSite","@id":"https:\/\/zyciebrzeska.pl\/#website","url":"https:\/\/zyciebrzeska.pl\/","name":"\u017bycie Brzeska","description":"Portal Ludzi Aktywnych","publisher":{"@id":"https:\/\/zyciebrzeska.pl\/#organization"},"potentialAction":[{"@type":"SearchAction","target":{"@type":"EntryPoint","urlTemplate":"https:\/\/zyciebrzeska.pl\/?s={search_term_string}"},"query-input":"required name=search_term_string"}],"inLanguage":"pl-PL"},{"@type":"Organization","@id":"https:\/\/zyciebrzeska.pl\/#organization","name":"\u017bycie Brzeska","url":"https:\/\/zyciebrzeska.pl\/","logo":{"@type":"ImageObject","inLanguage":"pl-PL","@id":"https:\/\/zyciebrzeska.pl\/#\/schema\/logo\/image\/","url":"https:\/\/server818677.nazwa.pl\/wordpress\/wpn_pierwszainstalacja\/wp-content\/uploads\/2023\/06\/admin-ajax.php-2.png","contentUrl":"https:\/\/server818677.nazwa.pl\/wordpress\/wpn_pierwszainstalacja\/wp-content\/uploads\/2023\/06\/admin-ajax.php-2.png","width":400,"height":133,"caption":"\u017bycie Brzeska"},"image":{"@id":"https:\/\/zyciebrzeska.pl\/#\/schema\/logo\/image\/"},"sameAs":["https:\/\/www.facebook.com\/brzeskoinfo"]},{"@type":"Person","@id":"https:\/\/zyciebrzeska.pl\/#\/schema\/person\/4da1e536b1da05972f13052ec6594aff","name":"Redaktor","image":{"@type":"ImageObject","inLanguage":"pl-PL","@id":"https:\/\/zyciebrzeska.pl\/#\/schema\/person\/image\/","url":"https:\/\/secure.gravatar.com\/avatar\/9564c163e08185c7e0f7d0141ae3914237cf629898e8534b3dd06bb95817ae0b?s=96&d=mm&r=g","contentUrl":"https:\/\/secure.gravatar.com\/avatar\/9564c163e08185c7e0f7d0141ae3914237cf629898e8534b3dd06bb95817ae0b?s=96&d=mm&r=g","caption":"Redaktor"},"sameAs":["http:\/\/zyciebrzeska.pl"],"url":"https:\/\/zyciebrzeska.pl\/?author=1"}]}},"_links":{"self":[{"href":"https:\/\/zyciebrzeska.pl\/index.php?rest_route=\/wp\/v2\/posts\/3069","targetHints":{"allow":["GET"]}}],"collection":[{"href":"https:\/\/zyciebrzeska.pl\/index.php?rest_route=\/wp\/v2\/posts"}],"about":[{"href":"https:\/\/zyciebrzeska.pl\/index.php?rest_route=\/wp\/v2\/types\/post"}],"author":[{"embeddable":true,"href":"https:\/\/zyciebrzeska.pl\/index.php?rest_route=\/wp\/v2\/users\/1"}],"replies":[{"embeddable":true,"href":"https:\/\/zyciebrzeska.pl\/index.php?rest_route=%2Fwp%2Fv2%2Fcomments&post=3069"}],"version-history":[{"count":0,"href":"https:\/\/zyciebrzeska.pl\/index.php?rest_route=\/wp\/v2\/posts\/3069\/revisions"}],"wp:featuredmedia":[{"embeddable":true,"href":"https:\/\/zyciebrzeska.pl\/index.php?rest_route=\/wp\/v2\/media\/3070"}],"wp:attachment":[{"href":"https:\/\/zyciebrzeska.pl\/index.php?rest_route=%2Fwp%2Fv2%2Fmedia&parent=3069"}],"wp:term":[{"taxonomy":"category","embeddable":true,"href":"https:\/\/zyciebrzeska.pl\/index.php?rest_route=%2Fwp%2Fv2%2Fcategories&post=3069"},{"taxonomy":"post_tag","embeddable":true,"href":"https:\/\/zyciebrzeska.pl\/index.php?rest_route=%2Fwp%2Fv2%2Ftags&post=3069"}],"curies":[{"name":"wp","href":"https:\/\/api.w.org\/{rel}","templated":true}]}}