{"id":3049,"date":"2019-05-14T22:06:17","date_gmt":"2019-05-14T22:06:17","guid":{"rendered":"https:\/\/zyciebrzeska.pl\/?p=3049"},"modified":"2019-05-14T22:06:17","modified_gmt":"2019-05-14T22:06:17","slug":"ekoszkola-ekoprzedszkole-2019","status":"publish","type":"post","link":"https:\/\/zyciebrzeska.pl\/?p=3049","title":{"rendered":"Ekoszko\u0142a-Ekoprzedszkole 2019"},"content":{"rendered":"\n<p>Ekoszko\u0142a-Ekoprzedszkole 2019 \u2013 lista szk\u00f3\u0142<br> Ju\u017c w \u015brod\u0119, 15 maja 2019 roku o godz. 10 w Domu Ludowym \u2013 siedzibie Gminnego O\u015brodka Kultury w Borz\u0119cinie uczniowie szk\u00f3\u0142 podstawowych i gimnazjalnych z Ma\u0142opolski walczy\u0107 b\u0119d\u0105 o nagrody w ramach I etapu Wojew\u00f3dzkiego Projektu Ekologicznego \u201eEkoszko\u0142a\u201d. <br> Do z\u0142o\u017conego z pi\u0119ciu cz\u0119\u015bci konkursu w tym roku  zg\u0142osi\u0142o si\u0119 kilkadziesi\u0105t plac\u00f3wek o\u015bwiatowych z Ma\u0142opolski, w tym: 47 przedszkoli, 14 szk\u00f3\u0142 podstawowych (kl. IV-VI) oraz 18 w kategorii szko\u0142a podstawowa klasa VII, VIII i III klasa gimnazjum. <br> Reprezentuj\u0105 one kilkana\u015bcie powiat\u00f3w regionu: brzeski, d\u0105browski, nowotarski, boche\u0144ski, wadowicki, tarnowski, nowos\u0105decki, proszowicki, krakowski, o\u015bwi\u0119cimski, suski, krakowski ziemski, wielicki, gorlicki, limanowski oraz m.in. miasta Krak\u00f3w, Tarn\u00f3w oraz Nowy S\u0105cz. <br> W I etapie Projektu dwuosobowe zespo\u0142y bior\u0105 udzia\u0142 w pisemnej formie testu, sk\u0142adaj\u0105cego si\u0119 z 30 pyta\u0144 zamkni\u0119tych i otwartych. Pytania dotycz\u0105 wiadomo\u015bci z ekologii i ochrony przyrody z uwzgl\u0119dnieniem nast\u0119puj\u0105cych form ochrony przyrody: Pieni\u0144skiego Parku Narodowego, Ci\u0119\u017ckowicko &#8211; Ro\u017cnowskiego Parku Krajobrazowego i Biela\u0144sko &#8211; Tynieckiego Parku Krajobrazowego. Ten etap odbywa si\u0119 w Borz\u0119cinie. <br> II runda to film ekologiczny pt. \u201eEkologiczny pokaz mody\u201d, prezentuj\u0105cy pokaz mody ekologicznej z surowc\u00f3w wt\u00f3rnych. W rundzie III za pomoc\u0105 prezentacji multimedialnych szko\u0142y szczeg\u00f3\u0142owo chwal\u0105 si\u0119 z przebiegu dzia\u0142a\u0144 ekologicznych na swoim terenie, a w rundzie IV przygotowuj\u0105 opis zrealizowanego przedsi\u0119wzi\u0119cia ekologicznego na terenie swojej szko\u0142y, miejscowo\u015bci. <br> Zadaniem przedszkolak\u00f3w jest przygotowanie plakatu o tematyce ekologicznej.<br> Organizatorami przedsi\u0119wzi\u0119cia s\u0105: Gminny O\u015brodek Kultury w Borz\u0119cinie oraz Zesp\u00f3\u0142 Szkolno-Przedszkolny w Borz\u0119cinie Dolnym.<br> Partner Konkursu: Ma\u0142opolski Kurator O\u015bwiaty.<br> Patronat honorowy: Wojewoda Ma\u0142opolski Piotr \u0106wik, Marsza\u0142ek Wojew\u00f3dztwa Ma\u0142opolskiego Witold Koz\u0142owski, Starosta Powiatu Brzeskiego Andrzej Pot\u0119pa, Starosta Powiatu Tarnowskiego Roman \u0141ucarz, W\u00f3jt Gminy Borz\u0119cin Janusz Kwa\u015bniak oraz instytucje: Wojew\u00f3dzki Fundusz Ochrony \u015arodowiska i Gospodarki Wodnej w Krakowie, Zesp\u00f3\u0142 Park\u00f3w Krajobrazowych Wojew\u00f3dztwa Ma\u0142opolskiego, Fundacja Cemex Budujemy Przysz\u0142o\u015b\u0107 oraz Europejskie Centrum Ochrony \u015arodowiska.<\/p>\n\n\n\n<p><\/p>\n\n\n\n<p><\/p>\n\n\n\n<p><\/p>\n","protected":false},"excerpt":{"rendered":"<p>Ekoszko\u0142a-Ekoprzedszkole 2019 \u2013 lista szk\u00f3\u0142 Ju\u017c w \u015brod\u0119, 15 maja 2019 roku o godz. 10 w Domu Ludowym \u2013 siedzibie Gminnego O\u015brodka Kultury w Borz\u0119cinie uczniowie szk\u00f3\u0142 podstawowych i gimnazjalnych z Ma\u0142opolski walczy\u0107 b\u0119d\u0105 o nagrody w ramach I etapu Wojew\u00f3dzkiego Projektu Ekologicznego \u201eEkoszko\u0142a\u201d. Do z\u0142o\u017conego z pi\u0119ciu cz\u0119\u015bci konkursu w tym roku zg\u0142osi\u0142o si\u0119 [&hellip;]<\/p>\n","protected":false},"author":1,"featured_media":3050,"comment_status":"open","ping_status":"open","sticky":false,"template":"","format":"standard","meta":{"tdm_status":"","tdm_grid_status":"","footnotes":""},"categories":[10],"tags":[],"class_list":{"0":"post-3049","1":"post","2":"type-post","3":"status-publish","4":"format-standard","5":"has-post-thumbnail","7":"category-wydarzenia"},"yoast_head":"<!-- This site is optimized with the Yoast SEO plugin v22.2 - https:\/\/yoast.com\/wordpress\/plugins\/seo\/ -->\n<title>Ekoszko\u0142a-Ekoprzedszkole 2019 - \u017bycie Brzeska<\/title>\n<meta name=\"robots\" content=\"index, follow, max-snippet:-1, max-image-preview:large, max-video-preview:-1\" \/>\n<link rel=\"canonical\" href=\"https:\/\/zyciebrzeska.pl\/?p=3049\" \/>\n<meta property=\"og:locale\" content=\"pl_PL\" \/>\n<meta property=\"og:type\" content=\"article\" \/>\n<meta property=\"og:title\" content=\"Ekoszko\u0142a-Ekoprzedszkole 2019 - \u017bycie Brzeska\" \/>\n<meta property=\"og:description\" content=\"Ekoszko\u0142a-Ekoprzedszkole 2019 \u2013 lista szk\u00f3\u0142 Ju\u017c w \u015brod\u0119, 15 maja 2019 roku o godz. 10 w Domu Ludowym \u2013 siedzibie Gminnego O\u015brodka Kultury w Borz\u0119cinie uczniowie szk\u00f3\u0142 podstawowych i gimnazjalnych z Ma\u0142opolski walczy\u0107 b\u0119d\u0105 o nagrody w ramach I etapu Wojew\u00f3dzkiego Projektu Ekologicznego \u201eEkoszko\u0142a\u201d. Do z\u0142o\u017conego z pi\u0119ciu cz\u0119\u015bci konkursu w tym roku zg\u0142osi\u0142o si\u0119 [&hellip;]\" \/>\n<meta property=\"og:url\" content=\"https:\/\/zyciebrzeska.pl\/?p=3049\" \/>\n<meta property=\"og:site_name\" content=\"\u017bycie Brzeska\" \/>\n<meta property=\"article:publisher\" content=\"https:\/\/www.facebook.com\/brzeskoinfo\" \/>\n<meta property=\"article:published_time\" content=\"2019-05-14T22:06:17+00:00\" \/>\n<meta property=\"og:image\" content=\"https:\/\/zyciebrzeska.pl\/wp-content\/uploads\/2019\/05\/ekoszkoA_a-logo.jpg\" \/>\n\t<meta property=\"og:image:width\" content=\"1614\" \/>\n\t<meta property=\"og:image:height\" content=\"1028\" \/>\n\t<meta property=\"og:image:type\" content=\"image\/jpeg\" \/>\n<meta name=\"author\" content=\"Redaktor\" \/>\n<meta name=\"twitter:card\" content=\"summary_large_image\" \/>\n<meta name=\"twitter:label1\" content=\"Napisane przez\" \/>\n\t<meta name=\"twitter:data1\" content=\"Redaktor\" \/>\n\t<meta name=\"twitter:label2\" content=\"Szacowany czas czytania\" \/>\n\t<meta name=\"twitter:data2\" content=\"2 minuty\" \/>\n<script type=\"application\/ld+json\" class=\"yoast-schema-graph\">{\"@context\":\"https:\/\/schema.org\",\"@graph\":[{\"@type\":\"Article\",\"@id\":\"https:\/\/zyciebrzeska.pl\/?p=3049#article\",\"isPartOf\":{\"@id\":\"https:\/\/zyciebrzeska.pl\/?p=3049\"},\"author\":{\"name\":\"Redaktor\",\"@id\":\"https:\/\/zyciebrzeska.pl\/#\/schema\/person\/4da1e536b1da05972f13052ec6594aff\"},\"headline\":\"Ekoszko\u0142a-Ekoprzedszkole 2019\",\"datePublished\":\"2019-05-14T22:06:17+00:00\",\"dateModified\":\"2019-05-14T22:06:17+00:00\",\"mainEntityOfPage\":{\"@id\":\"https:\/\/zyciebrzeska.pl\/?p=3049\"},\"wordCount\":357,\"commentCount\":0,\"publisher\":{\"@id\":\"https:\/\/zyciebrzeska.pl\/#organization\"},\"image\":{\"@id\":\"https:\/\/zyciebrzeska.pl\/?p=3049#primaryimage\"},\"thumbnailUrl\":\"https:\/\/zyciebrzeska.pl\/wp-content\/uploads\/2019\/05\/ekoszkoA_a-logo.jpg\",\"articleSection\":[\"Wydarzenia\"],\"inLanguage\":\"pl-PL\",\"potentialAction\":[{\"@type\":\"CommentAction\",\"name\":\"Comment\",\"target\":[\"https:\/\/zyciebrzeska.pl\/?p=3049#respond\"]}]},{\"@type\":\"WebPage\",\"@id\":\"https:\/\/zyciebrzeska.pl\/?p=3049\",\"url\":\"https:\/\/zyciebrzeska.pl\/?p=3049\",\"name\":\"Ekoszko\u0142a-Ekoprzedszkole 2019 - \u017bycie Brzeska\",\"isPartOf\":{\"@id\":\"https:\/\/zyciebrzeska.pl\/#website\"},\"primaryImageOfPage\":{\"@id\":\"https:\/\/zyciebrzeska.pl\/?p=3049#primaryimage\"},\"image\":{\"@id\":\"https:\/\/zyciebrzeska.pl\/?p=3049#primaryimage\"},\"thumbnailUrl\":\"https:\/\/zyciebrzeska.pl\/wp-content\/uploads\/2019\/05\/ekoszkoA_a-logo.jpg\",\"datePublished\":\"2019-05-14T22:06:17+00:00\",\"dateModified\":\"2019-05-14T22:06:17+00:00\",\"breadcrumb\":{\"@id\":\"https:\/\/zyciebrzeska.pl\/?p=3049#breadcrumb\"},\"inLanguage\":\"pl-PL\",\"potentialAction\":[{\"@type\":\"ReadAction\",\"target\":[\"https:\/\/zyciebrzeska.pl\/?p=3049\"]}]},{\"@type\":\"ImageObject\",\"inLanguage\":\"pl-PL\",\"@id\":\"https:\/\/zyciebrzeska.pl\/?p=3049#primaryimage\",\"url\":\"https:\/\/zyciebrzeska.pl\/wp-content\/uploads\/2019\/05\/ekoszkoA_a-logo.jpg\",\"contentUrl\":\"https:\/\/zyciebrzeska.pl\/wp-content\/uploads\/2019\/05\/ekoszkoA_a-logo.jpg\",\"width\":1614,\"height\":1028},{\"@type\":\"BreadcrumbList\",\"@id\":\"https:\/\/zyciebrzeska.pl\/?p=3049#breadcrumb\",\"itemListElement\":[{\"@type\":\"ListItem\",\"position\":1,\"name\":\"Home\",\"item\":\"https:\/\/zyciebrzeska.pl\/\"},{\"@type\":\"ListItem\",\"position\":2,\"name\":\"Ekoszko\u0142a-Ekoprzedszkole 2019\"}]},{\"@type\":\"WebSite\",\"@id\":\"https:\/\/zyciebrzeska.pl\/#website\",\"url\":\"https:\/\/zyciebrzeska.pl\/\",\"name\":\"\u017bycie Brzeska\",\"description\":\"Portal Ludzi Aktywnych\",\"publisher\":{\"@id\":\"https:\/\/zyciebrzeska.pl\/#organization\"},\"potentialAction\":[{\"@type\":\"SearchAction\",\"target\":{\"@type\":\"EntryPoint\",\"urlTemplate\":\"https:\/\/zyciebrzeska.pl\/?s={search_term_string}\"},\"query-input\":\"required name=search_term_string\"}],\"inLanguage\":\"pl-PL\"},{\"@type\":\"Organization\",\"@id\":\"https:\/\/zyciebrzeska.pl\/#organization\",\"name\":\"\u017bycie Brzeska\",\"url\":\"https:\/\/zyciebrzeska.pl\/\",\"logo\":{\"@type\":\"ImageObject\",\"inLanguage\":\"pl-PL\",\"@id\":\"https:\/\/zyciebrzeska.pl\/#\/schema\/logo\/image\/\",\"url\":\"https:\/\/server818677.nazwa.pl\/wordpress\/wpn_pierwszainstalacja\/wp-content\/uploads\/2023\/06\/admin-ajax.php-2.png\",\"contentUrl\":\"https:\/\/server818677.nazwa.pl\/wordpress\/wpn_pierwszainstalacja\/wp-content\/uploads\/2023\/06\/admin-ajax.php-2.png\",\"width\":400,\"height\":133,\"caption\":\"\u017bycie Brzeska\"},\"image\":{\"@id\":\"https:\/\/zyciebrzeska.pl\/#\/schema\/logo\/image\/\"},\"sameAs\":[\"https:\/\/www.facebook.com\/brzeskoinfo\"]},{\"@type\":\"Person\",\"@id\":\"https:\/\/zyciebrzeska.pl\/#\/schema\/person\/4da1e536b1da05972f13052ec6594aff\",\"name\":\"Redaktor\",\"image\":{\"@type\":\"ImageObject\",\"inLanguage\":\"pl-PL\",\"@id\":\"https:\/\/zyciebrzeska.pl\/#\/schema\/person\/image\/\",\"url\":\"https:\/\/secure.gravatar.com\/avatar\/9564c163e08185c7e0f7d0141ae3914237cf629898e8534b3dd06bb95817ae0b?s=96&d=mm&r=g\",\"contentUrl\":\"https:\/\/secure.gravatar.com\/avatar\/9564c163e08185c7e0f7d0141ae3914237cf629898e8534b3dd06bb95817ae0b?s=96&d=mm&r=g\",\"caption\":\"Redaktor\"},\"sameAs\":[\"http:\/\/zyciebrzeska.pl\"],\"url\":\"https:\/\/zyciebrzeska.pl\/?author=1\"}]}<\/script>\n<!-- \/ Yoast SEO plugin. -->","yoast_head_json":{"title":"Ekoszko\u0142a-Ekoprzedszkole 2019 - \u017bycie Brzeska","robots":{"index":"index","follow":"follow","max-snippet":"max-snippet:-1","max-image-preview":"max-image-preview:large","max-video-preview":"max-video-preview:-1"},"canonical":"https:\/\/zyciebrzeska.pl\/?p=3049","og_locale":"pl_PL","og_type":"article","og_title":"Ekoszko\u0142a-Ekoprzedszkole 2019 - \u017bycie Brzeska","og_description":"Ekoszko\u0142a-Ekoprzedszkole 2019 \u2013 lista szk\u00f3\u0142 Ju\u017c w \u015brod\u0119, 15 maja 2019 roku o godz. 10 w Domu Ludowym \u2013 siedzibie Gminnego O\u015brodka Kultury w Borz\u0119cinie uczniowie szk\u00f3\u0142 podstawowych i gimnazjalnych z Ma\u0142opolski walczy\u0107 b\u0119d\u0105 o nagrody w ramach I etapu Wojew\u00f3dzkiego Projektu Ekologicznego \u201eEkoszko\u0142a\u201d. Do z\u0142o\u017conego z pi\u0119ciu cz\u0119\u015bci konkursu w tym roku zg\u0142osi\u0142o si\u0119 [&hellip;]","og_url":"https:\/\/zyciebrzeska.pl\/?p=3049","og_site_name":"\u017bycie Brzeska","article_publisher":"https:\/\/www.facebook.com\/brzeskoinfo","article_published_time":"2019-05-14T22:06:17+00:00","og_image":[{"width":1614,"height":1028,"url":"https:\/\/zyciebrzeska.pl\/wp-content\/uploads\/2019\/05\/ekoszkoA_a-logo.jpg","type":"image\/jpeg"}],"author":"Redaktor","twitter_card":"summary_large_image","twitter_misc":{"Napisane przez":"Redaktor","Szacowany czas czytania":"2 minuty"},"schema":{"@context":"https:\/\/schema.org","@graph":[{"@type":"Article","@id":"https:\/\/zyciebrzeska.pl\/?p=3049#article","isPartOf":{"@id":"https:\/\/zyciebrzeska.pl\/?p=3049"},"author":{"name":"Redaktor","@id":"https:\/\/zyciebrzeska.pl\/#\/schema\/person\/4da1e536b1da05972f13052ec6594aff"},"headline":"Ekoszko\u0142a-Ekoprzedszkole 2019","datePublished":"2019-05-14T22:06:17+00:00","dateModified":"2019-05-14T22:06:17+00:00","mainEntityOfPage":{"@id":"https:\/\/zyciebrzeska.pl\/?p=3049"},"wordCount":357,"commentCount":0,"publisher":{"@id":"https:\/\/zyciebrzeska.pl\/#organization"},"image":{"@id":"https:\/\/zyciebrzeska.pl\/?p=3049#primaryimage"},"thumbnailUrl":"https:\/\/zyciebrzeska.pl\/wp-content\/uploads\/2019\/05\/ekoszkoA_a-logo.jpg","articleSection":["Wydarzenia"],"inLanguage":"pl-PL","potentialAction":[{"@type":"CommentAction","name":"Comment","target":["https:\/\/zyciebrzeska.pl\/?p=3049#respond"]}]},{"@type":"WebPage","@id":"https:\/\/zyciebrzeska.pl\/?p=3049","url":"https:\/\/zyciebrzeska.pl\/?p=3049","name":"Ekoszko\u0142a-Ekoprzedszkole 2019 - \u017bycie Brzeska","isPartOf":{"@id":"https:\/\/zyciebrzeska.pl\/#website"},"primaryImageOfPage":{"@id":"https:\/\/zyciebrzeska.pl\/?p=3049#primaryimage"},"image":{"@id":"https:\/\/zyciebrzeska.pl\/?p=3049#primaryimage"},"thumbnailUrl":"https:\/\/zyciebrzeska.pl\/wp-content\/uploads\/2019\/05\/ekoszkoA_a-logo.jpg","datePublished":"2019-05-14T22:06:17+00:00","dateModified":"2019-05-14T22:06:17+00:00","breadcrumb":{"@id":"https:\/\/zyciebrzeska.pl\/?p=3049#breadcrumb"},"inLanguage":"pl-PL","potentialAction":[{"@type":"ReadAction","target":["https:\/\/zyciebrzeska.pl\/?p=3049"]}]},{"@type":"ImageObject","inLanguage":"pl-PL","@id":"https:\/\/zyciebrzeska.pl\/?p=3049#primaryimage","url":"https:\/\/zyciebrzeska.pl\/wp-content\/uploads\/2019\/05\/ekoszkoA_a-logo.jpg","contentUrl":"https:\/\/zyciebrzeska.pl\/wp-content\/uploads\/2019\/05\/ekoszkoA_a-logo.jpg","width":1614,"height":1028},{"@type":"BreadcrumbList","@id":"https:\/\/zyciebrzeska.pl\/?p=3049#breadcrumb","itemListElement":[{"@type":"ListItem","position":1,"name":"Home","item":"https:\/\/zyciebrzeska.pl\/"},{"@type":"ListItem","position":2,"name":"Ekoszko\u0142a-Ekoprzedszkole 2019"}]},{"@type":"WebSite","@id":"https:\/\/zyciebrzeska.pl\/#website","url":"https:\/\/zyciebrzeska.pl\/","name":"\u017bycie Brzeska","description":"Portal Ludzi Aktywnych","publisher":{"@id":"https:\/\/zyciebrzeska.pl\/#organization"},"potentialAction":[{"@type":"SearchAction","target":{"@type":"EntryPoint","urlTemplate":"https:\/\/zyciebrzeska.pl\/?s={search_term_string}"},"query-input":"required name=search_term_string"}],"inLanguage":"pl-PL"},{"@type":"Organization","@id":"https:\/\/zyciebrzeska.pl\/#organization","name":"\u017bycie Brzeska","url":"https:\/\/zyciebrzeska.pl\/","logo":{"@type":"ImageObject","inLanguage":"pl-PL","@id":"https:\/\/zyciebrzeska.pl\/#\/schema\/logo\/image\/","url":"https:\/\/server818677.nazwa.pl\/wordpress\/wpn_pierwszainstalacja\/wp-content\/uploads\/2023\/06\/admin-ajax.php-2.png","contentUrl":"https:\/\/server818677.nazwa.pl\/wordpress\/wpn_pierwszainstalacja\/wp-content\/uploads\/2023\/06\/admin-ajax.php-2.png","width":400,"height":133,"caption":"\u017bycie Brzeska"},"image":{"@id":"https:\/\/zyciebrzeska.pl\/#\/schema\/logo\/image\/"},"sameAs":["https:\/\/www.facebook.com\/brzeskoinfo"]},{"@type":"Person","@id":"https:\/\/zyciebrzeska.pl\/#\/schema\/person\/4da1e536b1da05972f13052ec6594aff","name":"Redaktor","image":{"@type":"ImageObject","inLanguage":"pl-PL","@id":"https:\/\/zyciebrzeska.pl\/#\/schema\/person\/image\/","url":"https:\/\/secure.gravatar.com\/avatar\/9564c163e08185c7e0f7d0141ae3914237cf629898e8534b3dd06bb95817ae0b?s=96&d=mm&r=g","contentUrl":"https:\/\/secure.gravatar.com\/avatar\/9564c163e08185c7e0f7d0141ae3914237cf629898e8534b3dd06bb95817ae0b?s=96&d=mm&r=g","caption":"Redaktor"},"sameAs":["http:\/\/zyciebrzeska.pl"],"url":"https:\/\/zyciebrzeska.pl\/?author=1"}]}},"_links":{"self":[{"href":"https:\/\/zyciebrzeska.pl\/index.php?rest_route=\/wp\/v2\/posts\/3049","targetHints":{"allow":["GET"]}}],"collection":[{"href":"https:\/\/zyciebrzeska.pl\/index.php?rest_route=\/wp\/v2\/posts"}],"about":[{"href":"https:\/\/zyciebrzeska.pl\/index.php?rest_route=\/wp\/v2\/types\/post"}],"author":[{"embeddable":true,"href":"https:\/\/zyciebrzeska.pl\/index.php?rest_route=\/wp\/v2\/users\/1"}],"replies":[{"embeddable":true,"href":"https:\/\/zyciebrzeska.pl\/index.php?rest_route=%2Fwp%2Fv2%2Fcomments&post=3049"}],"version-history":[{"count":0,"href":"https:\/\/zyciebrzeska.pl\/index.php?rest_route=\/wp\/v2\/posts\/3049\/revisions"}],"wp:featuredmedia":[{"embeddable":true,"href":"https:\/\/zyciebrzeska.pl\/index.php?rest_route=\/wp\/v2\/media\/3050"}],"wp:attachment":[{"href":"https:\/\/zyciebrzeska.pl\/index.php?rest_route=%2Fwp%2Fv2%2Fmedia&parent=3049"}],"wp:term":[{"taxonomy":"category","embeddable":true,"href":"https:\/\/zyciebrzeska.pl\/index.php?rest_route=%2Fwp%2Fv2%2Fcategories&post=3049"},{"taxonomy":"post_tag","embeddable":true,"href":"https:\/\/zyciebrzeska.pl\/index.php?rest_route=%2Fwp%2Fv2%2Ftags&post=3049"}],"curies":[{"name":"wp","href":"https:\/\/api.w.org\/{rel}","templated":true}]}}