{"id":3043,"date":"2019-05-14T14:43:32","date_gmt":"2019-05-14T14:43:32","guid":{"rendered":"https:\/\/zyciebrzeska.pl\/?p=3043"},"modified":"2019-05-14T14:43:32","modified_gmt":"2019-05-14T14:43:32","slug":"spotkanie-terytorialsow-z-delegacja-wegierska","status":"publish","type":"post","link":"https:\/\/zyciebrzeska.pl\/?p=3043","title":{"rendered":"SPOTKANIE TERYTORIALS\u00d3W Z DELEGACJ\u0104 W\u0118GIERSK\u0104"},"content":{"rendered":"\n<p>W czwartek 9 maja w Ma\u0142opolskim Urz\u0119dzie Wojew\u00f3dzkim w Krakowie Wojewoda Ma\u0142opolski Piotr \u0106wik go\u015bci\u0142 przedstawicieli Ministerstwa Obrony W\u0119gier oraz Dow\u00f3dc\u0119 11 Ma\u0142opolskiej Brygady Obrony Terytorialnej <br>\np\u0142k. Krzysztofa GONCERZA. Rozmawiano o polsko-w\u0119gierskiej wsp\u00f3\u0142pracy <br>\nw opiece nad ma\u0142opolskimi cmentarzami wojennymi.<br>\nUczestnicy spotkania<br>\nOko\u0142o trzech miesi\u0119cy trwa\u0142y przygotowania do spotkania Dow\u00f3dcy <br>\n11 Ma\u0142opolskiej Brygady Obrony Terytorialnej p\u0142k Krzysztofa Goncerza z Dow\u00f3dc\u0105 W\u0119gierskiego Instytutu i Muzeum Historii Wojen p\u0142k dr Vilmosem Kov\u00e1csem. Obecni byli tak\u017ce Adrienne K\u00f6rmendy \u2013 konsul generalna W\u0119gier w Krakowie, Joanna Florkiewicz-Kamierniarczyk \u2013 dyrektor Wydzia\u0142u Rewaloryzacji Zabytk\u00f3w Krakowa <br>\ni Dziedzictwa Narodowego Ma\u0142opolskiego Urz\u0119du Wojew\u00f3dzkiego w Krakowie oraz P\u00e9ter Kert\u00e9sz \u2013 asystent attach\u00e9 handlowego.<br>\nWsp\u00f3\u0142praca polsko &#8211; w\u0119gierska<br>\nSpotkanie sk\u0142ada\u0142o si\u0119 z dw\u00f3ch cz\u0119\u015bci. Pierwsza po\u015bwi\u0119cona by\u0142a dotychczasowym relacjom polsko &#8211; w\u0119gierskim i zako\u0144czy\u0142a si\u0119 podpisaniem porozumienia pomi\u0119dzy Wojewod\u0105 a przedstawicielem strony w\u0119gierskiej, na mocy kt\u00f3rego wsp\u00f3lnymi si\u0142ami wyremontowane zostan\u0105 trzy ma\u0142opolskie cmentarze wojenne z okresu I wojny \u015bwiatowej. W drugiej cz\u0119\u015bci delegacje wojskowe ustali\u0142y zakres wsp\u00f3\u0142pracy na najbli\u017csze miesi\u0105ce, w ramach kt\u00f3rej ma\u0142opolscy terytorialsi b\u0119d\u0105 uczestniczy\u0107 w corocznych obchodach operacji limanowsko \u2013 \u0142apanowskiej oraz pomog\u0105 w rewitalizacji grob\u00f3w w Tuchowie pod Tarnowem.<\/p>\n\n\n\n<p>Patriotyzm i rozw\u00f3j osobisty<br> Pe\u0142nienie Terytorialnej S\u0142u\u017cby Wojskowej to nie tylko mo\u017cliwo\u015b\u0107 osobistego zaanga\u017cowania si\u0119 we wzmacnianie systemu bezpiecze\u0144stwa pa\u0144stwa, <br> ale tak\u017ce inwestycja w rozw\u00f3j osobisty i zawodowy. W ramach s\u0142u\u017cby \u017co\u0142nierze maj\u0105 mo\u017cliwo\u015b\u0107 zdobycia nowych do\u015bwiadcze\u0144, uzyskania dofinansowania na nauk\u0119, poszerzenia umiej\u0119tno\u015bci praktycznych oraz kszta\u0142towania hartu ducha i cia\u0142a. Ucz\u0105 si\u0119, jak przezwyci\u0119\u017ca\u0107 w\u0142asne s\u0142abo\u015bci. Wojsko oferuje ponadto atrakcyjne kursy oficerskie, podoficerskie i specjalistyczne oraz szkolenia.<br> Zainteresowanie s\u0142u\u017cb\u0105<br> W pierwszym kwartale 2019 roku Brygada mo\u017ce pochwali\u0107 si\u0119 oko\u0142o <br> 700 przeszkolonymi \u017co\u0142nierzami Obrony Terytorialnej. Zainteresowanie s\u0142u\u017cb\u0105 <br> w regionie jest bardzo du\u017ce. Do tej pory z\u0142o\u017cono ponad 1400 wniosk\u00f3w, z jednostk\u0105 zapozna\u0142o si\u0119 1200 ochotnik\u00f3w.<br> Dow\u00f3dc\u0105 11 Ma\u0142opolskiej Brygady Obrony Terytorialnej jest p\u0142k Krzysztof GONCERZ wywodz\u0105cy si\u0119 z Wojsk Specjalnych i Powietrznodesantowych. Dow\u00f3dztwo Brygady i pierwszy sformowany batalion lekkiej piechoty stacjonuj\u0105 <br> w Rz\u0105sce pod Krakowem.<br> Wojska Obrony Terytorialnej to pi\u0105ty rodzaj si\u0142 zbrojnych obok Wojsk Specjalnych, Wojsk L\u0105dowych, <\/p>\n\n\n\n<ul class=\"wp-block-gallery columns-3 is-cropped wp-block-gallery-2 is-layout-flex wp-block-gallery-is-layout-flex\"><li class=\"blocks-gallery-item\"><figure><img decoding=\"async\" src=\"https:\/\/server818677.nazwa.pl\/wordpress\/wpn_pierwszainstalacja\/wp-content\/uploads\/2019\/05\/20190509-WA_gry-3-1024x683.jpg\" alt=\"\" data-id=\"3045\" data-link=\"https:\/\/zyciebrzeska.pl\/?attachment_id=3045\" class=\"wp-image-3045\"\/><\/figure><\/li><li class=\"blocks-gallery-item\"><figure><img decoding=\"async\" src=\"https:\/\/server818677.nazwa.pl\/wordpress\/wpn_pierwszainstalacja\/wp-content\/uploads\/2019\/05\/20190509-WA_gry-6-1024x683.jpg\" alt=\"\" data-id=\"3046\" data-link=\"https:\/\/zyciebrzeska.pl\/?attachment_id=3046\" class=\"wp-image-3046\"\/><\/figure><\/li><li class=\"blocks-gallery-item\"><figure><img decoding=\"async\" src=\"https:\/\/server818677.nazwa.pl\/wordpress\/wpn_pierwszainstalacja\/wp-content\/uploads\/2019\/05\/20190509-WA_gry-2-1024x683.jpg\" alt=\"\" data-id=\"3047\" data-link=\"https:\/\/zyciebrzeska.pl\/?attachment_id=3047\" class=\"wp-image-3047\"\/><\/figure><\/li><\/ul>\n\n\n\n<p>Powietrznych i Marynarki Wojennej.<br> mjr Bartosz KUBAL<br> Oficer prasowy<br> 11 Ma\u0142opolska Brygada Obrony Terytorialnej<\/p>\n\n\n\n<p><\/p>\n","protected":false},"excerpt":{"rendered":"<p>W czwartek 9 maja w Ma\u0142opolskim Urz\u0119dzie Wojew\u00f3dzkim w Krakowie Wojewoda Ma\u0142opolski Piotr \u0106wik go\u015bci\u0142 przedstawicieli Ministerstwa Obrony W\u0119gier oraz Dow\u00f3dc\u0119 11 Ma\u0142opolskiej Brygady Obrony Terytorialnej p\u0142k. Krzysztofa GONCERZA. Rozmawiano o polsko-w\u0119gierskiej wsp\u00f3\u0142pracy w opiece nad ma\u0142opolskimi cmentarzami wojennymi. Uczestnicy spotkania Oko\u0142o trzech miesi\u0119cy trwa\u0142y przygotowania do spotkania Dow\u00f3dcy 11 Ma\u0142opolskiej Brygady Obrony Terytorialnej p\u0142k [&hellip;]<\/p>\n","protected":false},"author":1,"featured_media":3044,"comment_status":"open","ping_status":"open","sticky":false,"template":"","format":"standard","meta":{"tdm_status":"","tdm_grid_status":"","footnotes":""},"categories":[10],"tags":[],"class_list":{"0":"post-3043","1":"post","2":"type-post","3":"status-publish","4":"format-standard","5":"has-post-thumbnail","7":"category-wydarzenia"},"yoast_head":"<!-- This site is optimized with the Yoast SEO plugin v22.2 - https:\/\/yoast.com\/wordpress\/plugins\/seo\/ -->\n<title>SPOTKANIE TERYTORIALS\u00d3W Z DELEGACJ\u0104 W\u0118GIERSK\u0104 - \u017bycie Brzeska<\/title>\n<meta name=\"robots\" content=\"index, follow, max-snippet:-1, max-image-preview:large, max-video-preview:-1\" \/>\n<link rel=\"canonical\" href=\"https:\/\/zyciebrzeska.pl\/?p=3043\" \/>\n<meta property=\"og:locale\" content=\"pl_PL\" \/>\n<meta property=\"og:type\" content=\"article\" \/>\n<meta property=\"og:title\" content=\"SPOTKANIE TERYTORIALS\u00d3W Z DELEGACJ\u0104 W\u0118GIERSK\u0104 - \u017bycie Brzeska\" \/>\n<meta property=\"og:description\" content=\"W czwartek 9 maja w Ma\u0142opolskim Urz\u0119dzie Wojew\u00f3dzkim w Krakowie Wojewoda Ma\u0142opolski Piotr \u0106wik go\u015bci\u0142 przedstawicieli Ministerstwa Obrony W\u0119gier oraz Dow\u00f3dc\u0119 11 Ma\u0142opolskiej Brygady Obrony Terytorialnej p\u0142k. Krzysztofa GONCERZA. Rozmawiano o polsko-w\u0119gierskiej wsp\u00f3\u0142pracy w opiece nad ma\u0142opolskimi cmentarzami wojennymi. Uczestnicy spotkania Oko\u0142o trzech miesi\u0119cy trwa\u0142y przygotowania do spotkania Dow\u00f3dcy 11 Ma\u0142opolskiej Brygady Obrony Terytorialnej p\u0142k [&hellip;]\" \/>\n<meta property=\"og:url\" content=\"https:\/\/zyciebrzeska.pl\/?p=3043\" \/>\n<meta property=\"og:site_name\" content=\"\u017bycie Brzeska\" \/>\n<meta property=\"article:publisher\" content=\"https:\/\/www.facebook.com\/brzeskoinfo\" \/>\n<meta property=\"article:published_time\" content=\"2019-05-14T14:43:32+00:00\" \/>\n<meta property=\"og:image\" content=\"https:\/\/zyciebrzeska.pl\/wp-content\/uploads\/2019\/05\/20190509-WA_gry-1.jpg\" \/>\n\t<meta property=\"og:image:width\" content=\"1024\" \/>\n\t<meta property=\"og:image:height\" content=\"683\" \/>\n\t<meta property=\"og:image:type\" content=\"image\/jpeg\" \/>\n<meta name=\"author\" content=\"Redaktor\" \/>\n<meta name=\"twitter:card\" content=\"summary_large_image\" \/>\n<meta name=\"twitter:label1\" content=\"Napisane przez\" \/>\n\t<meta name=\"twitter:data1\" content=\"Redaktor\" \/>\n\t<meta name=\"twitter:label2\" content=\"Szacowany czas czytania\" \/>\n\t<meta name=\"twitter:data2\" content=\"2 minuty\" \/>\n<script type=\"application\/ld+json\" class=\"yoast-schema-graph\">{\"@context\":\"https:\/\/schema.org\",\"@graph\":[{\"@type\":\"Article\",\"@id\":\"https:\/\/zyciebrzeska.pl\/?p=3043#article\",\"isPartOf\":{\"@id\":\"https:\/\/zyciebrzeska.pl\/?p=3043\"},\"author\":{\"name\":\"Redaktor\",\"@id\":\"https:\/\/zyciebrzeska.pl\/#\/schema\/person\/4da1e536b1da05972f13052ec6594aff\"},\"headline\":\"SPOTKANIE TERYTORIALS\u00d3W Z DELEGACJ\u0104 W\u0118GIERSK\u0104\",\"datePublished\":\"2019-05-14T14:43:32+00:00\",\"dateModified\":\"2019-05-14T14:43:32+00:00\",\"mainEntityOfPage\":{\"@id\":\"https:\/\/zyciebrzeska.pl\/?p=3043\"},\"wordCount\":441,\"commentCount\":0,\"publisher\":{\"@id\":\"https:\/\/zyciebrzeska.pl\/#organization\"},\"image\":{\"@id\":\"https:\/\/zyciebrzeska.pl\/?p=3043#primaryimage\"},\"thumbnailUrl\":\"https:\/\/zyciebrzeska.pl\/wp-content\/uploads\/2019\/05\/20190509-WA_gry-1.jpg\",\"articleSection\":[\"Wydarzenia\"],\"inLanguage\":\"pl-PL\",\"potentialAction\":[{\"@type\":\"CommentAction\",\"name\":\"Comment\",\"target\":[\"https:\/\/zyciebrzeska.pl\/?p=3043#respond\"]}]},{\"@type\":\"WebPage\",\"@id\":\"https:\/\/zyciebrzeska.pl\/?p=3043\",\"url\":\"https:\/\/zyciebrzeska.pl\/?p=3043\",\"name\":\"SPOTKANIE TERYTORIALS\u00d3W Z DELEGACJ\u0104 W\u0118GIERSK\u0104 - \u017bycie Brzeska\",\"isPartOf\":{\"@id\":\"https:\/\/zyciebrzeska.pl\/#website\"},\"primaryImageOfPage\":{\"@id\":\"https:\/\/zyciebrzeska.pl\/?p=3043#primaryimage\"},\"image\":{\"@id\":\"https:\/\/zyciebrzeska.pl\/?p=3043#primaryimage\"},\"thumbnailUrl\":\"https:\/\/zyciebrzeska.pl\/wp-content\/uploads\/2019\/05\/20190509-WA_gry-1.jpg\",\"datePublished\":\"2019-05-14T14:43:32+00:00\",\"dateModified\":\"2019-05-14T14:43:32+00:00\",\"breadcrumb\":{\"@id\":\"https:\/\/zyciebrzeska.pl\/?p=3043#breadcrumb\"},\"inLanguage\":\"pl-PL\",\"potentialAction\":[{\"@type\":\"ReadAction\",\"target\":[\"https:\/\/zyciebrzeska.pl\/?p=3043\"]}]},{\"@type\":\"ImageObject\",\"inLanguage\":\"pl-PL\",\"@id\":\"https:\/\/zyciebrzeska.pl\/?p=3043#primaryimage\",\"url\":\"https:\/\/zyciebrzeska.pl\/wp-content\/uploads\/2019\/05\/20190509-WA_gry-1.jpg\",\"contentUrl\":\"https:\/\/zyciebrzeska.pl\/wp-content\/uploads\/2019\/05\/20190509-WA_gry-1.jpg\",\"width\":1024,\"height\":683},{\"@type\":\"BreadcrumbList\",\"@id\":\"https:\/\/zyciebrzeska.pl\/?p=3043#breadcrumb\",\"itemListElement\":[{\"@type\":\"ListItem\",\"position\":1,\"name\":\"Home\",\"item\":\"https:\/\/zyciebrzeska.pl\/\"},{\"@type\":\"ListItem\",\"position\":2,\"name\":\"SPOTKANIE TERYTORIALS\u00d3W Z DELEGACJ\u0104 W\u0118GIERSK\u0104\"}]},{\"@type\":\"WebSite\",\"@id\":\"https:\/\/zyciebrzeska.pl\/#website\",\"url\":\"https:\/\/zyciebrzeska.pl\/\",\"name\":\"\u017bycie Brzeska\",\"description\":\"Portal Ludzi Aktywnych\",\"publisher\":{\"@id\":\"https:\/\/zyciebrzeska.pl\/#organization\"},\"potentialAction\":[{\"@type\":\"SearchAction\",\"target\":{\"@type\":\"EntryPoint\",\"urlTemplate\":\"https:\/\/zyciebrzeska.pl\/?s={search_term_string}\"},\"query-input\":\"required name=search_term_string\"}],\"inLanguage\":\"pl-PL\"},{\"@type\":\"Organization\",\"@id\":\"https:\/\/zyciebrzeska.pl\/#organization\",\"name\":\"\u017bycie Brzeska\",\"url\":\"https:\/\/zyciebrzeska.pl\/\",\"logo\":{\"@type\":\"ImageObject\",\"inLanguage\":\"pl-PL\",\"@id\":\"https:\/\/zyciebrzeska.pl\/#\/schema\/logo\/image\/\",\"url\":\"https:\/\/server818677.nazwa.pl\/wordpress\/wpn_pierwszainstalacja\/wp-content\/uploads\/2023\/06\/admin-ajax.php-2.png\",\"contentUrl\":\"https:\/\/server818677.nazwa.pl\/wordpress\/wpn_pierwszainstalacja\/wp-content\/uploads\/2023\/06\/admin-ajax.php-2.png\",\"width\":400,\"height\":133,\"caption\":\"\u017bycie Brzeska\"},\"image\":{\"@id\":\"https:\/\/zyciebrzeska.pl\/#\/schema\/logo\/image\/\"},\"sameAs\":[\"https:\/\/www.facebook.com\/brzeskoinfo\"]},{\"@type\":\"Person\",\"@id\":\"https:\/\/zyciebrzeska.pl\/#\/schema\/person\/4da1e536b1da05972f13052ec6594aff\",\"name\":\"Redaktor\",\"image\":{\"@type\":\"ImageObject\",\"inLanguage\":\"pl-PL\",\"@id\":\"https:\/\/zyciebrzeska.pl\/#\/schema\/person\/image\/\",\"url\":\"https:\/\/secure.gravatar.com\/avatar\/9564c163e08185c7e0f7d0141ae3914237cf629898e8534b3dd06bb95817ae0b?s=96&d=mm&r=g\",\"contentUrl\":\"https:\/\/secure.gravatar.com\/avatar\/9564c163e08185c7e0f7d0141ae3914237cf629898e8534b3dd06bb95817ae0b?s=96&d=mm&r=g\",\"caption\":\"Redaktor\"},\"sameAs\":[\"http:\/\/zyciebrzeska.pl\"],\"url\":\"https:\/\/zyciebrzeska.pl\/?author=1\"}]}<\/script>\n<!-- \/ Yoast SEO plugin. -->","yoast_head_json":{"title":"SPOTKANIE TERYTORIALS\u00d3W Z DELEGACJ\u0104 W\u0118GIERSK\u0104 - \u017bycie Brzeska","robots":{"index":"index","follow":"follow","max-snippet":"max-snippet:-1","max-image-preview":"max-image-preview:large","max-video-preview":"max-video-preview:-1"},"canonical":"https:\/\/zyciebrzeska.pl\/?p=3043","og_locale":"pl_PL","og_type":"article","og_title":"SPOTKANIE TERYTORIALS\u00d3W Z DELEGACJ\u0104 W\u0118GIERSK\u0104 - \u017bycie Brzeska","og_description":"W czwartek 9 maja w Ma\u0142opolskim Urz\u0119dzie Wojew\u00f3dzkim w Krakowie Wojewoda Ma\u0142opolski Piotr \u0106wik go\u015bci\u0142 przedstawicieli Ministerstwa Obrony W\u0119gier oraz Dow\u00f3dc\u0119 11 Ma\u0142opolskiej Brygady Obrony Terytorialnej p\u0142k. Krzysztofa GONCERZA. Rozmawiano o polsko-w\u0119gierskiej wsp\u00f3\u0142pracy w opiece nad ma\u0142opolskimi cmentarzami wojennymi. Uczestnicy spotkania Oko\u0142o trzech miesi\u0119cy trwa\u0142y przygotowania do spotkania Dow\u00f3dcy 11 Ma\u0142opolskiej Brygady Obrony Terytorialnej p\u0142k [&hellip;]","og_url":"https:\/\/zyciebrzeska.pl\/?p=3043","og_site_name":"\u017bycie Brzeska","article_publisher":"https:\/\/www.facebook.com\/brzeskoinfo","article_published_time":"2019-05-14T14:43:32+00:00","og_image":[{"width":1024,"height":683,"url":"https:\/\/zyciebrzeska.pl\/wp-content\/uploads\/2019\/05\/20190509-WA_gry-1.jpg","type":"image\/jpeg"}],"author":"Redaktor","twitter_card":"summary_large_image","twitter_misc":{"Napisane przez":"Redaktor","Szacowany czas czytania":"2 minuty"},"schema":{"@context":"https:\/\/schema.org","@graph":[{"@type":"Article","@id":"https:\/\/zyciebrzeska.pl\/?p=3043#article","isPartOf":{"@id":"https:\/\/zyciebrzeska.pl\/?p=3043"},"author":{"name":"Redaktor","@id":"https:\/\/zyciebrzeska.pl\/#\/schema\/person\/4da1e536b1da05972f13052ec6594aff"},"headline":"SPOTKANIE TERYTORIALS\u00d3W Z DELEGACJ\u0104 W\u0118GIERSK\u0104","datePublished":"2019-05-14T14:43:32+00:00","dateModified":"2019-05-14T14:43:32+00:00","mainEntityOfPage":{"@id":"https:\/\/zyciebrzeska.pl\/?p=3043"},"wordCount":441,"commentCount":0,"publisher":{"@id":"https:\/\/zyciebrzeska.pl\/#organization"},"image":{"@id":"https:\/\/zyciebrzeska.pl\/?p=3043#primaryimage"},"thumbnailUrl":"https:\/\/zyciebrzeska.pl\/wp-content\/uploads\/2019\/05\/20190509-WA_gry-1.jpg","articleSection":["Wydarzenia"],"inLanguage":"pl-PL","potentialAction":[{"@type":"CommentAction","name":"Comment","target":["https:\/\/zyciebrzeska.pl\/?p=3043#respond"]}]},{"@type":"WebPage","@id":"https:\/\/zyciebrzeska.pl\/?p=3043","url":"https:\/\/zyciebrzeska.pl\/?p=3043","name":"SPOTKANIE TERYTORIALS\u00d3W Z DELEGACJ\u0104 W\u0118GIERSK\u0104 - \u017bycie Brzeska","isPartOf":{"@id":"https:\/\/zyciebrzeska.pl\/#website"},"primaryImageOfPage":{"@id":"https:\/\/zyciebrzeska.pl\/?p=3043#primaryimage"},"image":{"@id":"https:\/\/zyciebrzeska.pl\/?p=3043#primaryimage"},"thumbnailUrl":"https:\/\/zyciebrzeska.pl\/wp-content\/uploads\/2019\/05\/20190509-WA_gry-1.jpg","datePublished":"2019-05-14T14:43:32+00:00","dateModified":"2019-05-14T14:43:32+00:00","breadcrumb":{"@id":"https:\/\/zyciebrzeska.pl\/?p=3043#breadcrumb"},"inLanguage":"pl-PL","potentialAction":[{"@type":"ReadAction","target":["https:\/\/zyciebrzeska.pl\/?p=3043"]}]},{"@type":"ImageObject","inLanguage":"pl-PL","@id":"https:\/\/zyciebrzeska.pl\/?p=3043#primaryimage","url":"https:\/\/zyciebrzeska.pl\/wp-content\/uploads\/2019\/05\/20190509-WA_gry-1.jpg","contentUrl":"https:\/\/zyciebrzeska.pl\/wp-content\/uploads\/2019\/05\/20190509-WA_gry-1.jpg","width":1024,"height":683},{"@type":"BreadcrumbList","@id":"https:\/\/zyciebrzeska.pl\/?p=3043#breadcrumb","itemListElement":[{"@type":"ListItem","position":1,"name":"Home","item":"https:\/\/zyciebrzeska.pl\/"},{"@type":"ListItem","position":2,"name":"SPOTKANIE TERYTORIALS\u00d3W Z DELEGACJ\u0104 W\u0118GIERSK\u0104"}]},{"@type":"WebSite","@id":"https:\/\/zyciebrzeska.pl\/#website","url":"https:\/\/zyciebrzeska.pl\/","name":"\u017bycie Brzeska","description":"Portal Ludzi Aktywnych","publisher":{"@id":"https:\/\/zyciebrzeska.pl\/#organization"},"potentialAction":[{"@type":"SearchAction","target":{"@type":"EntryPoint","urlTemplate":"https:\/\/zyciebrzeska.pl\/?s={search_term_string}"},"query-input":"required name=search_term_string"}],"inLanguage":"pl-PL"},{"@type":"Organization","@id":"https:\/\/zyciebrzeska.pl\/#organization","name":"\u017bycie Brzeska","url":"https:\/\/zyciebrzeska.pl\/","logo":{"@type":"ImageObject","inLanguage":"pl-PL","@id":"https:\/\/zyciebrzeska.pl\/#\/schema\/logo\/image\/","url":"https:\/\/server818677.nazwa.pl\/wordpress\/wpn_pierwszainstalacja\/wp-content\/uploads\/2023\/06\/admin-ajax.php-2.png","contentUrl":"https:\/\/server818677.nazwa.pl\/wordpress\/wpn_pierwszainstalacja\/wp-content\/uploads\/2023\/06\/admin-ajax.php-2.png","width":400,"height":133,"caption":"\u017bycie Brzeska"},"image":{"@id":"https:\/\/zyciebrzeska.pl\/#\/schema\/logo\/image\/"},"sameAs":["https:\/\/www.facebook.com\/brzeskoinfo"]},{"@type":"Person","@id":"https:\/\/zyciebrzeska.pl\/#\/schema\/person\/4da1e536b1da05972f13052ec6594aff","name":"Redaktor","image":{"@type":"ImageObject","inLanguage":"pl-PL","@id":"https:\/\/zyciebrzeska.pl\/#\/schema\/person\/image\/","url":"https:\/\/secure.gravatar.com\/avatar\/9564c163e08185c7e0f7d0141ae3914237cf629898e8534b3dd06bb95817ae0b?s=96&d=mm&r=g","contentUrl":"https:\/\/secure.gravatar.com\/avatar\/9564c163e08185c7e0f7d0141ae3914237cf629898e8534b3dd06bb95817ae0b?s=96&d=mm&r=g","caption":"Redaktor"},"sameAs":["http:\/\/zyciebrzeska.pl"],"url":"https:\/\/zyciebrzeska.pl\/?author=1"}]}},"_links":{"self":[{"href":"https:\/\/zyciebrzeska.pl\/index.php?rest_route=\/wp\/v2\/posts\/3043","targetHints":{"allow":["GET"]}}],"collection":[{"href":"https:\/\/zyciebrzeska.pl\/index.php?rest_route=\/wp\/v2\/posts"}],"about":[{"href":"https:\/\/zyciebrzeska.pl\/index.php?rest_route=\/wp\/v2\/types\/post"}],"author":[{"embeddable":true,"href":"https:\/\/zyciebrzeska.pl\/index.php?rest_route=\/wp\/v2\/users\/1"}],"replies":[{"embeddable":true,"href":"https:\/\/zyciebrzeska.pl\/index.php?rest_route=%2Fwp%2Fv2%2Fcomments&post=3043"}],"version-history":[{"count":0,"href":"https:\/\/zyciebrzeska.pl\/index.php?rest_route=\/wp\/v2\/posts\/3043\/revisions"}],"wp:featuredmedia":[{"embeddable":true,"href":"https:\/\/zyciebrzeska.pl\/index.php?rest_route=\/wp\/v2\/media\/3044"}],"wp:attachment":[{"href":"https:\/\/zyciebrzeska.pl\/index.php?rest_route=%2Fwp%2Fv2%2Fmedia&parent=3043"}],"wp:term":[{"taxonomy":"category","embeddable":true,"href":"https:\/\/zyciebrzeska.pl\/index.php?rest_route=%2Fwp%2Fv2%2Fcategories&post=3043"},{"taxonomy":"post_tag","embeddable":true,"href":"https:\/\/zyciebrzeska.pl\/index.php?rest_route=%2Fwp%2Fv2%2Ftags&post=3043"}],"curies":[{"name":"wp","href":"https:\/\/api.w.org\/{rel}","templated":true}]}}