{"id":3033,"date":"2019-05-12T21:20:46","date_gmt":"2019-05-12T21:20:46","guid":{"rendered":"https:\/\/zyciebrzeska.pl\/?p=3033"},"modified":"2019-05-12T21:20:46","modified_gmt":"2019-05-12T21:20:46","slug":"motocyklisci-wrocili-na-drogi","status":"publish","type":"post","link":"https:\/\/zyciebrzeska.pl\/?p=3033","title":{"rendered":"Motocykli\u015bci wr\u00f3cili na drogi"},"content":{"rendered":"\n<p>Sezon motocyklowy ju\u017c w pe\u0142ni rozpocz\u0119ty. Ocieplenie i s\u0142oneczna pogoda sprawi\u0142y, \u017ce na drogach pojawili si\u0119 kieruj\u0105cy motocyklami.<\/p>\n\n\n\n<p>Pasjonaci motocykli to osoby, dla kt\u00f3rych jazda tym pojazdem to prawdziwa przyjemno\u015b\u0107. Zdarzaj\u0105 si\u0119 r\u00f3wnie\u017c tacy, kt\u00f3rzy wsiadaj\u0105 na motocykl i ponosi ich wyobra\u017ania, nie zwracaj\u0105 uwagi na jakiekolwiek zasady i przepisy na drodze.&nbsp; Brawurowa jazda, niebezpieczne zachowania, w tym nadmierna pr\u0119dko\u015b\u0107 to najcz\u0119stsze przewinienia motocyklist\u00f3w.<\/p>\n\n\n\n<p>W 2018 roku na terenie Ma\u0142opolsk w\u015br\u00f3d motocyklist\u00f3w odnotowano 304 ofiary wypadk\u00f3w drogowych, w tym 17 ponios\u0142o \u015bmier\u0107, a 287 zosta\u0142o rannych. Mo\u017cna powiedzie\u0107, \u017ce co 13. ofiara \u015bmiertelna na drodze to kieruj\u0105cy motocyklem.<\/p>\n\n\n\n<p>Zapewne wielu wypadk\u00f3w mo\u017cna by\u0142oby unikn\u0105\u0107, gdyby motocykli\u015bci przestrzegali przepisy ruchu drogowego, a kierowcy pozosta\u0142ych pojazd\u00f3w uszanowali ich prawa.<\/p>\n\n\n\n<p>Motocyklista przy zderzeniu z samochodem, czy przeszkod\u0105 na drodze zazwyczaj odnosi powa\u017cne obra\u017cenia cia\u0142a lub ponosi \u015bmier\u0107. Cz\u0119sto zdarza si\u0119, ze m\u0142odzi ludzie je\u017cd\u017c\u0105 motocyklami nie maj\u0105c do tego uprawnie\u0144 i do\u015bwiadczenia.<\/p>\n\n\n\n<p>Aby zwi\u0119kszy\u0107 swoje bezpiecze\u0144stwo na drodze motocykli\u015bci powinni stosowa\u0107 kilka podstawowych zasad:<\/p>\n\n\n\n<p>zachowa\u0107 odst\u0119p od innych pojazd\u00f3w, gdy\u017c droga hamowania motocykla jest d\u0142u\u017csza ni\u017c samochodu, szczeg\u00f3lnie na \u015bliskiej nawierzchni,zawsze wcze\u015bnie i wyra\u017anie sygnalizowa\u0107 zamiar wykonania manewru skr\u0119tu czy te\u017c zmiany pasa ruchu,kierowcom samochod\u00f3w cz\u0119sto trudno oceni\u0107 pr\u0119dko\u015b\u0107 motocyklisty dlatego nale\u017cy ca\u0142y czas by\u0107 uwa\u017cnym i obserwowa\u0107 drog\u0119, aby w razie sytuacji niebezpiecznej m\u00f3c szybko i odpowiednio zareagowa\u0107,od momentu rozpocz\u0119cia jazdy nale\u017cy koncentrowa\u0107 si\u0119 wy\u0142\u0105cznie na bezpiecznej je\u017adzie i sytuacji na drodze.<\/p>\n\n\n\n<p>Po kilku miesi\u0105cach przerwy kieruj\u0105cy samochodami musz\u0105 ponownie przyzwyczai\u0107 si\u0119 do ich obecno\u015bci. Widok motocykla na drodze mo\u017ce by\u0107 zaskoczeniem. Utrudniona mo\u017ce by\u0107 ocena jego odleg\u0142o\u015bci i pr\u0119dko\u015bci dlatego nale\u017cy za\u0142o\u017cy\u0107, \u017ce jedzie znacznie szybciej, a tym samym wcze\u015bniej ni\u017c nam si\u0119 wydaje zbli\u017cy si\u0119 do nas. Ponadto motocykl jad\u0105cy w du\u017cym ruchu innych pojazd\u00f3w mo\u017ce \u0142atwo znikn\u0105\u0107 z pola widzenia \u2013 warto o tym wiedzie\u0107 wykonuj\u0105c manewr zmiany pasa ruchu. Pami\u0119tajmy, aby nie zmusza\u0107 kieruj\u0105cego jedno\u015bladem do gwa\u0142townego hamowania, gdy\u017c mo\u017ce to doprowadzi\u0107 do utraty panowania nad motocyklem, a w konsekwencji do powa\u017cnego wypadku.<\/p>\n\n\n\n<p>Policja apeluje o rozs\u0105dn\u0105 i kulturaln\u0105 jazd\u0119 oraz przypomina, \u017ceby kierowa\u0107 motocyklem, b\u0105d\u017a innym jedno\u015bladem nale\u017cy posiada\u0107 odpowiedni\u0105 kategori\u0119 prawa jazdy.<\/p>\n\n\n\n<p>Kategoria AM prawa jazdy uprawnia do kierowania:<\/p>\n\n\n\n<ul class=\"wp-block-list\"><li>motorowerem (pojazd dwu- lub tr\u00f3jko\u0142owy zaopatrzony w silnik spalinowy o pojemno\u015bci skokowej nieprzekraczaj\u0105cej 50 cm3 lub w silnik elektryczny o mocy nie wi\u0119kszej ni\u017c 4 kW, kt\u00f3rego konstrukcja ogranicza pr\u0119dko\u015b\u0107 jazdy do 45 km\/h;<\/li><\/ul>\n\n\n\n<ul class=\"wp-block-list\"><li>czteroko\u0142owcem lekkim ( kt\u00f3rego masa w\u0142asna nie przekracza 350 kg i konstrukcja ogranicza pr\u0119dko\u015b\u0107 jazdy do 45 km\/h;)<\/li><\/ul>\n\n\n\n<p>Wymagany minimalny wiek do uzyskania kategorii AM wynosi 14 lat.<\/p>\n\n\n\n<p>Kategoria A1 prawa jazdy uprawnia do kierowania:<\/p>\n\n\n\n<ul class=\"wp-block-list\"><li>motocyklem o pojemno\u015bci skokowej silnika nieprzekraczaj\u0105cej 125 cm3, mocy nieprzekraczaj\u0105cej 11 kW i stosunku mocy do masy w\u0142asnej nieprzekraczaj\u0105cym 0,1 kW\/kg,<\/li><li>motocyklem tr\u00f3jko\u0142owym o mocy nieprzekraczaj\u0105cej 15 kW,<\/li><li>pojazdami okre\u015blonymi dla prawa jazdy kategorii AM (motorower, czteroko\u0142owiec lekki)<\/li><\/ul>\n\n\n\n<p>Wymagany minimalny wiek do uzyskania kategorii A1 wynosi 16 lat.<\/p>\n\n\n\n<p>Kategoria A2 prawa jazdy uprawnia do kierowania:<\/p>\n\n\n\n<ul class=\"wp-block-list\"><li>motocyklem o mocy nieprzekraczaj\u0105cej 35 kW i stosunku mocy do masy w\u0142asnej nieprzekraczaj\u0105cym 0,2 kW\/kg, przy czym nie mo\u017ce on powsta\u0107 w wyniku wprowadzenia zmian w poje\u017adzie o mocy przekraczaj\u0105cej dwukrotno\u015b\u0107 mocy tego motocykla,<\/li><li>motocyklem tr\u00f3jko\u0142owym o mocy nieprzekraczaj\u0105cej 15 kW,<\/li><li>pojazdami okre\u015blonymi dla kategorii AM.<\/li><\/ul>\n\n\n\n<p>Wymagany wiek do uzyskania kategorii A2 to 18 lat.<\/p>\n\n\n\n<p>Kategoria A prawa jazdy uprawnia do kierowania:<\/p>\n\n\n\n<ul class=\"wp-block-list\"><li>motocyklem (pojazd samochodowy zaopatrzony w silnik spalinowy o pojemno\u015bci skokowej przekraczaj\u0105cej 50 cm3, dwuko\u0142owy lub z bocznym w\u00f3zkiem \u2013 wielo\u015bladowy; okre\u015blenie to obejmuje r\u00f3wnie\u017c pojazd tr\u00f3jko\u0142owy o symetrycznym rozmieszczeniu k\u00f3\u0142;<\/li><li>pojazdami okre\u015blonymi dla prawa jazdy kategorii AM.<\/li><\/ul>\n\n\n\n<p>Wymagany wiek do uzyskania kategorii A to 24 lata lub 20 lat, je\u017celi osoba&nbsp; co najmniej od 2 lat posiada prawo jazdy kategorii A2, natomiast 21 lat do kierowania motocyklem tr\u00f3jko\u0142owym o mocy przekraczaj\u0105cej 15 kW nawet je\u017celi osoba posiada prawo jazdy kategorii A.<\/p>\n\n\n\n<p>Kategoria B r\u00f3wnie\u017c uprawnia do jazdy motocyklem o pojemno\u015bci skokowej silnika nieprzekraczaj\u0105cej 125 cm3, (mocy nieprzekraczaj\u0105cej 11 kW i stosunku mocy do masy w\u0142asnej nieprzekraczaj\u0105cym 0,1 kW\/kg ) warunkiem jest posiadanie\u00a0 prawa jazdy kategorii B minimum 3 lata.<\/p>\n\n\n\n<p>Brzesko.policja.gov.pl<\/p>\n","protected":false},"excerpt":{"rendered":"<p>Sezon motocyklowy ju\u017c w pe\u0142ni rozpocz\u0119ty. Ocieplenie i s\u0142oneczna pogoda sprawi\u0142y, \u017ce na drogach pojawili si\u0119 kieruj\u0105cy motocyklami. Pasjonaci motocykli to osoby, dla kt\u00f3rych jazda tym pojazdem to prawdziwa przyjemno\u015b\u0107. Zdarzaj\u0105 si\u0119 r\u00f3wnie\u017c tacy, kt\u00f3rzy wsiadaj\u0105 na motocykl i ponosi ich wyobra\u017ania, nie zwracaj\u0105 uwagi na jakiekolwiek zasady i przepisy na drodze.&nbsp; Brawurowa jazda, niebezpieczne [&hellip;]<\/p>\n","protected":false},"author":1,"featured_media":3034,"comment_status":"open","ping_status":"open","sticky":false,"template":"","format":"standard","meta":{"tdm_status":"","tdm_grid_status":"","footnotes":""},"categories":[10],"tags":[],"class_list":{"0":"post-3033","1":"post","2":"type-post","3":"status-publish","4":"format-standard","5":"has-post-thumbnail","7":"category-wydarzenia"},"yoast_head":"<!-- This site is optimized with the Yoast SEO plugin v22.2 - https:\/\/yoast.com\/wordpress\/plugins\/seo\/ -->\n<title>Motocykli\u015bci wr\u00f3cili na drogi - \u017bycie Brzeska<\/title>\n<meta name=\"robots\" content=\"index, follow, max-snippet:-1, max-image-preview:large, max-video-preview:-1\" \/>\n<link rel=\"canonical\" href=\"https:\/\/zyciebrzeska.pl\/?p=3033\" \/>\n<meta property=\"og:locale\" content=\"pl_PL\" \/>\n<meta property=\"og:type\" content=\"article\" \/>\n<meta property=\"og:title\" content=\"Motocykli\u015bci wr\u00f3cili na drogi - \u017bycie Brzeska\" \/>\n<meta property=\"og:description\" content=\"Sezon motocyklowy ju\u017c w pe\u0142ni rozpocz\u0119ty. Ocieplenie i s\u0142oneczna pogoda sprawi\u0142y, \u017ce na drogach pojawili si\u0119 kieruj\u0105cy motocyklami. Pasjonaci motocykli to osoby, dla kt\u00f3rych jazda tym pojazdem to prawdziwa przyjemno\u015b\u0107. Zdarzaj\u0105 si\u0119 r\u00f3wnie\u017c tacy, kt\u00f3rzy wsiadaj\u0105 na motocykl i ponosi ich wyobra\u017ania, nie zwracaj\u0105 uwagi na jakiekolwiek zasady i przepisy na drodze.&nbsp; Brawurowa jazda, niebezpieczne [&hellip;]\" \/>\n<meta property=\"og:url\" content=\"https:\/\/zyciebrzeska.pl\/?p=3033\" \/>\n<meta property=\"og:site_name\" content=\"\u017bycie Brzeska\" \/>\n<meta property=\"article:publisher\" content=\"https:\/\/www.facebook.com\/brzeskoinfo\" \/>\n<meta property=\"article:published_time\" content=\"2019-05-12T21:20:46+00:00\" \/>\n<meta property=\"og:image\" content=\"https:\/\/zyciebrzeska.pl\/wp-content\/uploads\/2019\/05\/motorbikes-3226378_640.jpg\" \/>\n\t<meta property=\"og:image:width\" content=\"640\" \/>\n\t<meta property=\"og:image:height\" content=\"425\" \/>\n\t<meta property=\"og:image:type\" content=\"image\/jpeg\" \/>\n<meta name=\"author\" content=\"Redaktor\" \/>\n<meta name=\"twitter:card\" content=\"summary_large_image\" \/>\n<meta name=\"twitter:label1\" content=\"Napisane przez\" \/>\n\t<meta name=\"twitter:data1\" content=\"Redaktor\" \/>\n\t<meta name=\"twitter:label2\" content=\"Szacowany czas czytania\" \/>\n\t<meta name=\"twitter:data2\" content=\"4 minuty\" \/>\n<script type=\"application\/ld+json\" class=\"yoast-schema-graph\">{\"@context\":\"https:\/\/schema.org\",\"@graph\":[{\"@type\":\"Article\",\"@id\":\"https:\/\/zyciebrzeska.pl\/?p=3033#article\",\"isPartOf\":{\"@id\":\"https:\/\/zyciebrzeska.pl\/?p=3033\"},\"author\":{\"name\":\"Redaktor\",\"@id\":\"https:\/\/zyciebrzeska.pl\/#\/schema\/person\/4da1e536b1da05972f13052ec6594aff\"},\"headline\":\"Motocykli\u015bci wr\u00f3cili na drogi\",\"datePublished\":\"2019-05-12T21:20:46+00:00\",\"dateModified\":\"2019-05-12T21:20:46+00:00\",\"mainEntityOfPage\":{\"@id\":\"https:\/\/zyciebrzeska.pl\/?p=3033\"},\"wordCount\":782,\"commentCount\":0,\"publisher\":{\"@id\":\"https:\/\/zyciebrzeska.pl\/#organization\"},\"image\":{\"@id\":\"https:\/\/zyciebrzeska.pl\/?p=3033#primaryimage\"},\"thumbnailUrl\":\"https:\/\/zyciebrzeska.pl\/wp-content\/uploads\/2019\/05\/motorbikes-3226378_640.jpg\",\"articleSection\":[\"Wydarzenia\"],\"inLanguage\":\"pl-PL\",\"potentialAction\":[{\"@type\":\"CommentAction\",\"name\":\"Comment\",\"target\":[\"https:\/\/zyciebrzeska.pl\/?p=3033#respond\"]}]},{\"@type\":\"WebPage\",\"@id\":\"https:\/\/zyciebrzeska.pl\/?p=3033\",\"url\":\"https:\/\/zyciebrzeska.pl\/?p=3033\",\"name\":\"Motocykli\u015bci wr\u00f3cili na drogi - \u017bycie Brzeska\",\"isPartOf\":{\"@id\":\"https:\/\/zyciebrzeska.pl\/#website\"},\"primaryImageOfPage\":{\"@id\":\"https:\/\/zyciebrzeska.pl\/?p=3033#primaryimage\"},\"image\":{\"@id\":\"https:\/\/zyciebrzeska.pl\/?p=3033#primaryimage\"},\"thumbnailUrl\":\"https:\/\/zyciebrzeska.pl\/wp-content\/uploads\/2019\/05\/motorbikes-3226378_640.jpg\",\"datePublished\":\"2019-05-12T21:20:46+00:00\",\"dateModified\":\"2019-05-12T21:20:46+00:00\",\"breadcrumb\":{\"@id\":\"https:\/\/zyciebrzeska.pl\/?p=3033#breadcrumb\"},\"inLanguage\":\"pl-PL\",\"potentialAction\":[{\"@type\":\"ReadAction\",\"target\":[\"https:\/\/zyciebrzeska.pl\/?p=3033\"]}]},{\"@type\":\"ImageObject\",\"inLanguage\":\"pl-PL\",\"@id\":\"https:\/\/zyciebrzeska.pl\/?p=3033#primaryimage\",\"url\":\"https:\/\/zyciebrzeska.pl\/wp-content\/uploads\/2019\/05\/motorbikes-3226378_640.jpg\",\"contentUrl\":\"https:\/\/zyciebrzeska.pl\/wp-content\/uploads\/2019\/05\/motorbikes-3226378_640.jpg\",\"width\":640,\"height\":425},{\"@type\":\"BreadcrumbList\",\"@id\":\"https:\/\/zyciebrzeska.pl\/?p=3033#breadcrumb\",\"itemListElement\":[{\"@type\":\"ListItem\",\"position\":1,\"name\":\"Home\",\"item\":\"https:\/\/zyciebrzeska.pl\/\"},{\"@type\":\"ListItem\",\"position\":2,\"name\":\"Motocykli\u015bci wr\u00f3cili na drogi\"}]},{\"@type\":\"WebSite\",\"@id\":\"https:\/\/zyciebrzeska.pl\/#website\",\"url\":\"https:\/\/zyciebrzeska.pl\/\",\"name\":\"\u017bycie Brzeska\",\"description\":\"Portal Ludzi Aktywnych\",\"publisher\":{\"@id\":\"https:\/\/zyciebrzeska.pl\/#organization\"},\"potentialAction\":[{\"@type\":\"SearchAction\",\"target\":{\"@type\":\"EntryPoint\",\"urlTemplate\":\"https:\/\/zyciebrzeska.pl\/?s={search_term_string}\"},\"query-input\":\"required name=search_term_string\"}],\"inLanguage\":\"pl-PL\"},{\"@type\":\"Organization\",\"@id\":\"https:\/\/zyciebrzeska.pl\/#organization\",\"name\":\"\u017bycie Brzeska\",\"url\":\"https:\/\/zyciebrzeska.pl\/\",\"logo\":{\"@type\":\"ImageObject\",\"inLanguage\":\"pl-PL\",\"@id\":\"https:\/\/zyciebrzeska.pl\/#\/schema\/logo\/image\/\",\"url\":\"https:\/\/server818677.nazwa.pl\/wordpress\/wpn_pierwszainstalacja\/wp-content\/uploads\/2023\/06\/admin-ajax.php-2.png\",\"contentUrl\":\"https:\/\/server818677.nazwa.pl\/wordpress\/wpn_pierwszainstalacja\/wp-content\/uploads\/2023\/06\/admin-ajax.php-2.png\",\"width\":400,\"height\":133,\"caption\":\"\u017bycie Brzeska\"},\"image\":{\"@id\":\"https:\/\/zyciebrzeska.pl\/#\/schema\/logo\/image\/\"},\"sameAs\":[\"https:\/\/www.facebook.com\/brzeskoinfo\"]},{\"@type\":\"Person\",\"@id\":\"https:\/\/zyciebrzeska.pl\/#\/schema\/person\/4da1e536b1da05972f13052ec6594aff\",\"name\":\"Redaktor\",\"image\":{\"@type\":\"ImageObject\",\"inLanguage\":\"pl-PL\",\"@id\":\"https:\/\/zyciebrzeska.pl\/#\/schema\/person\/image\/\",\"url\":\"https:\/\/secure.gravatar.com\/avatar\/9564c163e08185c7e0f7d0141ae3914237cf629898e8534b3dd06bb95817ae0b?s=96&d=mm&r=g\",\"contentUrl\":\"https:\/\/secure.gravatar.com\/avatar\/9564c163e08185c7e0f7d0141ae3914237cf629898e8534b3dd06bb95817ae0b?s=96&d=mm&r=g\",\"caption\":\"Redaktor\"},\"sameAs\":[\"http:\/\/zyciebrzeska.pl\"],\"url\":\"https:\/\/zyciebrzeska.pl\/?author=1\"}]}<\/script>\n<!-- \/ Yoast SEO plugin. -->","yoast_head_json":{"title":"Motocykli\u015bci wr\u00f3cili na drogi - \u017bycie Brzeska","robots":{"index":"index","follow":"follow","max-snippet":"max-snippet:-1","max-image-preview":"max-image-preview:large","max-video-preview":"max-video-preview:-1"},"canonical":"https:\/\/zyciebrzeska.pl\/?p=3033","og_locale":"pl_PL","og_type":"article","og_title":"Motocykli\u015bci wr\u00f3cili na drogi - \u017bycie Brzeska","og_description":"Sezon motocyklowy ju\u017c w pe\u0142ni rozpocz\u0119ty. Ocieplenie i s\u0142oneczna pogoda sprawi\u0142y, \u017ce na drogach pojawili si\u0119 kieruj\u0105cy motocyklami. Pasjonaci motocykli to osoby, dla kt\u00f3rych jazda tym pojazdem to prawdziwa przyjemno\u015b\u0107. Zdarzaj\u0105 si\u0119 r\u00f3wnie\u017c tacy, kt\u00f3rzy wsiadaj\u0105 na motocykl i ponosi ich wyobra\u017ania, nie zwracaj\u0105 uwagi na jakiekolwiek zasady i przepisy na drodze.&nbsp; Brawurowa jazda, niebezpieczne [&hellip;]","og_url":"https:\/\/zyciebrzeska.pl\/?p=3033","og_site_name":"\u017bycie Brzeska","article_publisher":"https:\/\/www.facebook.com\/brzeskoinfo","article_published_time":"2019-05-12T21:20:46+00:00","og_image":[{"width":640,"height":425,"url":"https:\/\/zyciebrzeska.pl\/wp-content\/uploads\/2019\/05\/motorbikes-3226378_640.jpg","type":"image\/jpeg"}],"author":"Redaktor","twitter_card":"summary_large_image","twitter_misc":{"Napisane przez":"Redaktor","Szacowany czas czytania":"4 minuty"},"schema":{"@context":"https:\/\/schema.org","@graph":[{"@type":"Article","@id":"https:\/\/zyciebrzeska.pl\/?p=3033#article","isPartOf":{"@id":"https:\/\/zyciebrzeska.pl\/?p=3033"},"author":{"name":"Redaktor","@id":"https:\/\/zyciebrzeska.pl\/#\/schema\/person\/4da1e536b1da05972f13052ec6594aff"},"headline":"Motocykli\u015bci wr\u00f3cili na drogi","datePublished":"2019-05-12T21:20:46+00:00","dateModified":"2019-05-12T21:20:46+00:00","mainEntityOfPage":{"@id":"https:\/\/zyciebrzeska.pl\/?p=3033"},"wordCount":782,"commentCount":0,"publisher":{"@id":"https:\/\/zyciebrzeska.pl\/#organization"},"image":{"@id":"https:\/\/zyciebrzeska.pl\/?p=3033#primaryimage"},"thumbnailUrl":"https:\/\/zyciebrzeska.pl\/wp-content\/uploads\/2019\/05\/motorbikes-3226378_640.jpg","articleSection":["Wydarzenia"],"inLanguage":"pl-PL","potentialAction":[{"@type":"CommentAction","name":"Comment","target":["https:\/\/zyciebrzeska.pl\/?p=3033#respond"]}]},{"@type":"WebPage","@id":"https:\/\/zyciebrzeska.pl\/?p=3033","url":"https:\/\/zyciebrzeska.pl\/?p=3033","name":"Motocykli\u015bci wr\u00f3cili na drogi - \u017bycie Brzeska","isPartOf":{"@id":"https:\/\/zyciebrzeska.pl\/#website"},"primaryImageOfPage":{"@id":"https:\/\/zyciebrzeska.pl\/?p=3033#primaryimage"},"image":{"@id":"https:\/\/zyciebrzeska.pl\/?p=3033#primaryimage"},"thumbnailUrl":"https:\/\/zyciebrzeska.pl\/wp-content\/uploads\/2019\/05\/motorbikes-3226378_640.jpg","datePublished":"2019-05-12T21:20:46+00:00","dateModified":"2019-05-12T21:20:46+00:00","breadcrumb":{"@id":"https:\/\/zyciebrzeska.pl\/?p=3033#breadcrumb"},"inLanguage":"pl-PL","potentialAction":[{"@type":"ReadAction","target":["https:\/\/zyciebrzeska.pl\/?p=3033"]}]},{"@type":"ImageObject","inLanguage":"pl-PL","@id":"https:\/\/zyciebrzeska.pl\/?p=3033#primaryimage","url":"https:\/\/zyciebrzeska.pl\/wp-content\/uploads\/2019\/05\/motorbikes-3226378_640.jpg","contentUrl":"https:\/\/zyciebrzeska.pl\/wp-content\/uploads\/2019\/05\/motorbikes-3226378_640.jpg","width":640,"height":425},{"@type":"BreadcrumbList","@id":"https:\/\/zyciebrzeska.pl\/?p=3033#breadcrumb","itemListElement":[{"@type":"ListItem","position":1,"name":"Home","item":"https:\/\/zyciebrzeska.pl\/"},{"@type":"ListItem","position":2,"name":"Motocykli\u015bci wr\u00f3cili na drogi"}]},{"@type":"WebSite","@id":"https:\/\/zyciebrzeska.pl\/#website","url":"https:\/\/zyciebrzeska.pl\/","name":"\u017bycie Brzeska","description":"Portal Ludzi Aktywnych","publisher":{"@id":"https:\/\/zyciebrzeska.pl\/#organization"},"potentialAction":[{"@type":"SearchAction","target":{"@type":"EntryPoint","urlTemplate":"https:\/\/zyciebrzeska.pl\/?s={search_term_string}"},"query-input":"required name=search_term_string"}],"inLanguage":"pl-PL"},{"@type":"Organization","@id":"https:\/\/zyciebrzeska.pl\/#organization","name":"\u017bycie Brzeska","url":"https:\/\/zyciebrzeska.pl\/","logo":{"@type":"ImageObject","inLanguage":"pl-PL","@id":"https:\/\/zyciebrzeska.pl\/#\/schema\/logo\/image\/","url":"https:\/\/server818677.nazwa.pl\/wordpress\/wpn_pierwszainstalacja\/wp-content\/uploads\/2023\/06\/admin-ajax.php-2.png","contentUrl":"https:\/\/server818677.nazwa.pl\/wordpress\/wpn_pierwszainstalacja\/wp-content\/uploads\/2023\/06\/admin-ajax.php-2.png","width":400,"height":133,"caption":"\u017bycie Brzeska"},"image":{"@id":"https:\/\/zyciebrzeska.pl\/#\/schema\/logo\/image\/"},"sameAs":["https:\/\/www.facebook.com\/brzeskoinfo"]},{"@type":"Person","@id":"https:\/\/zyciebrzeska.pl\/#\/schema\/person\/4da1e536b1da05972f13052ec6594aff","name":"Redaktor","image":{"@type":"ImageObject","inLanguage":"pl-PL","@id":"https:\/\/zyciebrzeska.pl\/#\/schema\/person\/image\/","url":"https:\/\/secure.gravatar.com\/avatar\/9564c163e08185c7e0f7d0141ae3914237cf629898e8534b3dd06bb95817ae0b?s=96&d=mm&r=g","contentUrl":"https:\/\/secure.gravatar.com\/avatar\/9564c163e08185c7e0f7d0141ae3914237cf629898e8534b3dd06bb95817ae0b?s=96&d=mm&r=g","caption":"Redaktor"},"sameAs":["http:\/\/zyciebrzeska.pl"],"url":"https:\/\/zyciebrzeska.pl\/?author=1"}]}},"_links":{"self":[{"href":"https:\/\/zyciebrzeska.pl\/index.php?rest_route=\/wp\/v2\/posts\/3033","targetHints":{"allow":["GET"]}}],"collection":[{"href":"https:\/\/zyciebrzeska.pl\/index.php?rest_route=\/wp\/v2\/posts"}],"about":[{"href":"https:\/\/zyciebrzeska.pl\/index.php?rest_route=\/wp\/v2\/types\/post"}],"author":[{"embeddable":true,"href":"https:\/\/zyciebrzeska.pl\/index.php?rest_route=\/wp\/v2\/users\/1"}],"replies":[{"embeddable":true,"href":"https:\/\/zyciebrzeska.pl\/index.php?rest_route=%2Fwp%2Fv2%2Fcomments&post=3033"}],"version-history":[{"count":0,"href":"https:\/\/zyciebrzeska.pl\/index.php?rest_route=\/wp\/v2\/posts\/3033\/revisions"}],"wp:featuredmedia":[{"embeddable":true,"href":"https:\/\/zyciebrzeska.pl\/index.php?rest_route=\/wp\/v2\/media\/3034"}],"wp:attachment":[{"href":"https:\/\/zyciebrzeska.pl\/index.php?rest_route=%2Fwp%2Fv2%2Fmedia&parent=3033"}],"wp:term":[{"taxonomy":"category","embeddable":true,"href":"https:\/\/zyciebrzeska.pl\/index.php?rest_route=%2Fwp%2Fv2%2Fcategories&post=3033"},{"taxonomy":"post_tag","embeddable":true,"href":"https:\/\/zyciebrzeska.pl\/index.php?rest_route=%2Fwp%2Fv2%2Ftags&post=3033"}],"curies":[{"name":"wp","href":"https:\/\/api.w.org\/{rel}","templated":true}]}}