{"id":2971,"date":"2019-05-02T19:45:09","date_gmt":"2019-05-02T19:45:09","guid":{"rendered":"https:\/\/zyciebrzeska.pl\/?p=2971"},"modified":"2019-05-02T19:45:09","modified_gmt":"2019-05-02T19:45:09","slug":"ostatnie-kwitniecie-fontanny","status":"publish","type":"post","link":"https:\/\/zyciebrzeska.pl\/?p=2971","title":{"rendered":"Ostatnie kwitni\u0119cie fontanny"},"content":{"rendered":"\n<p>I znowu woda w jedynej w ca\u0142ej gminie Brzesko fontannie znajduj\u0105cej si\u0119 w reprezentacyjnym \u015bcis\u0142ym centrum Brzeska b\u0119d\u0105cego nie tylko siedzib\u0105 w\u0142adz gminy, ale r\u00f3wnie\u017c stolic\u0105 powiatu, zazieleni\u0142a si\u0119 od ogromnej ilo\u015bci glon\u00f3w. Woda sta\u0142a si\u0119 zielona, ale bynajmniej swoim zazielenieniem nie dostarczy\u0142a mieszka\u0144com wspania\u0142ych wra\u017ce\u0144 estetycznych, wr\u0119cz przeciwnie \u2013 wzbudzi\u0142a obrzydzenie do tego stopnia, \u017ce kilka os\u00f3b nie wytrzyma\u0142o i zadzwoni\u0142o do burmistrza, aby co\u015b z tym zrobi\u0107. Natychmiast po otrzymaniu sygna\u0142u, wykonany zosta\u0142 telefon do Brzeskiego O\u015brodka Sportu i Rekreacji, kt\u00f3rego zadaniem jest opiekowanie si\u0119 fontann\u0105. Pracownik, kt\u00f3ry otrzyma\u0142 telefon od Grzegorza Bracha, zast\u0119pcy burmistrza, jako\u015b nie specjalnie si\u0119 przej\u0105\u0142 faktem, \u017ce w brzeskiej fontannie na rynku p\u0142ywa obrzydliwa pe\u0142na zielonych glut\u00f3w woda. Poinformowa\u0142, \u017ce w\u0142a\u015bciwie to nie ma pracownik\u00f3w i nie ma kogo wys\u0142a\u0107, \u017ceby fontann\u0119 wyczy\u015bci\u0107, wi\u0119c mo\u017ce tak dopiero po \u015bwi\u0119tach w przysz\u0142ym tygodniu. Dopiero po stanowczym poinformowaniu, \u017ce burmistrz Toma Latocha nalega, \u017ceby fontann\u0119 oczy\u015bci\u0107 najszybciej jak to tylko mo\u017cliwe, do cz\u0142owieka dotar\u0142o, \u017ce jednak lepiej b\u0119dzie ruszy\u0107 si\u0119 z basenu, zw\u0142aszcza \u017ce zosta\u0142 r\u00f3wnie\u017c poinformowany, \u017ce burmistrz za godzin\u0119 b\u0119dzie wolny i osobi\u015bcie pojedzie sprawdzi\u0107, jak si\u0119 sprawy maj\u0105. Okaza\u0142o si\u0119, \u017ce odpowiednia motywacja sprawi\u0142a, \u017ce to, co jeszcze przed chwil\u0105 by\u0142o niemo\u017cliwe, sta\u0142o si\u0119 mo\u017cliwe \u2014 w ci\u0105gu godziny fontanna wype\u0142niona obrzydliwym zielonym glutem sta\u0142a si\u0119 znowu czysta. Nie ma jak dobra motywacja.<\/p>\n\n\n\n<figure class=\"wp-block-image\"><img loading=\"lazy\" decoding=\"async\" width=\"1000\" height=\"563\" src=\"https:\/\/server818677.nazwa.pl\/wordpress\/wpn_pierwszainstalacja\/wp-content\/uploads\/2019\/05\/20190502_113534-1.jpg\" alt=\"\" class=\"wp-image-2960\" srcset=\"https:\/\/zyciebrzeska.pl\/wp-content\/uploads\/2019\/05\/20190502_113534-1.jpg 1000w, https:\/\/zyciebrzeska.pl\/wp-content\/uploads\/2019\/05\/20190502_113534-1-300x169.jpg 300w, https:\/\/zyciebrzeska.pl\/wp-content\/uploads\/2019\/05\/20190502_113534-1-768x432.jpg 768w\" sizes=\"auto, (max-width: 1000px) 100vw, 1000px\" \/><\/figure>\n\n\n\n<p>To ju\u017c nie pierwszy raz, kiedy osobi\u015bcie burmistrz musi interweniowa\u0107, \u017ceby pracownicy Brzeskiego O\u015brodka Sportu i Rekreacji wykonali to, co nale\u017cy do ich zakresu obowi\u0105zk\u00f3w. Za poprzedniego burmistrza by\u0142 to wr\u0119cz rytua\u0142: zniesmaczeni ludzie dzwonili do burmistrza, sprawa stawa\u0142a si\u0119 g\u0142o\u015bna medialnie, nast\u0119powa\u0142a interwencja z wysoka i fontanna by\u0142a czyszczona.<br>W\u0142adza w gminie si\u0119 zmieni\u0142a, ale obyczaje kierownictwa BOSiR jako\u015b nie maj\u0105 ochoty si\u0119 zmieni\u0107. Wydaje si\u0119 jednak, a nawet wr\u0119cz jest to pewne, \u017ce zmieni\u0105 te swoje obyczaje bardzo szybko. Burmistrz Tomasz Latocha zainterweniowa\u0142, jak tylko si\u0119 dowiedzia\u0142, \u017ce nast\u0105pi\u0142a taka kompromituj\u0105ca sytuacja, ale zapowiedzia\u0142 r\u00f3wnie\u017c, \u017ce by\u0142a to nie tylko pierwsza, ale r\u00f3wnie\u017c ostatnia interwencja w sprawie zmobilizowania kierownictwa BOSiR do wykonania tego, co nale\u017cy, aby fontanna by\u0142a czysta. Wydaje si\u0119, \u017ce nikt nie powinien mie\u0107 w\u0105tpliwo\u015bci, co si\u0119 stanie, je\u017celi sytuacja si\u0119 powt\u00f3rzy.<\/p>\n\n\n\n<figure class=\"wp-block-image\"><img loading=\"lazy\" decoding=\"async\" width=\"1000\" height=\"563\" src=\"https:\/\/server818677.nazwa.pl\/wordpress\/wpn_pierwszainstalacja\/wp-content\/uploads\/2019\/05\/20190502_113539-2.jpg\" alt=\"\" class=\"wp-image-2961\" srcset=\"https:\/\/zyciebrzeska.pl\/wp-content\/uploads\/2019\/05\/20190502_113539-2.jpg 1000w, https:\/\/zyciebrzeska.pl\/wp-content\/uploads\/2019\/05\/20190502_113539-2-300x169.jpg 300w, https:\/\/zyciebrzeska.pl\/wp-content\/uploads\/2019\/05\/20190502_113539-2-768x432.jpg 768w\" sizes=\"auto, (max-width: 1000px) 100vw, 1000px\" \/><\/figure>\n\n\n\n<p>Czy naprawd\u0119 burmistrz musi osobi\u015bcie zajmowa\u0107 si\u0119 nawet tak\u0105 spraw\u0105 jak codzienne sprawdzanie stanu wody w fontannie na rynku? To ju\u017c nie pierwszy raz, kiedy woda w fontannie zakwit\u0142a. Ludzie odpowiedzialni za jej czysto\u015b\u0107 powinni wi\u0119c mie\u0107 chyba na tyle rozumu i odpowiedzialno\u015bci, \u017ceby kontrolowa\u0107 stan wody. Czy tak trudno podjecha\u0107 pod fontann\u0119 cho\u0107by w drodze do pracy i sprawdzi\u0107, czy wszystko jest w porz\u0105dku? Wygl\u0105da na to, \u017ce ta fontanna ma jak\u0105\u015b wad\u0119 techniczn\u0105. Przecie\u017c w innych fontannach nie ma takiego problemu. Jest np. w Czchowie pi\u0119kna fontanna i nie p\u0142ywaj\u0105 w niej \u017cadne gluty. Je\u017celi tak jest, to chyba opiekuj\u0105ca si\u0119 nasz\u0105 fontann\u0105 dyrekcja BOSiR powinna zada\u0107 sobie trud, aby sprawdzi\u0107,\u00a0co si\u0119 dzieje i zaproponowa\u0107 jakie\u015b poprawki, a nie nara\u017ca\u0107 brzeszczan na \u015bmieszno\u015b\u0107 w oczach przyjezdnych go\u015bci.<br>Burmistrz Tomasz Latocha stara si\u0119, aby Rynek by\u0142 zadbany, aby sta\u0142 si\u0119 miejscem, gdzie mieszka\u0144cy b\u0119d\u0105 chcieli si\u0119 spotyka\u0107, rozmawia\u0107 ze sob\u0105, odpoczywa\u0107, gdzie mog\u0142yby by\u0107 cz\u0119sto organizowane r\u00f3\u017cnego rodzaju imprezy kulturalne. W za\u0142o\u017ceniu burmistrza, brzeski Rynek powinien ca\u0142y czas \u017cy\u0107, co\u015b si\u0119 tam powinno zawsze dzia\u0107. Przyk\u0142adem jest cho\u0107by niedawno zorganizowany I Brzeski Jarmark Wielkanocny. Takich imprez w przysz\u0142o\u015bci b\u0119dzie znacznie wi\u0119cej. Niedawno zosta\u0142y odnowione \u0142awki, kt\u00f3re po kilku latach u\u017cytkowania wymaga\u0142y renowacji. Jak jednak odpoczywa\u0107 i cieszy\u0107 si\u0119 widokiem \u201eta\u0144cz\u0105cej\u201d wody w fontannie i zmieniaj\u0105cej kolory pod\u015bwietlenia, kiedy p\u0142ywaj\u0105 w niej obrzydliwe zielone gluty?<\/p>\n\n\n\n<figure class=\"wp-block-embed-facebook wp-block-embed is-type-video is-provider-facebook\"><div class=\"wp-block-embed__wrapper\">\nhttps:\/\/www.facebook.com\/brzeskoinfo\/videos\/2437310406491135\/\n<\/div><\/figure>\n","protected":false},"excerpt":{"rendered":"<p>I znowu woda w jedynej w ca\u0142ej gminie Brzesko fontannie znajduj\u0105cej si\u0119 w reprezentacyjnym \u015bcis\u0142ym centrum Brzeska b\u0119d\u0105cego nie tylko siedzib\u0105 w\u0142adz gminy, ale r\u00f3wnie\u017c stolic\u0105 powiatu, zazieleni\u0142a si\u0119 od ogromnej ilo\u015bci glon\u00f3w. Woda sta\u0142a si\u0119 zielona, ale bynajmniej swoim zazielenieniem nie dostarczy\u0142a mieszka\u0144com wspania\u0142ych wra\u017ce\u0144 estetycznych, wr\u0119cz przeciwnie \u2013 wzbudzi\u0142a obrzydzenie do tego stopnia, [&hellip;]<\/p>\n","protected":false},"author":1,"featured_media":2956,"comment_status":"open","ping_status":"open","sticky":false,"template":"","format":"standard","meta":{"tdm_status":"","tdm_grid_status":"","footnotes":""},"categories":[10],"tags":[],"class_list":{"0":"post-2971","1":"post","2":"type-post","3":"status-publish","4":"format-standard","5":"has-post-thumbnail","7":"category-wydarzenia"},"yoast_head":"<!-- This site is optimized with the Yoast SEO plugin v22.2 - https:\/\/yoast.com\/wordpress\/plugins\/seo\/ -->\n<title>Ostatnie kwitni\u0119cie fontanny - \u017bycie Brzeska<\/title>\n<meta name=\"robots\" content=\"index, follow, max-snippet:-1, max-image-preview:large, max-video-preview:-1\" \/>\n<link rel=\"canonical\" href=\"https:\/\/zyciebrzeska.pl\/?p=2971\" \/>\n<meta property=\"og:locale\" content=\"pl_PL\" \/>\n<meta property=\"og:type\" content=\"article\" \/>\n<meta property=\"og:title\" content=\"Ostatnie kwitni\u0119cie fontanny - \u017bycie Brzeska\" \/>\n<meta property=\"og:description\" content=\"I znowu woda w jedynej w ca\u0142ej gminie Brzesko fontannie znajduj\u0105cej si\u0119 w reprezentacyjnym \u015bcis\u0142ym centrum Brzeska b\u0119d\u0105cego nie tylko siedzib\u0105 w\u0142adz gminy, ale r\u00f3wnie\u017c stolic\u0105 powiatu, zazieleni\u0142a si\u0119 od ogromnej ilo\u015bci glon\u00f3w. Woda sta\u0142a si\u0119 zielona, ale bynajmniej swoim zazielenieniem nie dostarczy\u0142a mieszka\u0144com wspania\u0142ych wra\u017ce\u0144 estetycznych, wr\u0119cz przeciwnie \u2013 wzbudzi\u0142a obrzydzenie do tego stopnia, [&hellip;]\" \/>\n<meta property=\"og:url\" content=\"https:\/\/zyciebrzeska.pl\/?p=2971\" \/>\n<meta property=\"og:site_name\" content=\"\u017bycie Brzeska\" \/>\n<meta property=\"article:publisher\" content=\"https:\/\/www.facebook.com\/brzeskoinfo\" \/>\n<meta property=\"article:published_time\" content=\"2019-05-02T19:45:09+00:00\" \/>\n<meta property=\"og:image\" content=\"https:\/\/zyciebrzeska.pl\/wp-content\/uploads\/2019\/05\/20190502_113849-scaled.jpg\" \/>\n\t<meta property=\"og:image:width\" content=\"2560\" \/>\n\t<meta property=\"og:image:height\" content=\"1440\" \/>\n\t<meta property=\"og:image:type\" content=\"image\/jpeg\" \/>\n<meta name=\"author\" content=\"Redaktor\" \/>\n<meta name=\"twitter:card\" content=\"summary_large_image\" \/>\n<meta name=\"twitter:label1\" content=\"Napisane przez\" \/>\n\t<meta name=\"twitter:data1\" content=\"Redaktor\" \/>\n\t<meta name=\"twitter:label2\" content=\"Szacowany czas czytania\" \/>\n\t<meta name=\"twitter:data2\" content=\"4 minuty\" \/>\n<script type=\"application\/ld+json\" class=\"yoast-schema-graph\">{\"@context\":\"https:\/\/schema.org\",\"@graph\":[{\"@type\":\"Article\",\"@id\":\"https:\/\/zyciebrzeska.pl\/?p=2971#article\",\"isPartOf\":{\"@id\":\"https:\/\/zyciebrzeska.pl\/?p=2971\"},\"author\":{\"name\":\"Redaktor\",\"@id\":\"https:\/\/zyciebrzeska.pl\/#\/schema\/person\/4da1e536b1da05972f13052ec6594aff\"},\"headline\":\"Ostatnie kwitni\u0119cie fontanny\",\"datePublished\":\"2019-05-02T19:45:09+00:00\",\"dateModified\":\"2019-05-02T19:45:09+00:00\",\"mainEntityOfPage\":{\"@id\":\"https:\/\/zyciebrzeska.pl\/?p=2971\"},\"wordCount\":709,\"commentCount\":0,\"publisher\":{\"@id\":\"https:\/\/zyciebrzeska.pl\/#organization\"},\"image\":{\"@id\":\"https:\/\/zyciebrzeska.pl\/?p=2971#primaryimage\"},\"thumbnailUrl\":\"https:\/\/zyciebrzeska.pl\/wp-content\/uploads\/2019\/05\/20190502_113849-scaled.jpg\",\"articleSection\":[\"Wydarzenia\"],\"inLanguage\":\"pl-PL\",\"potentialAction\":[{\"@type\":\"CommentAction\",\"name\":\"Comment\",\"target\":[\"https:\/\/zyciebrzeska.pl\/?p=2971#respond\"]}]},{\"@type\":\"WebPage\",\"@id\":\"https:\/\/zyciebrzeska.pl\/?p=2971\",\"url\":\"https:\/\/zyciebrzeska.pl\/?p=2971\",\"name\":\"Ostatnie kwitni\u0119cie fontanny - \u017bycie Brzeska\",\"isPartOf\":{\"@id\":\"https:\/\/zyciebrzeska.pl\/#website\"},\"primaryImageOfPage\":{\"@id\":\"https:\/\/zyciebrzeska.pl\/?p=2971#primaryimage\"},\"image\":{\"@id\":\"https:\/\/zyciebrzeska.pl\/?p=2971#primaryimage\"},\"thumbnailUrl\":\"https:\/\/zyciebrzeska.pl\/wp-content\/uploads\/2019\/05\/20190502_113849-scaled.jpg\",\"datePublished\":\"2019-05-02T19:45:09+00:00\",\"dateModified\":\"2019-05-02T19:45:09+00:00\",\"breadcrumb\":{\"@id\":\"https:\/\/zyciebrzeska.pl\/?p=2971#breadcrumb\"},\"inLanguage\":\"pl-PL\",\"potentialAction\":[{\"@type\":\"ReadAction\",\"target\":[\"https:\/\/zyciebrzeska.pl\/?p=2971\"]}]},{\"@type\":\"ImageObject\",\"inLanguage\":\"pl-PL\",\"@id\":\"https:\/\/zyciebrzeska.pl\/?p=2971#primaryimage\",\"url\":\"https:\/\/zyciebrzeska.pl\/wp-content\/uploads\/2019\/05\/20190502_113849-scaled.jpg\",\"contentUrl\":\"https:\/\/zyciebrzeska.pl\/wp-content\/uploads\/2019\/05\/20190502_113849-scaled.jpg\",\"width\":2560,\"height\":1440},{\"@type\":\"BreadcrumbList\",\"@id\":\"https:\/\/zyciebrzeska.pl\/?p=2971#breadcrumb\",\"itemListElement\":[{\"@type\":\"ListItem\",\"position\":1,\"name\":\"Home\",\"item\":\"https:\/\/zyciebrzeska.pl\/\"},{\"@type\":\"ListItem\",\"position\":2,\"name\":\"Ostatnie kwitni\u0119cie fontanny\"}]},{\"@type\":\"WebSite\",\"@id\":\"https:\/\/zyciebrzeska.pl\/#website\",\"url\":\"https:\/\/zyciebrzeska.pl\/\",\"name\":\"\u017bycie Brzeska\",\"description\":\"Portal Ludzi Aktywnych\",\"publisher\":{\"@id\":\"https:\/\/zyciebrzeska.pl\/#organization\"},\"potentialAction\":[{\"@type\":\"SearchAction\",\"target\":{\"@type\":\"EntryPoint\",\"urlTemplate\":\"https:\/\/zyciebrzeska.pl\/?s={search_term_string}\"},\"query-input\":\"required name=search_term_string\"}],\"inLanguage\":\"pl-PL\"},{\"@type\":\"Organization\",\"@id\":\"https:\/\/zyciebrzeska.pl\/#organization\",\"name\":\"\u017bycie Brzeska\",\"url\":\"https:\/\/zyciebrzeska.pl\/\",\"logo\":{\"@type\":\"ImageObject\",\"inLanguage\":\"pl-PL\",\"@id\":\"https:\/\/zyciebrzeska.pl\/#\/schema\/logo\/image\/\",\"url\":\"https:\/\/server818677.nazwa.pl\/wordpress\/wpn_pierwszainstalacja\/wp-content\/uploads\/2023\/06\/admin-ajax.php-2.png\",\"contentUrl\":\"https:\/\/server818677.nazwa.pl\/wordpress\/wpn_pierwszainstalacja\/wp-content\/uploads\/2023\/06\/admin-ajax.php-2.png\",\"width\":400,\"height\":133,\"caption\":\"\u017bycie Brzeska\"},\"image\":{\"@id\":\"https:\/\/zyciebrzeska.pl\/#\/schema\/logo\/image\/\"},\"sameAs\":[\"https:\/\/www.facebook.com\/brzeskoinfo\"]},{\"@type\":\"Person\",\"@id\":\"https:\/\/zyciebrzeska.pl\/#\/schema\/person\/4da1e536b1da05972f13052ec6594aff\",\"name\":\"Redaktor\",\"image\":{\"@type\":\"ImageObject\",\"inLanguage\":\"pl-PL\",\"@id\":\"https:\/\/zyciebrzeska.pl\/#\/schema\/person\/image\/\",\"url\":\"https:\/\/secure.gravatar.com\/avatar\/9564c163e08185c7e0f7d0141ae3914237cf629898e8534b3dd06bb95817ae0b?s=96&d=mm&r=g\",\"contentUrl\":\"https:\/\/secure.gravatar.com\/avatar\/9564c163e08185c7e0f7d0141ae3914237cf629898e8534b3dd06bb95817ae0b?s=96&d=mm&r=g\",\"caption\":\"Redaktor\"},\"sameAs\":[\"http:\/\/zyciebrzeska.pl\"],\"url\":\"https:\/\/zyciebrzeska.pl\/?author=1\"}]}<\/script>\n<!-- \/ Yoast SEO plugin. -->","yoast_head_json":{"title":"Ostatnie kwitni\u0119cie fontanny - \u017bycie Brzeska","robots":{"index":"index","follow":"follow","max-snippet":"max-snippet:-1","max-image-preview":"max-image-preview:large","max-video-preview":"max-video-preview:-1"},"canonical":"https:\/\/zyciebrzeska.pl\/?p=2971","og_locale":"pl_PL","og_type":"article","og_title":"Ostatnie kwitni\u0119cie fontanny - \u017bycie Brzeska","og_description":"I znowu woda w jedynej w ca\u0142ej gminie Brzesko fontannie znajduj\u0105cej si\u0119 w reprezentacyjnym \u015bcis\u0142ym centrum Brzeska b\u0119d\u0105cego nie tylko siedzib\u0105 w\u0142adz gminy, ale r\u00f3wnie\u017c stolic\u0105 powiatu, zazieleni\u0142a si\u0119 od ogromnej ilo\u015bci glon\u00f3w. Woda sta\u0142a si\u0119 zielona, ale bynajmniej swoim zazielenieniem nie dostarczy\u0142a mieszka\u0144com wspania\u0142ych wra\u017ce\u0144 estetycznych, wr\u0119cz przeciwnie \u2013 wzbudzi\u0142a obrzydzenie do tego stopnia, [&hellip;]","og_url":"https:\/\/zyciebrzeska.pl\/?p=2971","og_site_name":"\u017bycie Brzeska","article_publisher":"https:\/\/www.facebook.com\/brzeskoinfo","article_published_time":"2019-05-02T19:45:09+00:00","og_image":[{"width":2560,"height":1440,"url":"https:\/\/zyciebrzeska.pl\/wp-content\/uploads\/2019\/05\/20190502_113849-scaled.jpg","type":"image\/jpeg"}],"author":"Redaktor","twitter_card":"summary_large_image","twitter_misc":{"Napisane przez":"Redaktor","Szacowany czas czytania":"4 minuty"},"schema":{"@context":"https:\/\/schema.org","@graph":[{"@type":"Article","@id":"https:\/\/zyciebrzeska.pl\/?p=2971#article","isPartOf":{"@id":"https:\/\/zyciebrzeska.pl\/?p=2971"},"author":{"name":"Redaktor","@id":"https:\/\/zyciebrzeska.pl\/#\/schema\/person\/4da1e536b1da05972f13052ec6594aff"},"headline":"Ostatnie kwitni\u0119cie fontanny","datePublished":"2019-05-02T19:45:09+00:00","dateModified":"2019-05-02T19:45:09+00:00","mainEntityOfPage":{"@id":"https:\/\/zyciebrzeska.pl\/?p=2971"},"wordCount":709,"commentCount":0,"publisher":{"@id":"https:\/\/zyciebrzeska.pl\/#organization"},"image":{"@id":"https:\/\/zyciebrzeska.pl\/?p=2971#primaryimage"},"thumbnailUrl":"https:\/\/zyciebrzeska.pl\/wp-content\/uploads\/2019\/05\/20190502_113849-scaled.jpg","articleSection":["Wydarzenia"],"inLanguage":"pl-PL","potentialAction":[{"@type":"CommentAction","name":"Comment","target":["https:\/\/zyciebrzeska.pl\/?p=2971#respond"]}]},{"@type":"WebPage","@id":"https:\/\/zyciebrzeska.pl\/?p=2971","url":"https:\/\/zyciebrzeska.pl\/?p=2971","name":"Ostatnie kwitni\u0119cie fontanny - \u017bycie Brzeska","isPartOf":{"@id":"https:\/\/zyciebrzeska.pl\/#website"},"primaryImageOfPage":{"@id":"https:\/\/zyciebrzeska.pl\/?p=2971#primaryimage"},"image":{"@id":"https:\/\/zyciebrzeska.pl\/?p=2971#primaryimage"},"thumbnailUrl":"https:\/\/zyciebrzeska.pl\/wp-content\/uploads\/2019\/05\/20190502_113849-scaled.jpg","datePublished":"2019-05-02T19:45:09+00:00","dateModified":"2019-05-02T19:45:09+00:00","breadcrumb":{"@id":"https:\/\/zyciebrzeska.pl\/?p=2971#breadcrumb"},"inLanguage":"pl-PL","potentialAction":[{"@type":"ReadAction","target":["https:\/\/zyciebrzeska.pl\/?p=2971"]}]},{"@type":"ImageObject","inLanguage":"pl-PL","@id":"https:\/\/zyciebrzeska.pl\/?p=2971#primaryimage","url":"https:\/\/zyciebrzeska.pl\/wp-content\/uploads\/2019\/05\/20190502_113849-scaled.jpg","contentUrl":"https:\/\/zyciebrzeska.pl\/wp-content\/uploads\/2019\/05\/20190502_113849-scaled.jpg","width":2560,"height":1440},{"@type":"BreadcrumbList","@id":"https:\/\/zyciebrzeska.pl\/?p=2971#breadcrumb","itemListElement":[{"@type":"ListItem","position":1,"name":"Home","item":"https:\/\/zyciebrzeska.pl\/"},{"@type":"ListItem","position":2,"name":"Ostatnie kwitni\u0119cie fontanny"}]},{"@type":"WebSite","@id":"https:\/\/zyciebrzeska.pl\/#website","url":"https:\/\/zyciebrzeska.pl\/","name":"\u017bycie Brzeska","description":"Portal Ludzi Aktywnych","publisher":{"@id":"https:\/\/zyciebrzeska.pl\/#organization"},"potentialAction":[{"@type":"SearchAction","target":{"@type":"EntryPoint","urlTemplate":"https:\/\/zyciebrzeska.pl\/?s={search_term_string}"},"query-input":"required name=search_term_string"}],"inLanguage":"pl-PL"},{"@type":"Organization","@id":"https:\/\/zyciebrzeska.pl\/#organization","name":"\u017bycie Brzeska","url":"https:\/\/zyciebrzeska.pl\/","logo":{"@type":"ImageObject","inLanguage":"pl-PL","@id":"https:\/\/zyciebrzeska.pl\/#\/schema\/logo\/image\/","url":"https:\/\/server818677.nazwa.pl\/wordpress\/wpn_pierwszainstalacja\/wp-content\/uploads\/2023\/06\/admin-ajax.php-2.png","contentUrl":"https:\/\/server818677.nazwa.pl\/wordpress\/wpn_pierwszainstalacja\/wp-content\/uploads\/2023\/06\/admin-ajax.php-2.png","width":400,"height":133,"caption":"\u017bycie Brzeska"},"image":{"@id":"https:\/\/zyciebrzeska.pl\/#\/schema\/logo\/image\/"},"sameAs":["https:\/\/www.facebook.com\/brzeskoinfo"]},{"@type":"Person","@id":"https:\/\/zyciebrzeska.pl\/#\/schema\/person\/4da1e536b1da05972f13052ec6594aff","name":"Redaktor","image":{"@type":"ImageObject","inLanguage":"pl-PL","@id":"https:\/\/zyciebrzeska.pl\/#\/schema\/person\/image\/","url":"https:\/\/secure.gravatar.com\/avatar\/9564c163e08185c7e0f7d0141ae3914237cf629898e8534b3dd06bb95817ae0b?s=96&d=mm&r=g","contentUrl":"https:\/\/secure.gravatar.com\/avatar\/9564c163e08185c7e0f7d0141ae3914237cf629898e8534b3dd06bb95817ae0b?s=96&d=mm&r=g","caption":"Redaktor"},"sameAs":["http:\/\/zyciebrzeska.pl"],"url":"https:\/\/zyciebrzeska.pl\/?author=1"}]}},"_links":{"self":[{"href":"https:\/\/zyciebrzeska.pl\/index.php?rest_route=\/wp\/v2\/posts\/2971","targetHints":{"allow":["GET"]}}],"collection":[{"href":"https:\/\/zyciebrzeska.pl\/index.php?rest_route=\/wp\/v2\/posts"}],"about":[{"href":"https:\/\/zyciebrzeska.pl\/index.php?rest_route=\/wp\/v2\/types\/post"}],"author":[{"embeddable":true,"href":"https:\/\/zyciebrzeska.pl\/index.php?rest_route=\/wp\/v2\/users\/1"}],"replies":[{"embeddable":true,"href":"https:\/\/zyciebrzeska.pl\/index.php?rest_route=%2Fwp%2Fv2%2Fcomments&post=2971"}],"version-history":[{"count":0,"href":"https:\/\/zyciebrzeska.pl\/index.php?rest_route=\/wp\/v2\/posts\/2971\/revisions"}],"wp:featuredmedia":[{"embeddable":true,"href":"https:\/\/zyciebrzeska.pl\/index.php?rest_route=\/wp\/v2\/media\/2956"}],"wp:attachment":[{"href":"https:\/\/zyciebrzeska.pl\/index.php?rest_route=%2Fwp%2Fv2%2Fmedia&parent=2971"}],"wp:term":[{"taxonomy":"category","embeddable":true,"href":"https:\/\/zyciebrzeska.pl\/index.php?rest_route=%2Fwp%2Fv2%2Fcategories&post=2971"},{"taxonomy":"post_tag","embeddable":true,"href":"https:\/\/zyciebrzeska.pl\/index.php?rest_route=%2Fwp%2Fv2%2Ftags&post=2971"}],"curies":[{"name":"wp","href":"https:\/\/api.w.org\/{rel}","templated":true}]}}