{"id":2233,"date":"2019-02-27T07:36:30","date_gmt":"2019-02-27T07:36:30","guid":{"rendered":"https:\/\/zyciebrzeska.pl\/?p=2233"},"modified":"2019-02-27T07:36:30","modified_gmt":"2019-02-27T07:36:30","slug":"umowa-z-wykonawca-na-rewitalizacje-rynku-w-usciu-solnym-juz-podpisana","status":"publish","type":"post","link":"https:\/\/zyciebrzeska.pl\/?p=2233","title":{"rendered":"Umowa z wykonawc\u0105 na rewitalizacj\u0119 rynku w U\u015bciu Solnym- ju\u017c podpisana"},"content":{"rendered":"\n<p>Rozpocznie si\u0119 rewitalizacja rynku w U\u015bciu Solnym, kt\u00f3remu prawa miejskie w 1360 r. nada\u0142 Kr\u00f3l Kazimierz Wielki. 12 lutego 2019 roku W\u00f3jt Gminy Szczurowa Zbigniew Moskal w obecno\u015bci Przewodnicz\u0105cego Rady Gminy Szczurowa oraz So\u0142tysa wsi Barbary Sadkowskiej podpisa\u0142 z wy\u0142onion\u0105 w drodze przetargu&nbsp;Firm\u0105 Handlowo- Us\u0142ugow\u0105 \u201eEL- BUD\u201d Leszek W\u00f3jcik z Borz\u0119cina umow\u0119 na realizacj\u0119 przedmiotowego zadania.<\/p>\n\n\n\n<p>Zakres przewidzianych prac obejmuje mi\u0119dzy innymi: podniesienie zapadni\u0119tego terenu poprzez dow\u00f3z ziemi, usuni\u0119cie starych nieczynnych lamp o\u015bwietleniowych, nasadzenie drzew i krzew\u00f3w \u0142\u0105cznie blisko 1 000 szt. z wcze\u015bniejszym przygotowaniem pod\u0142o\u017ca, wykonanie nowych trawnik\u00f3w oraz monta\u017c monitoringu.<\/p>\n\n\n\n<p>Koszt tego zadania to 208 617,67 z\u0142, w tym warto\u015b\u0107 dofinansowania z Regionalnego Programu Operacyjnego Wojew\u00f3dztwa Ma\u0142opolskiego na lata 2014- 2020- to 75 procent ca\u0142ej kwoty.<\/p>\n\n\n\n<p>\u2014<\/p>\n\n\n\n<p>UG Szczurowa<\/p>\n","protected":false},"excerpt":{"rendered":"<p>Rozpocznie si\u0119 rewitalizacja rynku w U\u015bciu Solnym, kt\u00f3remu prawa miejskie w 1360 r. nada\u0142 Kr\u00f3l Kazimierz Wielki. 12 lutego 2019 roku W\u00f3jt Gminy Szczurowa Zbigniew Moskal w obecno\u015bci Przewodnicz\u0105cego Rady Gminy Szczurowa oraz So\u0142tysa wsi Barbary Sadkowskiej podpisa\u0142 z wy\u0142onion\u0105 w drodze przetargu&nbsp;Firm\u0105 Handlowo- Us\u0142ugow\u0105 \u201eEL- BUD\u201d Leszek W\u00f3jcik z Borz\u0119cina umow\u0119 na realizacj\u0119 przedmiotowego [&hellip;]<\/p>\n","protected":false},"author":1,"featured_media":2234,"comment_status":"open","ping_status":"open","sticky":false,"template":"","format":"standard","meta":{"tdm_status":"","tdm_grid_status":"","footnotes":""},"categories":[7],"tags":[],"class_list":{"0":"post-2233","1":"post","2":"type-post","3":"status-publish","4":"format-standard","5":"has-post-thumbnail","7":"category-samorzad"},"yoast_head":"<!-- This site is optimized with the Yoast SEO plugin v22.2 - https:\/\/yoast.com\/wordpress\/plugins\/seo\/ -->\n<title>Umowa z wykonawc\u0105 na rewitalizacj\u0119 rynku w U\u015bciu Solnym- ju\u017c podpisana - \u017bycie Brzeska<\/title>\n<meta name=\"robots\" content=\"index, follow, max-snippet:-1, max-image-preview:large, max-video-preview:-1\" \/>\n<link rel=\"canonical\" href=\"https:\/\/zyciebrzeska.pl\/?p=2233\" \/>\n<meta property=\"og:locale\" content=\"pl_PL\" \/>\n<meta property=\"og:type\" content=\"article\" \/>\n<meta property=\"og:title\" content=\"Umowa z wykonawc\u0105 na rewitalizacj\u0119 rynku w U\u015bciu Solnym- ju\u017c podpisana - \u017bycie Brzeska\" \/>\n<meta property=\"og:description\" content=\"Rozpocznie si\u0119 rewitalizacja rynku w U\u015bciu Solnym, kt\u00f3remu prawa miejskie w 1360 r. nada\u0142 Kr\u00f3l Kazimierz Wielki. 12 lutego 2019 roku W\u00f3jt Gminy Szczurowa Zbigniew Moskal w obecno\u015bci Przewodnicz\u0105cego Rady Gminy Szczurowa oraz So\u0142tysa wsi Barbary Sadkowskiej podpisa\u0142 z wy\u0142onion\u0105 w drodze przetargu&nbsp;Firm\u0105 Handlowo- Us\u0142ugow\u0105 \u201eEL- BUD\u201d Leszek W\u00f3jcik z Borz\u0119cina umow\u0119 na realizacj\u0119 przedmiotowego [&hellip;]\" \/>\n<meta property=\"og:url\" content=\"https:\/\/zyciebrzeska.pl\/?p=2233\" \/>\n<meta property=\"og:site_name\" content=\"\u017bycie Brzeska\" \/>\n<meta property=\"article:publisher\" content=\"https:\/\/www.facebook.com\/brzeskoinfo\" \/>\n<meta property=\"article:published_time\" content=\"2019-02-27T07:36:30+00:00\" \/>\n<meta property=\"og:image\" content=\"https:\/\/zyciebrzeska.pl\/wp-content\/uploads\/2019\/02\/Zrzut-ekranu-2019-02-27-o-08.35.52-1024x614.png\" \/>\n\t<meta property=\"og:image:width\" content=\"1024\" \/>\n\t<meta property=\"og:image:height\" content=\"614\" \/>\n\t<meta property=\"og:image:type\" content=\"image\/png\" \/>\n<meta name=\"author\" content=\"Redaktor\" \/>\n<meta name=\"twitter:card\" content=\"summary_large_image\" \/>\n<meta name=\"twitter:label1\" content=\"Napisane przez\" \/>\n\t<meta name=\"twitter:data1\" content=\"Redaktor\" \/>\n\t<meta name=\"twitter:label2\" content=\"Szacowany czas czytania\" \/>\n\t<meta name=\"twitter:data2\" content=\"1 minuta\" \/>\n<script type=\"application\/ld+json\" class=\"yoast-schema-graph\">{\"@context\":\"https:\/\/schema.org\",\"@graph\":[{\"@type\":\"Article\",\"@id\":\"https:\/\/zyciebrzeska.pl\/?p=2233#article\",\"isPartOf\":{\"@id\":\"https:\/\/zyciebrzeska.pl\/?p=2233\"},\"author\":{\"name\":\"Redaktor\",\"@id\":\"https:\/\/zyciebrzeska.pl\/#\/schema\/person\/4da1e536b1da05972f13052ec6594aff\"},\"headline\":\"Umowa z wykonawc\u0105 na rewitalizacj\u0119 rynku w U\u015bciu Solnym- ju\u017c podpisana\",\"datePublished\":\"2019-02-27T07:36:30+00:00\",\"dateModified\":\"2019-02-27T07:36:30+00:00\",\"mainEntityOfPage\":{\"@id\":\"https:\/\/zyciebrzeska.pl\/?p=2233\"},\"wordCount\":150,\"commentCount\":0,\"publisher\":{\"@id\":\"https:\/\/zyciebrzeska.pl\/#organization\"},\"image\":{\"@id\":\"https:\/\/zyciebrzeska.pl\/?p=2233#primaryimage\"},\"thumbnailUrl\":\"https:\/\/zyciebrzeska.pl\/wp-content\/uploads\/2019\/02\/Zrzut-ekranu-2019-02-27-o-08.35.52.png\",\"articleSection\":[\"Samorz\u0105d\"],\"inLanguage\":\"pl-PL\",\"potentialAction\":[{\"@type\":\"CommentAction\",\"name\":\"Comment\",\"target\":[\"https:\/\/zyciebrzeska.pl\/?p=2233#respond\"]}]},{\"@type\":\"WebPage\",\"@id\":\"https:\/\/zyciebrzeska.pl\/?p=2233\",\"url\":\"https:\/\/zyciebrzeska.pl\/?p=2233\",\"name\":\"Umowa z wykonawc\u0105 na rewitalizacj\u0119 rynku w U\u015bciu Solnym- ju\u017c podpisana - \u017bycie Brzeska\",\"isPartOf\":{\"@id\":\"https:\/\/zyciebrzeska.pl\/#website\"},\"primaryImageOfPage\":{\"@id\":\"https:\/\/zyciebrzeska.pl\/?p=2233#primaryimage\"},\"image\":{\"@id\":\"https:\/\/zyciebrzeska.pl\/?p=2233#primaryimage\"},\"thumbnailUrl\":\"https:\/\/zyciebrzeska.pl\/wp-content\/uploads\/2019\/02\/Zrzut-ekranu-2019-02-27-o-08.35.52.png\",\"datePublished\":\"2019-02-27T07:36:30+00:00\",\"dateModified\":\"2019-02-27T07:36:30+00:00\",\"breadcrumb\":{\"@id\":\"https:\/\/zyciebrzeska.pl\/?p=2233#breadcrumb\"},\"inLanguage\":\"pl-PL\",\"potentialAction\":[{\"@type\":\"ReadAction\",\"target\":[\"https:\/\/zyciebrzeska.pl\/?p=2233\"]}]},{\"@type\":\"ImageObject\",\"inLanguage\":\"pl-PL\",\"@id\":\"https:\/\/zyciebrzeska.pl\/?p=2233#primaryimage\",\"url\":\"https:\/\/zyciebrzeska.pl\/wp-content\/uploads\/2019\/02\/Zrzut-ekranu-2019-02-27-o-08.35.52.png\",\"contentUrl\":\"https:\/\/zyciebrzeska.pl\/wp-content\/uploads\/2019\/02\/Zrzut-ekranu-2019-02-27-o-08.35.52.png\",\"width\":1684,\"height\":1010},{\"@type\":\"BreadcrumbList\",\"@id\":\"https:\/\/zyciebrzeska.pl\/?p=2233#breadcrumb\",\"itemListElement\":[{\"@type\":\"ListItem\",\"position\":1,\"name\":\"Home\",\"item\":\"https:\/\/zyciebrzeska.pl\/\"},{\"@type\":\"ListItem\",\"position\":2,\"name\":\"Umowa z wykonawc\u0105 na rewitalizacj\u0119 rynku w U\u015bciu Solnym- ju\u017c podpisana\"}]},{\"@type\":\"WebSite\",\"@id\":\"https:\/\/zyciebrzeska.pl\/#website\",\"url\":\"https:\/\/zyciebrzeska.pl\/\",\"name\":\"\u017bycie Brzeska\",\"description\":\"Portal Ludzi Aktywnych\",\"publisher\":{\"@id\":\"https:\/\/zyciebrzeska.pl\/#organization\"},\"potentialAction\":[{\"@type\":\"SearchAction\",\"target\":{\"@type\":\"EntryPoint\",\"urlTemplate\":\"https:\/\/zyciebrzeska.pl\/?s={search_term_string}\"},\"query-input\":\"required name=search_term_string\"}],\"inLanguage\":\"pl-PL\"},{\"@type\":\"Organization\",\"@id\":\"https:\/\/zyciebrzeska.pl\/#organization\",\"name\":\"\u017bycie Brzeska\",\"url\":\"https:\/\/zyciebrzeska.pl\/\",\"logo\":{\"@type\":\"ImageObject\",\"inLanguage\":\"pl-PL\",\"@id\":\"https:\/\/zyciebrzeska.pl\/#\/schema\/logo\/image\/\",\"url\":\"https:\/\/server818677.nazwa.pl\/wordpress\/wpn_pierwszainstalacja\/wp-content\/uploads\/2023\/06\/admin-ajax.php-2.png\",\"contentUrl\":\"https:\/\/server818677.nazwa.pl\/wordpress\/wpn_pierwszainstalacja\/wp-content\/uploads\/2023\/06\/admin-ajax.php-2.png\",\"width\":400,\"height\":133,\"caption\":\"\u017bycie Brzeska\"},\"image\":{\"@id\":\"https:\/\/zyciebrzeska.pl\/#\/schema\/logo\/image\/\"},\"sameAs\":[\"https:\/\/www.facebook.com\/brzeskoinfo\"]},{\"@type\":\"Person\",\"@id\":\"https:\/\/zyciebrzeska.pl\/#\/schema\/person\/4da1e536b1da05972f13052ec6594aff\",\"name\":\"Redaktor\",\"image\":{\"@type\":\"ImageObject\",\"inLanguage\":\"pl-PL\",\"@id\":\"https:\/\/zyciebrzeska.pl\/#\/schema\/person\/image\/\",\"url\":\"https:\/\/secure.gravatar.com\/avatar\/9564c163e08185c7e0f7d0141ae3914237cf629898e8534b3dd06bb95817ae0b?s=96&d=mm&r=g\",\"contentUrl\":\"https:\/\/secure.gravatar.com\/avatar\/9564c163e08185c7e0f7d0141ae3914237cf629898e8534b3dd06bb95817ae0b?s=96&d=mm&r=g\",\"caption\":\"Redaktor\"},\"sameAs\":[\"http:\/\/zyciebrzeska.pl\"],\"url\":\"https:\/\/zyciebrzeska.pl\/?author=1\"}]}<\/script>\n<!-- \/ Yoast SEO plugin. -->","yoast_head_json":{"title":"Umowa z wykonawc\u0105 na rewitalizacj\u0119 rynku w U\u015bciu Solnym- ju\u017c podpisana - \u017bycie Brzeska","robots":{"index":"index","follow":"follow","max-snippet":"max-snippet:-1","max-image-preview":"max-image-preview:large","max-video-preview":"max-video-preview:-1"},"canonical":"https:\/\/zyciebrzeska.pl\/?p=2233","og_locale":"pl_PL","og_type":"article","og_title":"Umowa z wykonawc\u0105 na rewitalizacj\u0119 rynku w U\u015bciu Solnym- ju\u017c podpisana - \u017bycie Brzeska","og_description":"Rozpocznie si\u0119 rewitalizacja rynku w U\u015bciu Solnym, kt\u00f3remu prawa miejskie w 1360 r. nada\u0142 Kr\u00f3l Kazimierz Wielki. 12 lutego 2019 roku W\u00f3jt Gminy Szczurowa Zbigniew Moskal w obecno\u015bci Przewodnicz\u0105cego Rady Gminy Szczurowa oraz So\u0142tysa wsi Barbary Sadkowskiej podpisa\u0142 z wy\u0142onion\u0105 w drodze przetargu&nbsp;Firm\u0105 Handlowo- Us\u0142ugow\u0105 \u201eEL- BUD\u201d Leszek W\u00f3jcik z Borz\u0119cina umow\u0119 na realizacj\u0119 przedmiotowego [&hellip;]","og_url":"https:\/\/zyciebrzeska.pl\/?p=2233","og_site_name":"\u017bycie Brzeska","article_publisher":"https:\/\/www.facebook.com\/brzeskoinfo","article_published_time":"2019-02-27T07:36:30+00:00","og_image":[{"width":1024,"height":614,"url":"https:\/\/zyciebrzeska.pl\/wp-content\/uploads\/2019\/02\/Zrzut-ekranu-2019-02-27-o-08.35.52-1024x614.png","type":"image\/png"}],"author":"Redaktor","twitter_card":"summary_large_image","twitter_misc":{"Napisane przez":"Redaktor","Szacowany czas czytania":"1 minuta"},"schema":{"@context":"https:\/\/schema.org","@graph":[{"@type":"Article","@id":"https:\/\/zyciebrzeska.pl\/?p=2233#article","isPartOf":{"@id":"https:\/\/zyciebrzeska.pl\/?p=2233"},"author":{"name":"Redaktor","@id":"https:\/\/zyciebrzeska.pl\/#\/schema\/person\/4da1e536b1da05972f13052ec6594aff"},"headline":"Umowa z wykonawc\u0105 na rewitalizacj\u0119 rynku w U\u015bciu Solnym- ju\u017c podpisana","datePublished":"2019-02-27T07:36:30+00:00","dateModified":"2019-02-27T07:36:30+00:00","mainEntityOfPage":{"@id":"https:\/\/zyciebrzeska.pl\/?p=2233"},"wordCount":150,"commentCount":0,"publisher":{"@id":"https:\/\/zyciebrzeska.pl\/#organization"},"image":{"@id":"https:\/\/zyciebrzeska.pl\/?p=2233#primaryimage"},"thumbnailUrl":"https:\/\/zyciebrzeska.pl\/wp-content\/uploads\/2019\/02\/Zrzut-ekranu-2019-02-27-o-08.35.52.png","articleSection":["Samorz\u0105d"],"inLanguage":"pl-PL","potentialAction":[{"@type":"CommentAction","name":"Comment","target":["https:\/\/zyciebrzeska.pl\/?p=2233#respond"]}]},{"@type":"WebPage","@id":"https:\/\/zyciebrzeska.pl\/?p=2233","url":"https:\/\/zyciebrzeska.pl\/?p=2233","name":"Umowa z wykonawc\u0105 na rewitalizacj\u0119 rynku w U\u015bciu Solnym- ju\u017c podpisana - \u017bycie Brzeska","isPartOf":{"@id":"https:\/\/zyciebrzeska.pl\/#website"},"primaryImageOfPage":{"@id":"https:\/\/zyciebrzeska.pl\/?p=2233#primaryimage"},"image":{"@id":"https:\/\/zyciebrzeska.pl\/?p=2233#primaryimage"},"thumbnailUrl":"https:\/\/zyciebrzeska.pl\/wp-content\/uploads\/2019\/02\/Zrzut-ekranu-2019-02-27-o-08.35.52.png","datePublished":"2019-02-27T07:36:30+00:00","dateModified":"2019-02-27T07:36:30+00:00","breadcrumb":{"@id":"https:\/\/zyciebrzeska.pl\/?p=2233#breadcrumb"},"inLanguage":"pl-PL","potentialAction":[{"@type":"ReadAction","target":["https:\/\/zyciebrzeska.pl\/?p=2233"]}]},{"@type":"ImageObject","inLanguage":"pl-PL","@id":"https:\/\/zyciebrzeska.pl\/?p=2233#primaryimage","url":"https:\/\/zyciebrzeska.pl\/wp-content\/uploads\/2019\/02\/Zrzut-ekranu-2019-02-27-o-08.35.52.png","contentUrl":"https:\/\/zyciebrzeska.pl\/wp-content\/uploads\/2019\/02\/Zrzut-ekranu-2019-02-27-o-08.35.52.png","width":1684,"height":1010},{"@type":"BreadcrumbList","@id":"https:\/\/zyciebrzeska.pl\/?p=2233#breadcrumb","itemListElement":[{"@type":"ListItem","position":1,"name":"Home","item":"https:\/\/zyciebrzeska.pl\/"},{"@type":"ListItem","position":2,"name":"Umowa z wykonawc\u0105 na rewitalizacj\u0119 rynku w U\u015bciu Solnym- ju\u017c podpisana"}]},{"@type":"WebSite","@id":"https:\/\/zyciebrzeska.pl\/#website","url":"https:\/\/zyciebrzeska.pl\/","name":"\u017bycie Brzeska","description":"Portal Ludzi Aktywnych","publisher":{"@id":"https:\/\/zyciebrzeska.pl\/#organization"},"potentialAction":[{"@type":"SearchAction","target":{"@type":"EntryPoint","urlTemplate":"https:\/\/zyciebrzeska.pl\/?s={search_term_string}"},"query-input":"required name=search_term_string"}],"inLanguage":"pl-PL"},{"@type":"Organization","@id":"https:\/\/zyciebrzeska.pl\/#organization","name":"\u017bycie Brzeska","url":"https:\/\/zyciebrzeska.pl\/","logo":{"@type":"ImageObject","inLanguage":"pl-PL","@id":"https:\/\/zyciebrzeska.pl\/#\/schema\/logo\/image\/","url":"https:\/\/server818677.nazwa.pl\/wordpress\/wpn_pierwszainstalacja\/wp-content\/uploads\/2023\/06\/admin-ajax.php-2.png","contentUrl":"https:\/\/server818677.nazwa.pl\/wordpress\/wpn_pierwszainstalacja\/wp-content\/uploads\/2023\/06\/admin-ajax.php-2.png","width":400,"height":133,"caption":"\u017bycie Brzeska"},"image":{"@id":"https:\/\/zyciebrzeska.pl\/#\/schema\/logo\/image\/"},"sameAs":["https:\/\/www.facebook.com\/brzeskoinfo"]},{"@type":"Person","@id":"https:\/\/zyciebrzeska.pl\/#\/schema\/person\/4da1e536b1da05972f13052ec6594aff","name":"Redaktor","image":{"@type":"ImageObject","inLanguage":"pl-PL","@id":"https:\/\/zyciebrzeska.pl\/#\/schema\/person\/image\/","url":"https:\/\/secure.gravatar.com\/avatar\/9564c163e08185c7e0f7d0141ae3914237cf629898e8534b3dd06bb95817ae0b?s=96&d=mm&r=g","contentUrl":"https:\/\/secure.gravatar.com\/avatar\/9564c163e08185c7e0f7d0141ae3914237cf629898e8534b3dd06bb95817ae0b?s=96&d=mm&r=g","caption":"Redaktor"},"sameAs":["http:\/\/zyciebrzeska.pl"],"url":"https:\/\/zyciebrzeska.pl\/?author=1"}]}},"_links":{"self":[{"href":"https:\/\/zyciebrzeska.pl\/index.php?rest_route=\/wp\/v2\/posts\/2233","targetHints":{"allow":["GET"]}}],"collection":[{"href":"https:\/\/zyciebrzeska.pl\/index.php?rest_route=\/wp\/v2\/posts"}],"about":[{"href":"https:\/\/zyciebrzeska.pl\/index.php?rest_route=\/wp\/v2\/types\/post"}],"author":[{"embeddable":true,"href":"https:\/\/zyciebrzeska.pl\/index.php?rest_route=\/wp\/v2\/users\/1"}],"replies":[{"embeddable":true,"href":"https:\/\/zyciebrzeska.pl\/index.php?rest_route=%2Fwp%2Fv2%2Fcomments&post=2233"}],"version-history":[{"count":0,"href":"https:\/\/zyciebrzeska.pl\/index.php?rest_route=\/wp\/v2\/posts\/2233\/revisions"}],"wp:featuredmedia":[{"embeddable":true,"href":"https:\/\/zyciebrzeska.pl\/index.php?rest_route=\/wp\/v2\/media\/2234"}],"wp:attachment":[{"href":"https:\/\/zyciebrzeska.pl\/index.php?rest_route=%2Fwp%2Fv2%2Fmedia&parent=2233"}],"wp:term":[{"taxonomy":"category","embeddable":true,"href":"https:\/\/zyciebrzeska.pl\/index.php?rest_route=%2Fwp%2Fv2%2Fcategories&post=2233"},{"taxonomy":"post_tag","embeddable":true,"href":"https:\/\/zyciebrzeska.pl\/index.php?rest_route=%2Fwp%2Fv2%2Ftags&post=2233"}],"curies":[{"name":"wp","href":"https:\/\/api.w.org\/{rel}","templated":true}]}}