{"id":2132,"date":"2019-02-11T10:22:56","date_gmt":"2019-02-11T10:22:56","guid":{"rendered":"https:\/\/zyciebrzeska.pl\/?p=2132"},"modified":"2019-02-11T10:22:56","modified_gmt":"2019-02-11T10:22:56","slug":"dzis-w-nocy-zmarl-lukasz-papiez","status":"publish","type":"post","link":"https:\/\/zyciebrzeska.pl\/?p=2132","title":{"rendered":"Dzi\u015b w nocy zmar\u0142 \u0141ukasz Papie\u017c"},"content":{"rendered":"\n<p>Kilka dni temu pisali\u015bmy z  pro\u015bb\u0105 o pomoc, \u0141ukasz Papie\u017c kt\u00f3ry walczy\u0142 z nowotworem od prawie 3 lat znalaz\u0142 w Niemczech klinik\u0119 kt\u00f3ra podj\u0119\u0142aby si\u0119 pr\u00f3by jego wyleczenia. Potrzebne by\u0142y pieni\u0105dze gdy\u017c leczenie tak rzadkiego guza nie jest tanie.<\/p>\n\n\n\n<p>Bliscy \u0141ukasza robili wszystko aby zdoby\u0107 dla niego pieni\u0105dze, widzieli, \u017ce nier\u00f3wna walka kt\u00f3r\u0105 toczy\u0142 zaczyna go przerasta\u0107.<\/p>\n\n\n\n<p>Jak poda\u0142a we wpisie na Facebook Natalia Papie\u017c, szwagierka i organizatorka zbi\u00f3rki, dzi\u015b w nocy \u0141ukasz Papie\u017c przegra\u0142 walk\u0119 z nowotworem. <\/p>\n\n\n\n<p>Niech spoczywa w pokoju.<\/p>\n","protected":false},"excerpt":{"rendered":"<p>Kilka dni temu pisali\u015bmy z pro\u015bb\u0105 o pomoc, \u0141ukasz Papie\u017c kt\u00f3ry walczy\u0142 z nowotworem od prawie 3 lat znalaz\u0142 w Niemczech klinik\u0119 kt\u00f3ra podj\u0119\u0142aby si\u0119 pr\u00f3by jego wyleczenia. Potrzebne by\u0142y pieni\u0105dze gdy\u017c leczenie tak rzadkiego guza nie jest tanie. Bliscy \u0141ukasza robili wszystko aby zdoby\u0107 dla niego pieni\u0105dze, widzieli, \u017ce nier\u00f3wna walka kt\u00f3r\u0105 toczy\u0142 zaczyna [&hellip;]<\/p>\n","protected":false},"author":1,"featured_media":2133,"comment_status":"open","ping_status":"open","sticky":false,"template":"","format":"standard","meta":{"tdm_status":"","tdm_grid_status":"","footnotes":""},"categories":[10],"tags":[],"class_list":{"0":"post-2132","1":"post","2":"type-post","3":"status-publish","4":"format-standard","5":"has-post-thumbnail","7":"category-wydarzenia"},"yoast_head":"<!-- This site is optimized with the Yoast SEO plugin v22.2 - https:\/\/yoast.com\/wordpress\/plugins\/seo\/ -->\n<title>Dzi\u015b w nocy zmar\u0142 \u0141ukasz Papie\u017c - \u017bycie Brzeska<\/title>\n<meta name=\"robots\" content=\"index, follow, max-snippet:-1, max-image-preview:large, max-video-preview:-1\" \/>\n<link rel=\"canonical\" href=\"https:\/\/zyciebrzeska.pl\/?p=2132\" \/>\n<meta property=\"og:locale\" content=\"pl_PL\" \/>\n<meta property=\"og:type\" content=\"article\" \/>\n<meta property=\"og:title\" content=\"Dzi\u015b w nocy zmar\u0142 \u0141ukasz Papie\u017c - \u017bycie Brzeska\" \/>\n<meta property=\"og:description\" content=\"Kilka dni temu pisali\u015bmy z pro\u015bb\u0105 o pomoc, \u0141ukasz Papie\u017c kt\u00f3ry walczy\u0142 z nowotworem od prawie 3 lat znalaz\u0142 w Niemczech klinik\u0119 kt\u00f3ra podj\u0119\u0142aby si\u0119 pr\u00f3by jego wyleczenia. Potrzebne by\u0142y pieni\u0105dze gdy\u017c leczenie tak rzadkiego guza nie jest tanie. Bliscy \u0141ukasza robili wszystko aby zdoby\u0107 dla niego pieni\u0105dze, widzieli, \u017ce nier\u00f3wna walka kt\u00f3r\u0105 toczy\u0142 zaczyna [&hellip;]\" \/>\n<meta property=\"og:url\" content=\"https:\/\/zyciebrzeska.pl\/?p=2132\" \/>\n<meta property=\"og:site_name\" content=\"\u017bycie Brzeska\" \/>\n<meta property=\"article:publisher\" content=\"https:\/\/www.facebook.com\/brzeskoinfo\" \/>\n<meta property=\"article:published_time\" content=\"2019-02-11T10:22:56+00:00\" \/>\n<meta property=\"og:image\" content=\"https:\/\/zyciebrzeska.pl\/wp-content\/uploads\/2019\/02\/51651983_2775048279385936_954817229000540160_o.jpg\" \/>\n\t<meta property=\"og:image:width\" content=\"864\" \/>\n\t<meta property=\"og:image:height\" content=\"1560\" \/>\n\t<meta property=\"og:image:type\" content=\"image\/jpeg\" \/>\n<meta name=\"author\" content=\"Redaktor\" \/>\n<meta name=\"twitter:card\" content=\"summary_large_image\" \/>\n<meta name=\"twitter:label1\" content=\"Napisane przez\" \/>\n\t<meta name=\"twitter:data1\" content=\"Redaktor\" \/>\n<script type=\"application\/ld+json\" class=\"yoast-schema-graph\">{\"@context\":\"https:\/\/schema.org\",\"@graph\":[{\"@type\":\"Article\",\"@id\":\"https:\/\/zyciebrzeska.pl\/?p=2132#article\",\"isPartOf\":{\"@id\":\"https:\/\/zyciebrzeska.pl\/?p=2132\"},\"author\":{\"name\":\"Redaktor\",\"@id\":\"https:\/\/zyciebrzeska.pl\/#\/schema\/person\/4da1e536b1da05972f13052ec6594aff\"},\"headline\":\"Dzi\u015b w nocy zmar\u0142 \u0141ukasz Papie\u017c\",\"datePublished\":\"2019-02-11T10:22:56+00:00\",\"dateModified\":\"2019-02-11T10:22:56+00:00\",\"mainEntityOfPage\":{\"@id\":\"https:\/\/zyciebrzeska.pl\/?p=2132\"},\"wordCount\":100,\"commentCount\":0,\"publisher\":{\"@id\":\"https:\/\/zyciebrzeska.pl\/#organization\"},\"image\":{\"@id\":\"https:\/\/zyciebrzeska.pl\/?p=2132#primaryimage\"},\"thumbnailUrl\":\"https:\/\/zyciebrzeska.pl\/wp-content\/uploads\/2019\/02\/51651983_2775048279385936_954817229000540160_o.jpg\",\"articleSection\":[\"Wydarzenia\"],\"inLanguage\":\"pl-PL\",\"potentialAction\":[{\"@type\":\"CommentAction\",\"name\":\"Comment\",\"target\":[\"https:\/\/zyciebrzeska.pl\/?p=2132#respond\"]}]},{\"@type\":\"WebPage\",\"@id\":\"https:\/\/zyciebrzeska.pl\/?p=2132\",\"url\":\"https:\/\/zyciebrzeska.pl\/?p=2132\",\"name\":\"Dzi\u015b w nocy zmar\u0142 \u0141ukasz Papie\u017c - \u017bycie Brzeska\",\"isPartOf\":{\"@id\":\"https:\/\/zyciebrzeska.pl\/#website\"},\"primaryImageOfPage\":{\"@id\":\"https:\/\/zyciebrzeska.pl\/?p=2132#primaryimage\"},\"image\":{\"@id\":\"https:\/\/zyciebrzeska.pl\/?p=2132#primaryimage\"},\"thumbnailUrl\":\"https:\/\/zyciebrzeska.pl\/wp-content\/uploads\/2019\/02\/51651983_2775048279385936_954817229000540160_o.jpg\",\"datePublished\":\"2019-02-11T10:22:56+00:00\",\"dateModified\":\"2019-02-11T10:22:56+00:00\",\"breadcrumb\":{\"@id\":\"https:\/\/zyciebrzeska.pl\/?p=2132#breadcrumb\"},\"inLanguage\":\"pl-PL\",\"potentialAction\":[{\"@type\":\"ReadAction\",\"target\":[\"https:\/\/zyciebrzeska.pl\/?p=2132\"]}]},{\"@type\":\"ImageObject\",\"inLanguage\":\"pl-PL\",\"@id\":\"https:\/\/zyciebrzeska.pl\/?p=2132#primaryimage\",\"url\":\"https:\/\/zyciebrzeska.pl\/wp-content\/uploads\/2019\/02\/51651983_2775048279385936_954817229000540160_o.jpg\",\"contentUrl\":\"https:\/\/zyciebrzeska.pl\/wp-content\/uploads\/2019\/02\/51651983_2775048279385936_954817229000540160_o.jpg\",\"width\":864,\"height\":1560},{\"@type\":\"BreadcrumbList\",\"@id\":\"https:\/\/zyciebrzeska.pl\/?p=2132#breadcrumb\",\"itemListElement\":[{\"@type\":\"ListItem\",\"position\":1,\"name\":\"Home\",\"item\":\"https:\/\/zyciebrzeska.pl\/\"},{\"@type\":\"ListItem\",\"position\":2,\"name\":\"Dzi\u015b w nocy zmar\u0142 \u0141ukasz Papie\u017c\"}]},{\"@type\":\"WebSite\",\"@id\":\"https:\/\/zyciebrzeska.pl\/#website\",\"url\":\"https:\/\/zyciebrzeska.pl\/\",\"name\":\"\u017bycie Brzeska\",\"description\":\"Portal Ludzi Aktywnych\",\"publisher\":{\"@id\":\"https:\/\/zyciebrzeska.pl\/#organization\"},\"potentialAction\":[{\"@type\":\"SearchAction\",\"target\":{\"@type\":\"EntryPoint\",\"urlTemplate\":\"https:\/\/zyciebrzeska.pl\/?s={search_term_string}\"},\"query-input\":\"required name=search_term_string\"}],\"inLanguage\":\"pl-PL\"},{\"@type\":\"Organization\",\"@id\":\"https:\/\/zyciebrzeska.pl\/#organization\",\"name\":\"\u017bycie Brzeska\",\"url\":\"https:\/\/zyciebrzeska.pl\/\",\"logo\":{\"@type\":\"ImageObject\",\"inLanguage\":\"pl-PL\",\"@id\":\"https:\/\/zyciebrzeska.pl\/#\/schema\/logo\/image\/\",\"url\":\"https:\/\/server818677.nazwa.pl\/wordpress\/wpn_pierwszainstalacja\/wp-content\/uploads\/2023\/06\/admin-ajax.php-2.png\",\"contentUrl\":\"https:\/\/server818677.nazwa.pl\/wordpress\/wpn_pierwszainstalacja\/wp-content\/uploads\/2023\/06\/admin-ajax.php-2.png\",\"width\":400,\"height\":133,\"caption\":\"\u017bycie Brzeska\"},\"image\":{\"@id\":\"https:\/\/zyciebrzeska.pl\/#\/schema\/logo\/image\/\"},\"sameAs\":[\"https:\/\/www.facebook.com\/brzeskoinfo\"]},{\"@type\":\"Person\",\"@id\":\"https:\/\/zyciebrzeska.pl\/#\/schema\/person\/4da1e536b1da05972f13052ec6594aff\",\"name\":\"Redaktor\",\"image\":{\"@type\":\"ImageObject\",\"inLanguage\":\"pl-PL\",\"@id\":\"https:\/\/zyciebrzeska.pl\/#\/schema\/person\/image\/\",\"url\":\"https:\/\/secure.gravatar.com\/avatar\/9564c163e08185c7e0f7d0141ae3914237cf629898e8534b3dd06bb95817ae0b?s=96&d=mm&r=g\",\"contentUrl\":\"https:\/\/secure.gravatar.com\/avatar\/9564c163e08185c7e0f7d0141ae3914237cf629898e8534b3dd06bb95817ae0b?s=96&d=mm&r=g\",\"caption\":\"Redaktor\"},\"sameAs\":[\"http:\/\/zyciebrzeska.pl\"],\"url\":\"https:\/\/zyciebrzeska.pl\/?author=1\"}]}<\/script>\n<!-- \/ Yoast SEO plugin. -->","yoast_head_json":{"title":"Dzi\u015b w nocy zmar\u0142 \u0141ukasz Papie\u017c - \u017bycie Brzeska","robots":{"index":"index","follow":"follow","max-snippet":"max-snippet:-1","max-image-preview":"max-image-preview:large","max-video-preview":"max-video-preview:-1"},"canonical":"https:\/\/zyciebrzeska.pl\/?p=2132","og_locale":"pl_PL","og_type":"article","og_title":"Dzi\u015b w nocy zmar\u0142 \u0141ukasz Papie\u017c - \u017bycie Brzeska","og_description":"Kilka dni temu pisali\u015bmy z pro\u015bb\u0105 o pomoc, \u0141ukasz Papie\u017c kt\u00f3ry walczy\u0142 z nowotworem od prawie 3 lat znalaz\u0142 w Niemczech klinik\u0119 kt\u00f3ra podj\u0119\u0142aby si\u0119 pr\u00f3by jego wyleczenia. Potrzebne by\u0142y pieni\u0105dze gdy\u017c leczenie tak rzadkiego guza nie jest tanie. Bliscy \u0141ukasza robili wszystko aby zdoby\u0107 dla niego pieni\u0105dze, widzieli, \u017ce nier\u00f3wna walka kt\u00f3r\u0105 toczy\u0142 zaczyna [&hellip;]","og_url":"https:\/\/zyciebrzeska.pl\/?p=2132","og_site_name":"\u017bycie Brzeska","article_publisher":"https:\/\/www.facebook.com\/brzeskoinfo","article_published_time":"2019-02-11T10:22:56+00:00","og_image":[{"width":864,"height":1560,"url":"https:\/\/zyciebrzeska.pl\/wp-content\/uploads\/2019\/02\/51651983_2775048279385936_954817229000540160_o.jpg","type":"image\/jpeg"}],"author":"Redaktor","twitter_card":"summary_large_image","twitter_misc":{"Napisane przez":"Redaktor"},"schema":{"@context":"https:\/\/schema.org","@graph":[{"@type":"Article","@id":"https:\/\/zyciebrzeska.pl\/?p=2132#article","isPartOf":{"@id":"https:\/\/zyciebrzeska.pl\/?p=2132"},"author":{"name":"Redaktor","@id":"https:\/\/zyciebrzeska.pl\/#\/schema\/person\/4da1e536b1da05972f13052ec6594aff"},"headline":"Dzi\u015b w nocy zmar\u0142 \u0141ukasz Papie\u017c","datePublished":"2019-02-11T10:22:56+00:00","dateModified":"2019-02-11T10:22:56+00:00","mainEntityOfPage":{"@id":"https:\/\/zyciebrzeska.pl\/?p=2132"},"wordCount":100,"commentCount":0,"publisher":{"@id":"https:\/\/zyciebrzeska.pl\/#organization"},"image":{"@id":"https:\/\/zyciebrzeska.pl\/?p=2132#primaryimage"},"thumbnailUrl":"https:\/\/zyciebrzeska.pl\/wp-content\/uploads\/2019\/02\/51651983_2775048279385936_954817229000540160_o.jpg","articleSection":["Wydarzenia"],"inLanguage":"pl-PL","potentialAction":[{"@type":"CommentAction","name":"Comment","target":["https:\/\/zyciebrzeska.pl\/?p=2132#respond"]}]},{"@type":"WebPage","@id":"https:\/\/zyciebrzeska.pl\/?p=2132","url":"https:\/\/zyciebrzeska.pl\/?p=2132","name":"Dzi\u015b w nocy zmar\u0142 \u0141ukasz Papie\u017c - \u017bycie Brzeska","isPartOf":{"@id":"https:\/\/zyciebrzeska.pl\/#website"},"primaryImageOfPage":{"@id":"https:\/\/zyciebrzeska.pl\/?p=2132#primaryimage"},"image":{"@id":"https:\/\/zyciebrzeska.pl\/?p=2132#primaryimage"},"thumbnailUrl":"https:\/\/zyciebrzeska.pl\/wp-content\/uploads\/2019\/02\/51651983_2775048279385936_954817229000540160_o.jpg","datePublished":"2019-02-11T10:22:56+00:00","dateModified":"2019-02-11T10:22:56+00:00","breadcrumb":{"@id":"https:\/\/zyciebrzeska.pl\/?p=2132#breadcrumb"},"inLanguage":"pl-PL","potentialAction":[{"@type":"ReadAction","target":["https:\/\/zyciebrzeska.pl\/?p=2132"]}]},{"@type":"ImageObject","inLanguage":"pl-PL","@id":"https:\/\/zyciebrzeska.pl\/?p=2132#primaryimage","url":"https:\/\/zyciebrzeska.pl\/wp-content\/uploads\/2019\/02\/51651983_2775048279385936_954817229000540160_o.jpg","contentUrl":"https:\/\/zyciebrzeska.pl\/wp-content\/uploads\/2019\/02\/51651983_2775048279385936_954817229000540160_o.jpg","width":864,"height":1560},{"@type":"BreadcrumbList","@id":"https:\/\/zyciebrzeska.pl\/?p=2132#breadcrumb","itemListElement":[{"@type":"ListItem","position":1,"name":"Home","item":"https:\/\/zyciebrzeska.pl\/"},{"@type":"ListItem","position":2,"name":"Dzi\u015b w nocy zmar\u0142 \u0141ukasz Papie\u017c"}]},{"@type":"WebSite","@id":"https:\/\/zyciebrzeska.pl\/#website","url":"https:\/\/zyciebrzeska.pl\/","name":"\u017bycie Brzeska","description":"Portal Ludzi Aktywnych","publisher":{"@id":"https:\/\/zyciebrzeska.pl\/#organization"},"potentialAction":[{"@type":"SearchAction","target":{"@type":"EntryPoint","urlTemplate":"https:\/\/zyciebrzeska.pl\/?s={search_term_string}"},"query-input":"required name=search_term_string"}],"inLanguage":"pl-PL"},{"@type":"Organization","@id":"https:\/\/zyciebrzeska.pl\/#organization","name":"\u017bycie Brzeska","url":"https:\/\/zyciebrzeska.pl\/","logo":{"@type":"ImageObject","inLanguage":"pl-PL","@id":"https:\/\/zyciebrzeska.pl\/#\/schema\/logo\/image\/","url":"https:\/\/server818677.nazwa.pl\/wordpress\/wpn_pierwszainstalacja\/wp-content\/uploads\/2023\/06\/admin-ajax.php-2.png","contentUrl":"https:\/\/server818677.nazwa.pl\/wordpress\/wpn_pierwszainstalacja\/wp-content\/uploads\/2023\/06\/admin-ajax.php-2.png","width":400,"height":133,"caption":"\u017bycie Brzeska"},"image":{"@id":"https:\/\/zyciebrzeska.pl\/#\/schema\/logo\/image\/"},"sameAs":["https:\/\/www.facebook.com\/brzeskoinfo"]},{"@type":"Person","@id":"https:\/\/zyciebrzeska.pl\/#\/schema\/person\/4da1e536b1da05972f13052ec6594aff","name":"Redaktor","image":{"@type":"ImageObject","inLanguage":"pl-PL","@id":"https:\/\/zyciebrzeska.pl\/#\/schema\/person\/image\/","url":"https:\/\/secure.gravatar.com\/avatar\/9564c163e08185c7e0f7d0141ae3914237cf629898e8534b3dd06bb95817ae0b?s=96&d=mm&r=g","contentUrl":"https:\/\/secure.gravatar.com\/avatar\/9564c163e08185c7e0f7d0141ae3914237cf629898e8534b3dd06bb95817ae0b?s=96&d=mm&r=g","caption":"Redaktor"},"sameAs":["http:\/\/zyciebrzeska.pl"],"url":"https:\/\/zyciebrzeska.pl\/?author=1"}]}},"_links":{"self":[{"href":"https:\/\/zyciebrzeska.pl\/index.php?rest_route=\/wp\/v2\/posts\/2132","targetHints":{"allow":["GET"]}}],"collection":[{"href":"https:\/\/zyciebrzeska.pl\/index.php?rest_route=\/wp\/v2\/posts"}],"about":[{"href":"https:\/\/zyciebrzeska.pl\/index.php?rest_route=\/wp\/v2\/types\/post"}],"author":[{"embeddable":true,"href":"https:\/\/zyciebrzeska.pl\/index.php?rest_route=\/wp\/v2\/users\/1"}],"replies":[{"embeddable":true,"href":"https:\/\/zyciebrzeska.pl\/index.php?rest_route=%2Fwp%2Fv2%2Fcomments&post=2132"}],"version-history":[{"count":0,"href":"https:\/\/zyciebrzeska.pl\/index.php?rest_route=\/wp\/v2\/posts\/2132\/revisions"}],"wp:featuredmedia":[{"embeddable":true,"href":"https:\/\/zyciebrzeska.pl\/index.php?rest_route=\/wp\/v2\/media\/2133"}],"wp:attachment":[{"href":"https:\/\/zyciebrzeska.pl\/index.php?rest_route=%2Fwp%2Fv2%2Fmedia&parent=2132"}],"wp:term":[{"taxonomy":"category","embeddable":true,"href":"https:\/\/zyciebrzeska.pl\/index.php?rest_route=%2Fwp%2Fv2%2Fcategories&post=2132"},{"taxonomy":"post_tag","embeddable":true,"href":"https:\/\/zyciebrzeska.pl\/index.php?rest_route=%2Fwp%2Fv2%2Ftags&post=2132"}],"curies":[{"name":"wp","href":"https:\/\/api.w.org\/{rel}","templated":true}]}}