{"id":1327,"date":"2018-11-09T10:37:51","date_gmt":"2018-11-09T10:37:51","guid":{"rendered":"https:\/\/zyciebrzeska.pl\/?p=1327"},"modified":"2018-11-09T10:37:51","modified_gmt":"2018-11-09T10:37:51","slug":"jedzie-jedzie-straz-ogniowa-ale-nie-w-czchowie","status":"publish","type":"post","link":"https:\/\/zyciebrzeska.pl\/?p=1327","title":{"rendered":"Jedzie, Jedzie Stra\u017c Ogniowa\u2026 Ale Nie W Czchowie\u2026"},"content":{"rendered":"<p>Ale nie w Czchowie i nie ga\u015bniczym Starem 244. W\u0142a\u015bnie zako\u0144czy\u0142 on ju\u017c sw\u00f3j s\u0142u\u017cbowy \u017cywot, a ch\u0142opaki z czchowskiej OSP wymontowali z niego ca\u0142e bojowe wyposa\u017cenie, z nadziej\u0105, \u017ce przyda si\u0119 dla jego nast\u0119pcy.<!--more--><\/p>\n<p>STAR mia\u0142 ju\u017c 34 (!) lata i mimo, i\u017c prawie s\u0142ycha\u0107 by\u0142o jak z\u017cera\u0142a go rdza, to do teraz s\u0142u\u017cy\u0142 druhom w akcjach ratowniczych. Ostatnim i mocnym akcentem jego s\u0142u\u017cby by\u0142 udzia\u0142 w \u0107wiczeniach stra\u017cackich w Brzesku, po kt\u00f3rych zdo\u0142a\u0142 jeszcze dojecha\u0107 \u00a0pod drzwi gara\u017cowe czchowskiej stra\u017cnicy, gdzie \u2013 dos\u0142ownie \u2013 rozlecia\u0142 mu si\u0119 tylny most. Bior\u0105c pod uwag\u0119 ca\u0142o\u015bciowy jego stan techniczny (przerdzewia\u0142a karoseria, dziurawy zbiornik na wod\u0119, silnik wymagaj\u0105cy kapitalnego remontu oraz rozsypany tylny most), tutejszy Urz\u0105d Miejski \u2013 formalny w\u0142a\u015bciciel pojazdu \u2013 stwierdzi\u0142, \u017ce naprawa Stara jest ju\u017c ekonomicznie nieop\u0142acalna i poleci\u0142 auto wycofa\u0107 ze s\u0142u\u017cby. W\u0142a\u015bciwie by\u0142a by to normalna rzecz, wszystko w \u017cyciu kiedy\u015b si\u0119 zu\u017cyje. Jest jednak jeszcze pewna sprawa, w kontek\u015bcie kt\u00f3rej wycofanie z u\u017cytkowania Stara, staje si\u0119 ju\u017c nie tak do ko\u0144ca b\u0142ah\u0105 rzecz\u0105. Ot\u00f3\u017c drugi z posiadanych przez OSP Czch\u00f3w samochod\u00f3w ga\u015bniczych czyli 26-letni (!) JELCZ, tak\u017ce jest niesprawny. (!!!) W nim z kolei wysiad\u0142a autopompa, a i hamulce nie do ko\u0144ca dzia\u0142aj\u0105 tak jak trzeba. Do dyspozycji fajerman\u00f3w pozosta\u0142o wi\u0119c tylko ratownicze IVECO, kt\u00f3re doskonale nadaje si\u0119 do akcji przy np. wypadkach drogowych, ale znacznie ju\u017c mniej do gaszenia po\u017car\u00f3w, bo posiada jedynie 1000 litrowy zbiornik na wod\u0119. Tak\u0105 ilo\u015bci\u0105 mo\u017cna by zagasi\u0107 jakie\u015b niewielkie ognisko ale ju\u017c do np. p\u0142on\u0105cego budynku lepiej aby si\u0119 IVECO nawet nie zbli\u017ca\u0142o. I co teraz? Ano wielka niewiadoma. .<\/p>\n<p>\u017beby by\u0142o jeszcze ciekawiej, OSP Czch\u00f3w, opr\u00f3cz tego, \u017ce przynale\u017cy \u2013 od samego pocz\u0105tku jego istnienia \u2013 do Krajowego Systemu Ratowniczo Ga\u015bniczego, to jeszcze wchodzi w sk\u0142ad Ma\u0142opolskiej Kompanii Odwodowej w Tarnowie. Czym teraz wyjedzie na wezwanie w razie jakiego\u015b powa\u017cnego zdarzenia? No chyba pozostaje tylko traktor i beczka asenizacyjna, bo zabierze du\u017co wi\u0119cej wody ni\u017c 1000 litrowe IVECO. \u017bal, rozgoryczenie i zniech\u0119cenie wobec takiego traktowania spraw zwi\u0105zanych z bezpiecze\u0144stwem oraz ludzi, kt\u00f3rzy o to bezpiecze\u0144stwo ca\u0142kiem dobrowolnie i spo\u0142ecznie dbaj\u0105, s\u0105 w\u015br\u00f3d czchowskich ochotnik\u00f3w ogromne i uzasadnione. Czy zast\u0105pi je satysfakcja i zadowolenie z nowego sprz\u0119t? Czas poka\u017ce.<\/p>\n<p>TTKW<\/p>\n","protected":false},"excerpt":{"rendered":"<p>Ale nie w Czchowie i nie ga\u015bniczym Starem 244. W\u0142a\u015bnie zako\u0144czy\u0142 on ju\u017c sw\u00f3j s\u0142u\u017cbowy \u017cywot, a ch\u0142opaki z czchowskiej OSP wymontowali z niego ca\u0142e bojowe wyposa\u017cenie, z nadziej\u0105, \u017ce przyda si\u0119 dla jego nast\u0119pcy.<\/p>\n","protected":false},"author":1,"featured_media":1328,"comment_status":"open","ping_status":"open","sticky":false,"template":"","format":"standard","meta":{"tdm_status":"","tdm_grid_status":"","footnotes":""},"categories":[10],"tags":[],"class_list":{"0":"post-1327","1":"post","2":"type-post","3":"status-publish","4":"format-standard","5":"has-post-thumbnail","7":"category-wydarzenia"},"yoast_head":"<!-- This site is optimized with the Yoast SEO plugin v22.2 - https:\/\/yoast.com\/wordpress\/plugins\/seo\/ -->\n<title>Jedzie, Jedzie Stra\u017c Ogniowa\u2026 Ale Nie W Czchowie\u2026 - \u017bycie Brzeska<\/title>\n<meta name=\"robots\" content=\"index, follow, max-snippet:-1, max-image-preview:large, max-video-preview:-1\" \/>\n<link rel=\"canonical\" href=\"https:\/\/zyciebrzeska.pl\/?p=1327\" \/>\n<meta property=\"og:locale\" content=\"pl_PL\" \/>\n<meta property=\"og:type\" content=\"article\" \/>\n<meta property=\"og:title\" content=\"Jedzie, Jedzie Stra\u017c Ogniowa\u2026 Ale Nie W Czchowie\u2026 - \u017bycie Brzeska\" \/>\n<meta property=\"og:description\" content=\"Ale nie w Czchowie i nie ga\u015bniczym Starem 244. W\u0142a\u015bnie zako\u0144czy\u0142 on ju\u017c sw\u00f3j s\u0142u\u017cbowy \u017cywot, a ch\u0142opaki z czchowskiej OSP wymontowali z niego ca\u0142e bojowe wyposa\u017cenie, z nadziej\u0105, \u017ce przyda si\u0119 dla jego nast\u0119pcy.\" \/>\n<meta property=\"og:url\" content=\"https:\/\/zyciebrzeska.pl\/?p=1327\" \/>\n<meta property=\"og:site_name\" content=\"\u017bycie Brzeska\" \/>\n<meta property=\"article:publisher\" content=\"https:\/\/www.facebook.com\/brzeskoinfo\" \/>\n<meta property=\"article:published_time\" content=\"2018-11-09T10:37:51+00:00\" \/>\n<meta property=\"og:image\" content=\"https:\/\/zyciebrzeska.pl\/wp-content\/uploads\/2018\/11\/SAM_0002.jpg\" \/>\n\t<meta property=\"og:image:width\" content=\"800\" \/>\n\t<meta property=\"og:image:height\" content=\"600\" \/>\n\t<meta property=\"og:image:type\" content=\"image\/jpeg\" \/>\n<meta name=\"author\" content=\"Redaktor\" \/>\n<meta name=\"twitter:card\" content=\"summary_large_image\" \/>\n<meta name=\"twitter:label1\" content=\"Napisane przez\" \/>\n\t<meta name=\"twitter:data1\" content=\"Redaktor\" \/>\n\t<meta name=\"twitter:label2\" content=\"Szacowany czas czytania\" \/>\n\t<meta name=\"twitter:data2\" content=\"2 minuty\" \/>\n<script type=\"application\/ld+json\" class=\"yoast-schema-graph\">{\"@context\":\"https:\/\/schema.org\",\"@graph\":[{\"@type\":\"Article\",\"@id\":\"https:\/\/zyciebrzeska.pl\/?p=1327#article\",\"isPartOf\":{\"@id\":\"https:\/\/zyciebrzeska.pl\/?p=1327\"},\"author\":{\"name\":\"Redaktor\",\"@id\":\"https:\/\/zyciebrzeska.pl\/#\/schema\/person\/4da1e536b1da05972f13052ec6594aff\"},\"headline\":\"Jedzie, Jedzie Stra\u017c Ogniowa\u2026 Ale Nie W Czchowie\u2026\",\"datePublished\":\"2018-11-09T10:37:51+00:00\",\"dateModified\":\"2018-11-09T10:37:51+00:00\",\"mainEntityOfPage\":{\"@id\":\"https:\/\/zyciebrzeska.pl\/?p=1327\"},\"wordCount\":443,\"commentCount\":0,\"publisher\":{\"@id\":\"https:\/\/zyciebrzeska.pl\/#organization\"},\"image\":{\"@id\":\"https:\/\/zyciebrzeska.pl\/?p=1327#primaryimage\"},\"thumbnailUrl\":\"https:\/\/zyciebrzeska.pl\/wp-content\/uploads\/2018\/11\/SAM_0002.jpg\",\"articleSection\":[\"Wydarzenia\"],\"inLanguage\":\"pl-PL\",\"potentialAction\":[{\"@type\":\"CommentAction\",\"name\":\"Comment\",\"target\":[\"https:\/\/zyciebrzeska.pl\/?p=1327#respond\"]}]},{\"@type\":\"WebPage\",\"@id\":\"https:\/\/zyciebrzeska.pl\/?p=1327\",\"url\":\"https:\/\/zyciebrzeska.pl\/?p=1327\",\"name\":\"Jedzie, Jedzie Stra\u017c Ogniowa\u2026 Ale Nie W Czchowie\u2026 - \u017bycie Brzeska\",\"isPartOf\":{\"@id\":\"https:\/\/zyciebrzeska.pl\/#website\"},\"primaryImageOfPage\":{\"@id\":\"https:\/\/zyciebrzeska.pl\/?p=1327#primaryimage\"},\"image\":{\"@id\":\"https:\/\/zyciebrzeska.pl\/?p=1327#primaryimage\"},\"thumbnailUrl\":\"https:\/\/zyciebrzeska.pl\/wp-content\/uploads\/2018\/11\/SAM_0002.jpg\",\"datePublished\":\"2018-11-09T10:37:51+00:00\",\"dateModified\":\"2018-11-09T10:37:51+00:00\",\"breadcrumb\":{\"@id\":\"https:\/\/zyciebrzeska.pl\/?p=1327#breadcrumb\"},\"inLanguage\":\"pl-PL\",\"potentialAction\":[{\"@type\":\"ReadAction\",\"target\":[\"https:\/\/zyciebrzeska.pl\/?p=1327\"]}]},{\"@type\":\"ImageObject\",\"inLanguage\":\"pl-PL\",\"@id\":\"https:\/\/zyciebrzeska.pl\/?p=1327#primaryimage\",\"url\":\"https:\/\/zyciebrzeska.pl\/wp-content\/uploads\/2018\/11\/SAM_0002.jpg\",\"contentUrl\":\"https:\/\/zyciebrzeska.pl\/wp-content\/uploads\/2018\/11\/SAM_0002.jpg\",\"width\":800,\"height\":600},{\"@type\":\"BreadcrumbList\",\"@id\":\"https:\/\/zyciebrzeska.pl\/?p=1327#breadcrumb\",\"itemListElement\":[{\"@type\":\"ListItem\",\"position\":1,\"name\":\"Home\",\"item\":\"https:\/\/zyciebrzeska.pl\/\"},{\"@type\":\"ListItem\",\"position\":2,\"name\":\"Jedzie, Jedzie Stra\u017c Ogniowa\u2026 Ale Nie W Czchowie\u2026\"}]},{\"@type\":\"WebSite\",\"@id\":\"https:\/\/zyciebrzeska.pl\/#website\",\"url\":\"https:\/\/zyciebrzeska.pl\/\",\"name\":\"\u017bycie Brzeska\",\"description\":\"Portal Ludzi Aktywnych\",\"publisher\":{\"@id\":\"https:\/\/zyciebrzeska.pl\/#organization\"},\"potentialAction\":[{\"@type\":\"SearchAction\",\"target\":{\"@type\":\"EntryPoint\",\"urlTemplate\":\"https:\/\/zyciebrzeska.pl\/?s={search_term_string}\"},\"query-input\":\"required name=search_term_string\"}],\"inLanguage\":\"pl-PL\"},{\"@type\":\"Organization\",\"@id\":\"https:\/\/zyciebrzeska.pl\/#organization\",\"name\":\"\u017bycie Brzeska\",\"url\":\"https:\/\/zyciebrzeska.pl\/\",\"logo\":{\"@type\":\"ImageObject\",\"inLanguage\":\"pl-PL\",\"@id\":\"https:\/\/zyciebrzeska.pl\/#\/schema\/logo\/image\/\",\"url\":\"https:\/\/server818677.nazwa.pl\/wordpress\/wpn_pierwszainstalacja\/wp-content\/uploads\/2023\/06\/admin-ajax.php-2.png\",\"contentUrl\":\"https:\/\/server818677.nazwa.pl\/wordpress\/wpn_pierwszainstalacja\/wp-content\/uploads\/2023\/06\/admin-ajax.php-2.png\",\"width\":400,\"height\":133,\"caption\":\"\u017bycie Brzeska\"},\"image\":{\"@id\":\"https:\/\/zyciebrzeska.pl\/#\/schema\/logo\/image\/\"},\"sameAs\":[\"https:\/\/www.facebook.com\/brzeskoinfo\"]},{\"@type\":\"Person\",\"@id\":\"https:\/\/zyciebrzeska.pl\/#\/schema\/person\/4da1e536b1da05972f13052ec6594aff\",\"name\":\"Redaktor\",\"image\":{\"@type\":\"ImageObject\",\"inLanguage\":\"pl-PL\",\"@id\":\"https:\/\/zyciebrzeska.pl\/#\/schema\/person\/image\/\",\"url\":\"https:\/\/secure.gravatar.com\/avatar\/9564c163e08185c7e0f7d0141ae3914237cf629898e8534b3dd06bb95817ae0b?s=96&d=mm&r=g\",\"contentUrl\":\"https:\/\/secure.gravatar.com\/avatar\/9564c163e08185c7e0f7d0141ae3914237cf629898e8534b3dd06bb95817ae0b?s=96&d=mm&r=g\",\"caption\":\"Redaktor\"},\"sameAs\":[\"http:\/\/zyciebrzeska.pl\"],\"url\":\"https:\/\/zyciebrzeska.pl\/?author=1\"}]}<\/script>\n<!-- \/ Yoast SEO plugin. -->","yoast_head_json":{"title":"Jedzie, Jedzie Stra\u017c Ogniowa\u2026 Ale Nie W Czchowie\u2026 - \u017bycie Brzeska","robots":{"index":"index","follow":"follow","max-snippet":"max-snippet:-1","max-image-preview":"max-image-preview:large","max-video-preview":"max-video-preview:-1"},"canonical":"https:\/\/zyciebrzeska.pl\/?p=1327","og_locale":"pl_PL","og_type":"article","og_title":"Jedzie, Jedzie Stra\u017c Ogniowa\u2026 Ale Nie W Czchowie\u2026 - \u017bycie Brzeska","og_description":"Ale nie w Czchowie i nie ga\u015bniczym Starem 244. W\u0142a\u015bnie zako\u0144czy\u0142 on ju\u017c sw\u00f3j s\u0142u\u017cbowy \u017cywot, a ch\u0142opaki z czchowskiej OSP wymontowali z niego ca\u0142e bojowe wyposa\u017cenie, z nadziej\u0105, \u017ce przyda si\u0119 dla jego nast\u0119pcy.","og_url":"https:\/\/zyciebrzeska.pl\/?p=1327","og_site_name":"\u017bycie Brzeska","article_publisher":"https:\/\/www.facebook.com\/brzeskoinfo","article_published_time":"2018-11-09T10:37:51+00:00","og_image":[{"width":800,"height":600,"url":"https:\/\/zyciebrzeska.pl\/wp-content\/uploads\/2018\/11\/SAM_0002.jpg","type":"image\/jpeg"}],"author":"Redaktor","twitter_card":"summary_large_image","twitter_misc":{"Napisane przez":"Redaktor","Szacowany czas czytania":"2 minuty"},"schema":{"@context":"https:\/\/schema.org","@graph":[{"@type":"Article","@id":"https:\/\/zyciebrzeska.pl\/?p=1327#article","isPartOf":{"@id":"https:\/\/zyciebrzeska.pl\/?p=1327"},"author":{"name":"Redaktor","@id":"https:\/\/zyciebrzeska.pl\/#\/schema\/person\/4da1e536b1da05972f13052ec6594aff"},"headline":"Jedzie, Jedzie Stra\u017c Ogniowa\u2026 Ale Nie W Czchowie\u2026","datePublished":"2018-11-09T10:37:51+00:00","dateModified":"2018-11-09T10:37:51+00:00","mainEntityOfPage":{"@id":"https:\/\/zyciebrzeska.pl\/?p=1327"},"wordCount":443,"commentCount":0,"publisher":{"@id":"https:\/\/zyciebrzeska.pl\/#organization"},"image":{"@id":"https:\/\/zyciebrzeska.pl\/?p=1327#primaryimage"},"thumbnailUrl":"https:\/\/zyciebrzeska.pl\/wp-content\/uploads\/2018\/11\/SAM_0002.jpg","articleSection":["Wydarzenia"],"inLanguage":"pl-PL","potentialAction":[{"@type":"CommentAction","name":"Comment","target":["https:\/\/zyciebrzeska.pl\/?p=1327#respond"]}]},{"@type":"WebPage","@id":"https:\/\/zyciebrzeska.pl\/?p=1327","url":"https:\/\/zyciebrzeska.pl\/?p=1327","name":"Jedzie, Jedzie Stra\u017c Ogniowa\u2026 Ale Nie W Czchowie\u2026 - \u017bycie Brzeska","isPartOf":{"@id":"https:\/\/zyciebrzeska.pl\/#website"},"primaryImageOfPage":{"@id":"https:\/\/zyciebrzeska.pl\/?p=1327#primaryimage"},"image":{"@id":"https:\/\/zyciebrzeska.pl\/?p=1327#primaryimage"},"thumbnailUrl":"https:\/\/zyciebrzeska.pl\/wp-content\/uploads\/2018\/11\/SAM_0002.jpg","datePublished":"2018-11-09T10:37:51+00:00","dateModified":"2018-11-09T10:37:51+00:00","breadcrumb":{"@id":"https:\/\/zyciebrzeska.pl\/?p=1327#breadcrumb"},"inLanguage":"pl-PL","potentialAction":[{"@type":"ReadAction","target":["https:\/\/zyciebrzeska.pl\/?p=1327"]}]},{"@type":"ImageObject","inLanguage":"pl-PL","@id":"https:\/\/zyciebrzeska.pl\/?p=1327#primaryimage","url":"https:\/\/zyciebrzeska.pl\/wp-content\/uploads\/2018\/11\/SAM_0002.jpg","contentUrl":"https:\/\/zyciebrzeska.pl\/wp-content\/uploads\/2018\/11\/SAM_0002.jpg","width":800,"height":600},{"@type":"BreadcrumbList","@id":"https:\/\/zyciebrzeska.pl\/?p=1327#breadcrumb","itemListElement":[{"@type":"ListItem","position":1,"name":"Home","item":"https:\/\/zyciebrzeska.pl\/"},{"@type":"ListItem","position":2,"name":"Jedzie, Jedzie Stra\u017c Ogniowa\u2026 Ale Nie W Czchowie\u2026"}]},{"@type":"WebSite","@id":"https:\/\/zyciebrzeska.pl\/#website","url":"https:\/\/zyciebrzeska.pl\/","name":"\u017bycie Brzeska","description":"Portal Ludzi Aktywnych","publisher":{"@id":"https:\/\/zyciebrzeska.pl\/#organization"},"potentialAction":[{"@type":"SearchAction","target":{"@type":"EntryPoint","urlTemplate":"https:\/\/zyciebrzeska.pl\/?s={search_term_string}"},"query-input":"required name=search_term_string"}],"inLanguage":"pl-PL"},{"@type":"Organization","@id":"https:\/\/zyciebrzeska.pl\/#organization","name":"\u017bycie Brzeska","url":"https:\/\/zyciebrzeska.pl\/","logo":{"@type":"ImageObject","inLanguage":"pl-PL","@id":"https:\/\/zyciebrzeska.pl\/#\/schema\/logo\/image\/","url":"https:\/\/server818677.nazwa.pl\/wordpress\/wpn_pierwszainstalacja\/wp-content\/uploads\/2023\/06\/admin-ajax.php-2.png","contentUrl":"https:\/\/server818677.nazwa.pl\/wordpress\/wpn_pierwszainstalacja\/wp-content\/uploads\/2023\/06\/admin-ajax.php-2.png","width":400,"height":133,"caption":"\u017bycie Brzeska"},"image":{"@id":"https:\/\/zyciebrzeska.pl\/#\/schema\/logo\/image\/"},"sameAs":["https:\/\/www.facebook.com\/brzeskoinfo"]},{"@type":"Person","@id":"https:\/\/zyciebrzeska.pl\/#\/schema\/person\/4da1e536b1da05972f13052ec6594aff","name":"Redaktor","image":{"@type":"ImageObject","inLanguage":"pl-PL","@id":"https:\/\/zyciebrzeska.pl\/#\/schema\/person\/image\/","url":"https:\/\/secure.gravatar.com\/avatar\/9564c163e08185c7e0f7d0141ae3914237cf629898e8534b3dd06bb95817ae0b?s=96&d=mm&r=g","contentUrl":"https:\/\/secure.gravatar.com\/avatar\/9564c163e08185c7e0f7d0141ae3914237cf629898e8534b3dd06bb95817ae0b?s=96&d=mm&r=g","caption":"Redaktor"},"sameAs":["http:\/\/zyciebrzeska.pl"],"url":"https:\/\/zyciebrzeska.pl\/?author=1"}]}},"_links":{"self":[{"href":"https:\/\/zyciebrzeska.pl\/index.php?rest_route=\/wp\/v2\/posts\/1327","targetHints":{"allow":["GET"]}}],"collection":[{"href":"https:\/\/zyciebrzeska.pl\/index.php?rest_route=\/wp\/v2\/posts"}],"about":[{"href":"https:\/\/zyciebrzeska.pl\/index.php?rest_route=\/wp\/v2\/types\/post"}],"author":[{"embeddable":true,"href":"https:\/\/zyciebrzeska.pl\/index.php?rest_route=\/wp\/v2\/users\/1"}],"replies":[{"embeddable":true,"href":"https:\/\/zyciebrzeska.pl\/index.php?rest_route=%2Fwp%2Fv2%2Fcomments&post=1327"}],"version-history":[{"count":0,"href":"https:\/\/zyciebrzeska.pl\/index.php?rest_route=\/wp\/v2\/posts\/1327\/revisions"}],"wp:featuredmedia":[{"embeddable":true,"href":"https:\/\/zyciebrzeska.pl\/index.php?rest_route=\/wp\/v2\/media\/1328"}],"wp:attachment":[{"href":"https:\/\/zyciebrzeska.pl\/index.php?rest_route=%2Fwp%2Fv2%2Fmedia&parent=1327"}],"wp:term":[{"taxonomy":"category","embeddable":true,"href":"https:\/\/zyciebrzeska.pl\/index.php?rest_route=%2Fwp%2Fv2%2Fcategories&post=1327"},{"taxonomy":"post_tag","embeddable":true,"href":"https:\/\/zyciebrzeska.pl\/index.php?rest_route=%2Fwp%2Fv2%2Ftags&post=1327"}],"curies":[{"name":"wp","href":"https:\/\/api.w.org\/{rel}","templated":true}]}}